{"id":10822,"date":"2014-04-23T21:01:11","date_gmt":"2014-04-23T18:01:11","guid":{"rendered":"http:\/\/infois.ro\/?p=10822"},"modified":"2014-04-23T21:01:11","modified_gmt":"2014-04-23T18:01:11","slug":"dalkia-termo-iasi-a-sistat-furnizarea-caldurii-in-apartamente","status":"publish","type":"post","link":"http:\/\/infois.ro\/?p=10822","title":{"rendered":"Dalkia Termo Ia\u0219i a sistat furnizarea c\u0103ldurii \u00een apartamente"},"content":{"rendered":"<p style=\"text-align: justify;\"><a class=\"highslide\" onclick=\"return vz.expand(this)\" href=\"http:\/\/infois.ro\/wp-content\/uploads\/2014\/04\/termoficare1.jpg\"><img loading=\"lazy\" decoding=\"async\" class=\"alignleft size-large wp-image-10823\" title=\"termoficare\" src=\"http:\/\/infois.ro\/wp-content\/uploads\/cache\/2014\/04\/termoficare1\/3871552668.jpg\" alt=\"\" width=\"640\" height=\"379\" \/><\/a><\/p>\n<p style=\"text-align: justify;\">Ca urmare a temperaturilor \u00eenregistrate \u00een ultimele trei nop\u021bi \u00een intervalul orar 18.00 \u2013 06.00 \u0219i a celor anun\u021bate pentru urm\u0103toarele zile, sezonul de \u00eenc\u0103lzire 2013 &#8211; 2014 s-a \u00eencheiat \u00een mod oficial miercuri 23 aprilie. \u201dSper\u0103m c\u0103 serviciile pe care le-am oferit \u00een aceast\u0103 iarn\u0103 s-au ridicat la un nivel ridicat de calitate \u0219i continuitate \u0219i \u00eei asigur\u0103m pe ie\u0219eni c\u0103 \u00een acest extrasezon (aprilie &#8211; octombrie 2014) vom continua lucr\u0103rile de repara\u021bii, investi\u021bii, moderniz\u0103ri \u0219i reabilit\u0103ri, pentru a le putea oferi \u00een urm\u0103toarea iarn\u0103 un grad de confort termic ridicat\u201d, se precizeaz\u0103 \u00eentr-un comunicat de pres\u0103 al Dalkia Termo Ia\u0219i, semnat de Ana Maria Ic\u0103toiu, directorul comercial al acestei companii. Potrivit acesteia, primele lucr\u0103ri de anvergur\u0103 programate \u00een acest an, la Ia\u0219i, sunt cele derulate pe proiectul european de c\u0103tre Prim\u0103ria pe Magistrala 2 de termoficare, ce vor \u00eencepe \u00een urm\u0103toarele zile pe strada Sm\u00e2rdan.<\/p>\n","protected":false},"excerpt":{"rendered":"<p>Ca urmare a temperaturilor \u00eenregistrate \u00een ultimele trei nop\u021bi \u00een intervalul orar 18.00 \u2013 06.00&#8230; <a class=\"meta-more\" href=\"http:\/\/infois.ro\/?p=10822\">more <span class=\"meta-nav\">&raquo;<\/span><\/a><\/p>\n","protected":false},"author":2,"featured_media":10823,"comment_status":"open","ping_status":"closed","sticky":false,"template":"","format":"standard","meta":{"footnotes":""},"categories":[6,41],"tags":[74,3508,494,40,1583,4666,493],"aioseo_notices":[],"_links":{"self":[{"href":"http:\/\/infois.ro\/index.php?rest_route=\/wp\/v2\/posts\/10822"}],"collection":[{"href":"http:\/\/infois.ro\/index.php?rest_route=\/wp\/v2\/posts"}],"about":[{"href":"http:\/\/infois.ro\/index.php?rest_route=\/wp\/v2\/types\/post"}],"author":[{"embeddable":true,"href":"http:\/\/infois.ro\/index.php?rest_route=\/wp\/v2\/users\/2"}],"replies":[{"embeddable":true,"href":"http:\/\/infois.ro\/index.php?rest_route=%2Fwp%2Fv2%2Fcomments&post=10822"}],"version-history":[{"count":2,"href":"http:\/\/infois.ro\/index.php?rest_route=\/wp\/v2\/posts\/10822\/revisions"}],"predecessor-version":[{"id":10825,"href":"http:\/\/infois.ro\/index.php?rest_route=\/wp\/v2\/posts\/10822\/revisions\/10825"}],"wp:featuredmedia":[{"embeddable":true,"href":"http:\/\/infois.ro\/index.php?rest_route=\/wp\/v2\/media\/10823"}],"wp:attachment":[{"href":"http:\/\/infois.ro\/index.php?rest_route=%2Fwp%2Fv2%2Fmedia&parent=10822"}],"wp:term":[{"taxonomy":"category","embeddable":true,"href":"http:\/\/infois.ro\/index.php?rest_route=%2Fwp%2Fv2%2Fcategories&post=10822"},{"taxonomy":"post_tag","embeddable":true,"href":"http:\/\/infois.ro\/index.php?rest_route=%2Fwp%2Fv2%2Ftags&post=10822"}],"curies":[{"name":"wp","href":"https:\/\/api.w.org\/{rel}","templated":true}]}}