{"id":17142,"date":"2015-04-22T16:04:09","date_gmt":"2015-04-22T13:04:09","guid":{"rendered":"http:\/\/infois.ro\/?p=17142"},"modified":"2015-04-22T16:04:09","modified_gmt":"2015-04-22T13:04:09","slug":"semimaraton-iasi-2015-eveniment-caritabil-pentru-sprijinirea-elevilor-din-mediul-rural","status":"publish","type":"post","link":"http:\/\/infois.ro\/?p=17142","title":{"rendered":"\u201dSemimaraton Ia\u0219i\u201d 2015, eveniment caritabil pentru sprijinirea elevilor din mediul rural"},"content":{"rendered":"<p style=\"text-align: justify;\"><a href=\"http:\/\/infois.ro\/wp-content\/uploads\/2015\/04\/maraton.jpg\"><img loading=\"lazy\" decoding=\"async\" class=\"alignleft  wp-image-17143\" src=\"http:\/\/infois.ro\/wp-content\/uploads\/2015\/04\/maraton.jpg\" alt=\"maraton\" width=\"377\" height=\"122\" srcset=\"http:\/\/infois.ro\/wp-content\/uploads\/2015\/04\/maraton.jpg 600w, http:\/\/infois.ro\/wp-content\/uploads\/2015\/04\/maraton-300x97.jpg 300w\" sizes=\"(max-width: 377px) 100vw, 377px\" \/><\/a><\/p>\n<p style=\"text-align: justify;\">\u00cen organizarea Clubului Rotary Copou, duminic\u0103, 26 aprilie, la Ia\u0219i va fi organizat, \u00een premier\u0103 \u00een regiunea Moldovei, evenimentul caritabil \u201dSemimaraton Ia\u0219i\u201d 2015. \u00a0Evenimentul, care va avea loc \u00eencep\u00e2nd cu ora 9.00, \u00een fa\u021ba Palatului Culturii, este organizat cu sprijinul Prim\u0103riei municipiului Ia\u015fi \u015fi a Inspectoratului \u015ecolar Jude\u0163ean Ia\u015fi, \u00een parteneriat cu cluburile Rotary Ia\u015fi, Rotary Ia\u015fi 2000 \u0219i Rotary Curtea Domneasc\u0103. \u201dOrganizarea unei curse de semimaraton la Ia\u015fi reprezint\u0103 o premier\u0103 pentru ora\u015ful Ia\u015fi \u015fi pentru regiunea Moldovei. Semimaratonul Ia\u015fi 2015 este o competi\u0163ie sportiv\u0103 caritabil\u0103, ce sus\u0163ine cauza Funda\u0163iei Proruralis din Ia\u015fi, organiza\u0163ie ce ofer\u0103 burse pentru elevii din mediul rural, cu un coeficient de inteligen\u0163\u0103 superior, ce provin din familii defavorizate. Fiecare kilometru alergat la Semimaratonul Ia\u015fi poate \u00eensemna \u00eenc\u0103 o zi de \u015fcoal\u0103 pentru un copil din mediul rural\u201d, a declarat Cornel Scripc\u0103, pre\u015fedintele Rotary Club Ia\u015fi Copou.<\/p>\n","protected":false},"excerpt":{"rendered":"<p>\u00cen organizarea Clubului Rotary Copou, duminic\u0103, 26 aprilie, la Ia\u0219i va fi organizat, \u00een premier\u0103&#8230; <a class=\"meta-more\" href=\"http:\/\/infois.ro\/?p=17142\">more <span class=\"meta-nav\">&raquo;<\/span><\/a><\/p>\n","protected":false},"author":2,"featured_media":17143,"comment_status":"open","ping_status":"closed","sticky":false,"template":"","format":"standard","meta":{"footnotes":""},"categories":[12],"tags":[4600,6986,89,40,6985],"aioseo_notices":[],"_links":{"self":[{"href":"http:\/\/infois.ro\/index.php?rest_route=\/wp\/v2\/posts\/17142"}],"collection":[{"href":"http:\/\/infois.ro\/index.php?rest_route=\/wp\/v2\/posts"}],"about":[{"href":"http:\/\/infois.ro\/index.php?rest_route=\/wp\/v2\/types\/post"}],"author":[{"embeddable":true,"href":"http:\/\/infois.ro\/index.php?rest_route=\/wp\/v2\/users\/2"}],"replies":[{"embeddable":true,"href":"http:\/\/infois.ro\/index.php?rest_route=%2Fwp%2Fv2%2Fcomments&post=17142"}],"version-history":[{"count":1,"href":"http:\/\/infois.ro\/index.php?rest_route=\/wp\/v2\/posts\/17142\/revisions"}],"predecessor-version":[{"id":17144,"href":"http:\/\/infois.ro\/index.php?rest_route=\/wp\/v2\/posts\/17142\/revisions\/17144"}],"wp:featuredmedia":[{"embeddable":true,"href":"http:\/\/infois.ro\/index.php?rest_route=\/wp\/v2\/media\/17143"}],"wp:attachment":[{"href":"http:\/\/infois.ro\/index.php?rest_route=%2Fwp%2Fv2%2Fmedia&parent=17142"}],"wp:term":[{"taxonomy":"category","embeddable":true,"href":"http:\/\/infois.ro\/index.php?rest_route=%2Fwp%2Fv2%2Fcategories&post=17142"},{"taxonomy":"post_tag","embeddable":true,"href":"http:\/\/infois.ro\/index.php?rest_route=%2Fwp%2Fv2%2Ftags&post=17142"}],"curies":[{"name":"wp","href":"https:\/\/api.w.org\/{rel}","templated":true}]}}