{"id":18256,"date":"2015-06-24T09:48:31","date_gmt":"2015-06-24T06:48:31","guid":{"rendered":"http:\/\/infois.ro\/?p=18256"},"modified":"2015-06-24T09:48:31","modified_gmt":"2015-06-24T06:48:31","slug":"regiunea-de-dezvoltare-nord-est-pe-primul-loc-pe-tara-la-atragerea-fondurilor-europene-nerambursabile","status":"publish","type":"post","link":"http:\/\/infois.ro\/?p=18256","title":{"rendered":"Regiunea de Dezvoltare Nord-Est, pe primul loc pe \u021bar\u0103 la atragerea fondurilor europene nerambursabile"},"content":{"rendered":"<p style=\"text-align: justify;\"><a href=\"http:\/\/infois.ro\/wp-content\/uploads\/2015\/06\/fonduri-regio.jpg\"><img loading=\"lazy\" decoding=\"async\" class=\"alignleft  wp-image-18257\" src=\"http:\/\/infois.ro\/wp-content\/uploads\/2015\/06\/fonduri-regio.jpg\" alt=\"fonduri regio\" width=\"375\" height=\"281\" srcset=\"http:\/\/infois.ro\/wp-content\/uploads\/2015\/06\/fonduri-regio.jpg 640w, http:\/\/infois.ro\/wp-content\/uploads\/2015\/06\/fonduri-regio-300x225.jpg 300w\" sizes=\"(max-width: 375px) 100vw, 375px\" \/><\/a><\/p>\n<p style=\"text-align: justify;\">\u00cen organizarea Agen\u0163iei pentru Dezvoltare Regional\u0103 Nord-Est (ADRNE), la Piatra Neam\u021b a avut loc, mar\u021bi, Conferin\u021ba regional\u0103 \u201cREGIO \u00een Nord &#8211; Est-ul Rom\u00e2niei-misiune \u00eendeplinit\u0103\u201d. Evenimentul, care s-a desf\u0103\u0219urat \u00een Sala \u201dMilenium\u201d din cadrul Complexului \u201dCentral Plaza\u201d, a constituit un foarte bun prilej pentru reprezentan\u021bii autorit\u0103\u021bilor locale din RDNE de a afla ultimele informa\u0163ii privind derularea Programului Opera\u0163ional Regional (POR) la nivelul Regiunii de Nord \u2013 Est \u0219i beneficiile ob\u021binute p\u00e2n\u0103 acum prin implementarea asisten\u021bei financiare nerambursabile, despre rolul pe care acest program l-a avut \u00een dezvoltarea local\u0103 \u0219i regional\u0103, dar \u0219i reperele privind finan\u021b\u0103rile ce urmeaz\u0103 a fi lansate \u00een cadrul POR. Pentru c\u0103 modelele de bun\u0103 practic\u0103 au, pe l\u00e2ng\u0103 caracterul demonstrativ \u0219i un efect motiva\u021bional, agenda a inclus \u015fi c\u00e2teva prezent\u0103ri ale unor proiecte de succes, care demonstreaz\u0103 cum a contribuit REGIO, \u00een mod concret, la dezvoltarea Regiunii de Nord-Est. Astfel, cei prezen\u021bi au avut ocazia s\u0103 afle chiar de la coordonatorii investi\u021biilor o parte din rezultatele implement\u0103rii REGIO \u00een domeniile: s\u0103n\u0103tate, eficien\u021b\u0103 energetic\u0103 \u0219i restaurarea patrimoniului cultural. \u201cNe men\u021binem pe prima pozi\u021bie la nivel na\u021bional din punct de vedere al gradului de absorb\u021bie, cu un procent de peste 70% de utilizare a fondurilor REGIO, reprezent\u00e2nd 493 milioane euro rambursate din alocarea pe regiune. Mai presus de clasamente, \u00eens\u0103, preocuparea noastr\u0103 este aceea de a \u00eenchide \u00een cele mai bune condi\u021bii acest exerci\u021biu financiar, fructific\u00e2nd la maximum resursele \u0219i respect\u00e2nd termenele limit\u0103 impuse de Comisia European\u0103. \u0218i \u00een cadrul acestui eveniment, fac un apel la beneficiarii no\u0219tri, pentru a colabora \u0219i a ne sprijini reciproc \u00een acest demers, cu responsabilit\u0103\u021bile ce ne revin fiec\u0103rei p\u0103r\u021bi. Pentru viitor, ne propunem ca experien\u021ba dob\u00e2ndit\u0103 \u00een perioada 2007-2013, \u00eempreun\u0103 cu lec\u021biile \u00eenv\u0103\u021bate, cu modelele de bun\u0103 practic\u0103 , dar \u0219i cu aspectele de \u00eembun\u0103t\u0103\u021bit, s\u0103 ne ajute s\u0103 avem o abordare pragmatic\u0103 asupra implement\u0103rii POR 2014-2020. Programul este unul complex, cu multe domenii de investi\u021bii vizate, cu reglement\u0103ri riguroase, dar sper\u0103m ca la finalul lui, valoarea ad\u0103ugat\u0103 la nivel regional va fi evident\u0103,\u201d a declarat Vasile Asandei, Directorul General al ADRNE. Programul Opera\u021bional Regional (POR) 2014-2020 pentru Rom\u00e2nia, \u00een valoare de 8,2 miliarde euro, din care 6,7 miliarde euro provin din Fondul European de Dezvoltare Regional\u0103 \u0219i 1,55 miliarde euro contribu\u021bia na\u021bional\u0103, va fi semnat mar\u021bi, 23 iunie, la Bruxelles, de c\u0103tre comisarul european pentru politici regionale, Corina Cre\u021bu, \u00eempreun\u0103 cu ministrul Dezvolt\u0103rii Regionale \u0219i Administra\u021biei Publice, Sevil Shhaideh, Programul Opera\u021bional Regional (POR) pentru Rom\u00e2nia este unul dintre cele mai mari programe de investi\u021bii din Uniunea European\u0103, printre obiectivele acestuia num\u0103r\u00e2ndu-se sprijinirea \u00eentreprinderilor mici \u0219i mijlocii, facilitarea unui acces mai bun la servicii sociale, comunitare \u0219i de s\u0103n\u0103tate, investi\u021bii\u00a0pentru \u00eembun\u0103t\u0103\u021birea calitat\u0103\u021bii vie\u021bii la ora\u0219, pentru crearea \u0219i amenajarea de spa\u021bii verzi, pentru un transport accesibil \u0219i curat \u0219i pentru dezvoltarea zonelor urbane defavorizate. Programul va sprijini, de asemenea, includerea comunit\u0103\u021bilor marginalizate \u0219i adaptarea educa\u021biei \u0219i a form\u0103rilor profesionale la nevoile pie\u021bei de munc\u0103. Un accent special va fi pus pe cre\u0219terea eficien\u021bei energetice a cl\u0103dirilor, pentru a contribui \u00een mod semnificativ la tranzi\u021bia c\u0103tre o economie cu emisii sc\u0103zute de dioxid de carbon.<\/p>\n","protected":false},"excerpt":{"rendered":"<p>\u00cen organizarea Agen\u0163iei pentru Dezvoltare Regional\u0103 Nord-Est (ADRNE), la Piatra Neam\u021b a avut loc, mar\u021bi,&#8230; <a class=\"meta-more\" href=\"http:\/\/infois.ro\/?p=18256\">more <span class=\"meta-nav\">&raquo;<\/span><\/a><\/p>\n","protected":false},"author":2,"featured_media":18257,"comment_status":"open","ping_status":"closed","sticky":false,"template":"","format":"standard","meta":{"footnotes":""},"categories":[6,41],"tags":[74,7254,395,40,1583],"aioseo_notices":[],"_links":{"self":[{"href":"http:\/\/infois.ro\/index.php?rest_route=\/wp\/v2\/posts\/18256"}],"collection":[{"href":"http:\/\/infois.ro\/index.php?rest_route=\/wp\/v2\/posts"}],"about":[{"href":"http:\/\/infois.ro\/index.php?rest_route=\/wp\/v2\/types\/post"}],"author":[{"embeddable":true,"href":"http:\/\/infois.ro\/index.php?rest_route=\/wp\/v2\/users\/2"}],"replies":[{"embeddable":true,"href":"http:\/\/infois.ro\/index.php?rest_route=%2Fwp%2Fv2%2Fcomments&post=18256"}],"version-history":[{"count":1,"href":"http:\/\/infois.ro\/index.php?rest_route=\/wp\/v2\/posts\/18256\/revisions"}],"predecessor-version":[{"id":18258,"href":"http:\/\/infois.ro\/index.php?rest_route=\/wp\/v2\/posts\/18256\/revisions\/18258"}],"wp:featuredmedia":[{"embeddable":true,"href":"http:\/\/infois.ro\/index.php?rest_route=\/wp\/v2\/media\/18257"}],"wp:attachment":[{"href":"http:\/\/infois.ro\/index.php?rest_route=%2Fwp%2Fv2%2Fmedia&parent=18256"}],"wp:term":[{"taxonomy":"category","embeddable":true,"href":"http:\/\/infois.ro\/index.php?rest_route=%2Fwp%2Fv2%2Fcategories&post=18256"},{"taxonomy":"post_tag","embeddable":true,"href":"http:\/\/infois.ro\/index.php?rest_route=%2Fwp%2Fv2%2Ftags&post=18256"}],"curies":[{"name":"wp","href":"https:\/\/api.w.org\/{rel}","templated":true}]}}