{"id":218,"date":"2012-05-19T07:37:49","date_gmt":"2012-05-19T04:37:49","guid":{"rendered":"http:\/\/infois.ro\/?p=218"},"modified":"2012-05-20T15:06:16","modified_gmt":"2012-05-20T12:06:16","slug":"sesiunea-speciala-a-examenului-de-bacalaureat-pentru-elevii-componenti-ai-loturilor-olimpice","status":"publish","type":"post","link":"http:\/\/infois.ro\/?p=218","title":{"rendered":"Sesiunea special\u0103 a examenului de bacalaureat pentru elevii componen\u0163i ai loturilor olimpice"},"content":{"rendered":"<p><strong><a href=\"http:\/\/infois.ro\/wp-content\/uploads\/2012\/05\/bacalaureat.jpg\"><img loading=\"lazy\" decoding=\"async\" title=\"bacalaureat\" src=\"http:\/\/infois.ro\/wp-content\/uploads\/2012\/05\/bacalaureat.jpg\" alt=\"\" width=\"500\" height=\"297\" \/><\/a>Colegiul Na\u0163ional Pedagogic \u201e\u015etefan cel Mare\u201d \u015fi <strong>Colegiul Tehnic de Comunica\u0163ii \u201eNicolae Vasilescu &#8211; Karpen\u201d<\/strong>\u00a0din Bac\u0103u vor g\u0103zdui, \u00een perioada 19 mai &#8211; 1 iunie, sesiunea special\u0103 a examenului de bacalaureat<\/strong>\u00a0pentru\u00a0absolven\u0163ii de liceu participan\u0163i la loturile na\u0163ionale l\u0103rgite ce se preg\u0103tesc pentru olimpiadele \u015fi concursurile interna\u0163ionale sportive sau pe discipline.<\/p>\n<p>Pentru aceast\u0103 sesiune, sunt eligibili 929 de elevi de clasa a XII-a afla\u0163i \u00een preg\u0103tire sau proces de selec\u0163ie pentru alc\u0103tuirea echipelor care vor reprezenta Rom\u00e2nia at\u00e2t la olimpiadele interna\u0163ionale pe discipline, c\u00e2t \u015fi la diverse competi\u0163ii sportive (campionate europene sau mondiale de juniori etc.)<\/p>\n<p><strong>\u00censcrierea candida\u0163ilor va avea loc \u00een perioada 19-20 mai.\u00a0<\/strong>Probele de evaluare a competen\u0163elor stabilite de metodologia de organizare \u015fi desf\u0103\u015furare a examenului de Bacalaureat se vor desf\u0103\u015fura astfel:\u00a0<strong>21-22 mai &#8211; evaluarea competen\u0163elor lingvistice de comunicare oral\u0103 \u00een limba rom\u00e2n\u0103\/limba matern\u0103, 23-24 mai &#8211; evaluarea competen\u0163elor digitale, respectiv 24-25 mai\u00a0<\/strong>&#8211;\u00a0<strong>evaluarea competen\u0163elor lingvistice \u00eentr-o limb\u0103 de circula\u0163ie interna\u0163ional\u0103.<\/strong>\u00a0Probele scrise vor avea loc dup\u0103 urm\u0103torul calendar:\u00a0<strong>28 mai (limba \u015fi literatura rom\u00e2n\u0103), 29 mai\u00a0(proba obligatorie a profilului),\u00a030 mai (proba la alegere a profilului \u015fi specializ\u0103rii),\u00a031 mai (limba \u015fi literatura matern\u0103). Afi\u015farea primelor rezultate este prev\u0103zut\u0103 pentru data de 31 mai (p\u00e2n\u0103 la ora 18.00), iar\u00a0depunerea contesta\u0163iilor \u00een cursul aceleia\u015fi zile, \u00een intervalul orar 18.00 &#8211; 22.00.\u00a0Vineri, 1 iunie, vor fi solu\u0163ionate contesta\u0163iile \u015fi afi\u015fate rezultatele finale.<\/strong><\/p>\n<p>Elevii care sus\u0163in examenul de bacalaureat \u00een sesiunea special\u0103 \u00ee\u015fi vor asuma \u00eentreaga r\u0103spundere pentru parcurgerea integral\u0103 a materiei din care vor fi elaborate subiectele de examen. De asemenea, conducerea unit\u0103\u0163ii \u015fcolare din care provine candidatul r\u0103spunde de \u00eencheierea situa\u0163iei \u015fcolare a acestuia \u00een timp util.<\/p>\n<p style=\"text-align: left;\"><span style=\"font-size: small;\"><strong><br \/>\n<\/strong><\/span><\/p>\n","protected":false},"excerpt":{"rendered":"<p>Colegiul Na\u0163ional Pedagogic \u201e\u015etefan cel Mare\u201d \u015fi Colegiul Tehnic de Comunica\u0163ii \u201eNicolae Vasilescu &#8211; Karpen\u201d\u00a0din&#8230; <a class=\"meta-more\" href=\"http:\/\/infois.ro\/?p=218\">more <span class=\"meta-nav\">&raquo;<\/span><\/a><\/p>\n","protected":false},"author":2,"featured_media":0,"comment_status":"open","ping_status":"open","sticky":false,"template":"","format":"standard","meta":{"footnotes":""},"categories":[12,41],"tags":[90,93,91,92,89],"aioseo_notices":[],"_links":{"self":[{"href":"http:\/\/infois.ro\/index.php?rest_route=\/wp\/v2\/posts\/218"}],"collection":[{"href":"http:\/\/infois.ro\/index.php?rest_route=\/wp\/v2\/posts"}],"about":[{"href":"http:\/\/infois.ro\/index.php?rest_route=\/wp\/v2\/types\/post"}],"author":[{"embeddable":true,"href":"http:\/\/infois.ro\/index.php?rest_route=\/wp\/v2\/users\/2"}],"replies":[{"embeddable":true,"href":"http:\/\/infois.ro\/index.php?rest_route=%2Fwp%2Fv2%2Fcomments&post=218"}],"version-history":[{"count":5,"href":"http:\/\/infois.ro\/index.php?rest_route=\/wp\/v2\/posts\/218\/revisions"}],"predecessor-version":[{"id":223,"href":"http:\/\/infois.ro\/index.php?rest_route=\/wp\/v2\/posts\/218\/revisions\/223"}],"wp:attachment":[{"href":"http:\/\/infois.ro\/index.php?rest_route=%2Fwp%2Fv2%2Fmedia&parent=218"}],"wp:term":[{"taxonomy":"category","embeddable":true,"href":"http:\/\/infois.ro\/index.php?rest_route=%2Fwp%2Fv2%2Fcategories&post=218"},{"taxonomy":"post_tag","embeddable":true,"href":"http:\/\/infois.ro\/index.php?rest_route=%2Fwp%2Fv2%2Ftags&post=218"}],"curies":[{"name":"wp","href":"https:\/\/api.w.org\/{rel}","templated":true}]}}