{"id":2204,"date":"2012-10-10T15:11:39","date_gmt":"2012-10-10T12:11:39","guid":{"rendered":"http:\/\/infois.ro\/?p=2204"},"modified":"2012-10-10T15:11:39","modified_gmt":"2012-10-10T12:11:39","slug":"peste-5-000-de-persoane-au-trecut-pragul-centrului-de-evenimente-palas","status":"publish","type":"post","link":"http:\/\/infois.ro\/?p=2204","title":{"rendered":"Peste 5.000 de persoane au trecut pragul Centrului de Evenimente Palas"},"content":{"rendered":"<p style=\"text-align: justify;\"><a class=\"highslide\" onclick=\"return vz.expand(this)\" href=\"http:\/\/infois.ro\/wp-content\/uploads\/2012\/10\/Business-Days-Palas.jpg\"><img loading=\"lazy\" decoding=\"async\" class=\"alignnone size-large wp-image-2205\" title=\"Business Days, Palas\" src=\"http:\/\/infois.ro\/wp-content\/uploads\/cache\/2012\/10\/Business-Days-Palas\/1474262238.jpg\" alt=\"\" width=\"1024\" height=\"682\" \/><\/a><\/p>\n<p style=\"text-align: justify;\">\u00cen cele trei luni de la inaugurare, <strong>Congress Hall Palas<\/strong> a reu\u015fit s\u0103 se impun\u0103 pe pia\u0163a loca\u0163iilor destinate organiz\u0103rilor de evenimente. Companii de renume au ales ansamblul ie\u015fean pentru a-\u015fi sus\u0163ine conferin\u0163ele, \u00een timp ce numero\u015fi tineri au fost convin\u015fi c\u0103 este loca\u0163ia ideal\u0103 pentru a-\u015fi s\u0103rb\u0103tori evenimentele unice din via\u0163\u0103. Astfel, peste <strong>5.000<\/strong> de persoane au trecut pragul <strong>Congress Hall Palas<\/strong>, iar num\u0103rul acestora spore\u015fte prin viitoarele proiecte anun\u0163ate.<\/p>\n<p style=\"text-align: justify;\">Cele <strong>trei s\u0103li<\/strong> deosebit de elegante, generoase ca spa\u0163iu \u015fi cu decoruri elaborate, au fost op\u0163iunea ideal\u0103 pentru \u00eentruniri de business, cum a fost cea de-a treia edi\u0163ie a <strong>TEDxIa\u015fi<\/strong> \u015fi <strong>Business Days<\/strong>, conferin\u0163e medicale, printre care \u015fi cea de <strong>Pneumologie \u201eINSPIR\u201d<\/strong>, evenimente corporate \u015fi simpozioane ale unor companii de renume, precum <strong>Egis Pharmaceuticals<\/strong>, <strong>Endava <\/strong>\u015fi <strong>Oriflame<\/strong>.<\/p>\n<p style=\"text-align: justify;\">Desf\u0103\u015furarea f\u0103r\u0103 cusur a manifest\u0103rilor \u015fi facilit\u0103\u0163ile puse la dispozi\u0163ie de <strong>Congress Hall Palas<\/strong> sunt motivele pentru care \u015fi alte evenimente de amploare vor avea loc \u00een aceast\u0103 loca\u0163ie. Cele mai apropiate manifest\u0103ri sunt: <strong>Herbalife<\/strong>, <strong>Amazon<\/strong> \u015fi <strong>British Council<\/strong>.<\/p>\n<p style=\"text-align: justify;\">Miz\u00e2nd pe rafinament, numero\u015fi ie\u015feni au ales s\u0103 organizeze evenimente private \u00een s\u0103lile de la <strong>ultimul etaj<\/strong> al <strong>Palas Mall<\/strong>. Ceremoniile au un aer deosebit, fiind des\u0103v\u00e2r\u015fite prin panorama superb\u0103 asupra <strong>gr\u0103dinii publice<\/strong>. Pe l\u00e2ng\u0103 nenum\u0103ratele posibilit\u0103\u0163i de fotografiere, \u00een <strong>zona lacului<\/strong>, <strong>pia\u0163etelor<\/strong>, <strong>caruselului vene\u0163ian<\/strong> \u015fi \u00een vecin\u0103tatea <strong>Palatului Culturii<\/strong>, ambientul de excep\u0163ie face ca evenimentele s\u0103 prind\u0103 o culoare aparte.<\/p>\n<p style=\"text-align: justify;\"><strong>Congress Hall Palas<\/strong> a fost inaugurat la sf\u00e2r\u015fitul lunii <strong>iunie<\/strong> a acestui an, fiind destinat organiz\u0103rii de manifest\u0103ri la nivel regional, precum <strong>seminarii, congrese, conferin\u0163e, prezent\u0103ri corporative<\/strong> \u015fi <strong>\u00eent\u00e2lniri de afaceri<\/strong>. De asemenea, cele <strong>trei s\u0103li<\/strong> se potrivesc perfect pentru <strong>ceremonii particulare<\/strong>. Pozi\u0163ionate la <strong>ultimul etaj <\/strong>al<strong> Palas Mall<\/strong>, s\u0103lile beneficiaz\u0103 de acces direct din exterior, iar din mall \u015fi parcarea subteran\u0103 se poate ajunge cu lifturile. Organizatorii beneficiaz\u0103 de terase verzi \u015fi de o splendid\u0103 panoram\u0103.<\/p>\n<p style=\"text-align: justify;\">Capacit\u0103\u0163ile s\u0103lilor pentru conferin\u0163e sunt de: <strong>120 locuri (sala Mozart)<\/strong>,<strong> 220 locuri (sala Vivaldi)<\/strong> \u015fi <strong>260 locuri (sala Chopin)<\/strong>. \u00cen cazul evenimentelor private, capacit\u0103\u0163ile s\u0103lilor sunt de: <strong>60 de locuri (sala Mozart)<\/strong>,<strong> 130 de locuri (sala Vivaldi)<\/strong> \u015fi <strong>150 de locuri (sala Chopin)<\/strong>. Reunite, <strong>s\u0103lile Chopin \u015fi Vivaldi<\/strong> ofer\u0103 un ring de dans generos \u015fi o capacitate impresionant\u0103, de <strong>320 de locuri<\/strong>, iar \u00een cazul conferin\u0163elor <strong>600 de locuri<\/strong>.<\/p>\n","protected":false},"excerpt":{"rendered":"<p>\u00cen cele trei luni de la inaugurare, Congress Hall Palas a reu\u015fit s\u0103 se impun\u0103&#8230; <a class=\"meta-more\" href=\"http:\/\/infois.ro\/?p=2204\">more <span class=\"meta-nav\">&raquo;<\/span><\/a><\/p>\n","protected":false},"author":2,"featured_media":2205,"comment_status":"open","ping_status":"open","sticky":false,"template":"","format":"standard","meta":{"footnotes":""},"categories":[6,41],"tags":[74,963,53],"aioseo_notices":[],"_links":{"self":[{"href":"http:\/\/infois.ro\/index.php?rest_route=\/wp\/v2\/posts\/2204"}],"collection":[{"href":"http:\/\/infois.ro\/index.php?rest_route=\/wp\/v2\/posts"}],"about":[{"href":"http:\/\/infois.ro\/index.php?rest_route=\/wp\/v2\/types\/post"}],"author":[{"embeddable":true,"href":"http:\/\/infois.ro\/index.php?rest_route=\/wp\/v2\/users\/2"}],"replies":[{"embeddable":true,"href":"http:\/\/infois.ro\/index.php?rest_route=%2Fwp%2Fv2%2Fcomments&post=2204"}],"version-history":[{"count":2,"href":"http:\/\/infois.ro\/index.php?rest_route=\/wp\/v2\/posts\/2204\/revisions"}],"predecessor-version":[{"id":2207,"href":"http:\/\/infois.ro\/index.php?rest_route=\/wp\/v2\/posts\/2204\/revisions\/2207"}],"wp:featuredmedia":[{"embeddable":true,"href":"http:\/\/infois.ro\/index.php?rest_route=\/wp\/v2\/media\/2205"}],"wp:attachment":[{"href":"http:\/\/infois.ro\/index.php?rest_route=%2Fwp%2Fv2%2Fmedia&parent=2204"}],"wp:term":[{"taxonomy":"category","embeddable":true,"href":"http:\/\/infois.ro\/index.php?rest_route=%2Fwp%2Fv2%2Fcategories&post=2204"},{"taxonomy":"post_tag","embeddable":true,"href":"http:\/\/infois.ro\/index.php?rest_route=%2Fwp%2Fv2%2Ftags&post=2204"}],"curies":[{"name":"wp","href":"https:\/\/api.w.org\/{rel}","templated":true}]}}