{"id":23698,"date":"2016-05-31T18:12:38","date_gmt":"2016-05-31T15:12:38","guid":{"rendered":"http:\/\/infois.ro\/?p=23698"},"modified":"2016-06-01T06:20:47","modified_gmt":"2016-06-01T03:20:47","slug":"surprize-pentru-prichindei-de-ziua-copilului-la-iulius-mall-un-nou-magazin-dedicat-fetitelor-cochete-si-petrecere-cu-personaje-din-povesti","status":"publish","type":"post","link":"http:\/\/infois.ro\/?p=23698","title":{"rendered":"Surprize pentru prichindei, de Ziua Copilului, la Iulius Mall: un nou magazin dedicat feti\u021belor cochete \u0219i petrecere cu personaje din pove\u0219ti"},"content":{"rendered":"<p class=\"yiv0263602860MsoNormal\" style=\"text-align: justify;\"><a href=\"http:\/\/infois.ro\/wp-content\/uploads\/2016\/02\/Iulius-Mall-Iasi.jpg\"><img loading=\"lazy\" decoding=\"async\" class=\"alignleft  wp-image-22019\" src=\"http:\/\/infois.ro\/wp-content\/uploads\/2016\/02\/Iulius-Mall-Iasi.jpg\" alt=\"Iulius-Mall-Iasi\" width=\"309\" height=\"185\" srcset=\"http:\/\/infois.ro\/wp-content\/uploads\/2016\/02\/Iulius-Mall-Iasi.jpg 600w, http:\/\/infois.ro\/wp-content\/uploads\/2016\/02\/Iulius-Mall-Iasi-300x179.jpg 300w\" sizes=\"(max-width: 309px) 100vw, 309px\" \/><\/a><\/p>\n<p id=\"yui_3_16_0_ym19_1_1464748029453_20615\" class=\"yiv0263602860MsoNormal\" style=\"text-align: justify;\"><b id=\"yui_3_16_0_ym19_1_1464748029453_20614\"><i id=\"yui_3_16_0_ym19_1_1464748029453_20613\"><span id=\"yui_3_16_0_ym19_1_1464748029453_20612\">La Iulius Mall Ia\u0219i, Ziua Copilului este s\u0103rb\u0103torit\u0103 prin dou\u0103 evenimente aparte: inaugurarea unui magazin dedicat micilor prin\u021bese \u0219i o petrecere organizat\u0103 la KidsLand Club.<\/span><\/i><\/b><\/p>\n<p id=\"yui_3_16_0_ym19_1_1464748029453_20664\" class=\"yiv0263602860MsoNormal\" style=\"text-align: justify;\"><b>Miercuri, 1 iunie 2016<\/b><span id=\"yui_3_16_0_ym19_1_1464748029453_20659\">, la <b id=\"yui_3_16_0_ym19_1_1464748029453_20658\">etajul Iulius Mall<\/b> se deschide magazinul <b>Nouvelle by Luciana<\/b>, dedicat m\u0103micilor \u0219i feti\u021belor cochete. Noua loca\u021bie este <b>un mic univers al elegan\u021bei feminine<\/b>, de la cele mai mici v\u00e2rste. Crea\u021biile <b>Nouvelle by Luciana<\/b> sunt impresionante prin <b>delicate\u021bea caracteristic\u0103, detaliile atent lucrate, materialele rafinate folosite<\/b> \u0219i <b>designul deosebit<\/b>, care le transform\u0103 pe cliente \u00een adev\u0103rate prin\u021bese. \u00cen oferta noului magazin din <b>Iulius Mall<\/b> sunt disponibile <b>rochii pentru ocazii speciale, indiferent c\u0103 este vorba despre botez, serbare, aniversare<\/b> sau <b>petreceri<\/b>. Piesele vestimentare <b>Nouvelle by Luciana<\/b> sunt\u00a0<b>unicate<\/b> sau \u00een <b>serie limitat\u0103<\/b>, modelele fiind create \u00een atelierul propriu, <b>lucrate manual<\/b>, cu mult\u0103 pasiune \u0219i migal\u0103. \u00cen plus, m\u0103micile care \u00ee\u0219i doresc s\u0103 se asorteze cu fiicele lor pot alege de aici <b>\u021binute identice<\/b>.<\/span><\/p>\n<p class=\"yiv0263602860MsoNormal\" style=\"text-align: justify;\">\u00cen ziua inaugur\u0103rii, <b>Nouvelle by Luciana<\/b> \u00eei va \u00eent\u00e2mpina pe <b>primii 50 de clien\u021bi<\/b> cu <b>oferte surpriz\u0103<\/b>, iar pentru cei mici, deschiderea va fi marcat\u0103 printr-un eveniment deosebit. De la <b>ora 17.30<\/b>, cei prezen\u021bi vor putea admira o <b>prezentare de mod\u0103<\/b>, iar micile domni\u0219oare vor fi r\u0103sf\u0103\u021bate cu <b id=\"yui_3_16_0_ym19_1_1464748029453_20675\">sesiuni de facepainting, candy bar, fotografii amuzante<\/b> \u0219i <b>baloane colorate.<\/b><\/p>\n<p id=\"yui_3_16_0_ym19_1_1464748029453_20678\" class=\"yiv0263602860MsoNormal\" style=\"text-align: justify;\">Tot de <b>Ziua Copilului<\/b>, <b>KidsLand<\/b> le-a preg\u0103tit n\u0103zdr\u0103vanilor o petrecere a\u0219a cum \u00ee\u0219i doresc. De la <b>ora 17.00<\/b>, cei mici vor fi \u00eent\u00e2mpina\u021bi de <b id=\"yui_3_16_0_ym19_1_1464748029453_20674\">personajele lor preferate din desene animate<\/b>, care \u0219i-au dat \u00eent\u00e2lnire la <b id=\"yui_3_16_0_ym19_1_1464748029453_20681\">KidsLand,<\/b> pentru a-i s\u0103rb\u0103tori. To\u021bi prichindeii sunt invita\u021bi s\u0103 se distreze de ziua lor, cu <b>muzic\u0103, dans<\/b> \u0219i <b>multe jocuri haioase<\/b>. Invita\u021bi speciali la petrecere vor fi copiii din <b>Ansamblul \u201eFlori de prim\u0103var\u0103\u201d<\/b>, de la <b>\u0218coala Popular\u0103 de Arte \u201eTitel Popovici\u201d<\/b>, condus de <b id=\"yui_3_16_0_ym19_1_1464748029453_20679\">profesorul Romeo Luchian<\/b>.<\/p>\n","protected":false},"excerpt":{"rendered":"<p>La Iulius Mall Ia\u0219i, Ziua Copilului este s\u0103rb\u0103torit\u0103 prin dou\u0103 evenimente aparte: inaugurarea unui magazin&#8230; <a class=\"meta-more\" href=\"http:\/\/infois.ro\/?p=23698\">more <span class=\"meta-nav\">&raquo;<\/span><\/a><\/p>\n","protected":false},"author":2,"featured_media":22019,"comment_status":"open","ping_status":"closed","sticky":false,"template":"","format":"standard","meta":{"footnotes":""},"categories":[6,41],"tags":[74,40,79,8269,8270],"aioseo_notices":[],"_links":{"self":[{"href":"http:\/\/infois.ro\/index.php?rest_route=\/wp\/v2\/posts\/23698"}],"collection":[{"href":"http:\/\/infois.ro\/index.php?rest_route=\/wp\/v2\/posts"}],"about":[{"href":"http:\/\/infois.ro\/index.php?rest_route=\/wp\/v2\/types\/post"}],"author":[{"embeddable":true,"href":"http:\/\/infois.ro\/index.php?rest_route=\/wp\/v2\/users\/2"}],"replies":[{"embeddable":true,"href":"http:\/\/infois.ro\/index.php?rest_route=%2Fwp%2Fv2%2Fcomments&post=23698"}],"version-history":[{"count":1,"href":"http:\/\/infois.ro\/index.php?rest_route=\/wp\/v2\/posts\/23698\/revisions"}],"predecessor-version":[{"id":23699,"href":"http:\/\/infois.ro\/index.php?rest_route=\/wp\/v2\/posts\/23698\/revisions\/23699"}],"wp:featuredmedia":[{"embeddable":true,"href":"http:\/\/infois.ro\/index.php?rest_route=\/wp\/v2\/media\/22019"}],"wp:attachment":[{"href":"http:\/\/infois.ro\/index.php?rest_route=%2Fwp%2Fv2%2Fmedia&parent=23698"}],"wp:term":[{"taxonomy":"category","embeddable":true,"href":"http:\/\/infois.ro\/index.php?rest_route=%2Fwp%2Fv2%2Fcategories&post=23698"},{"taxonomy":"post_tag","embeddable":true,"href":"http:\/\/infois.ro\/index.php?rest_route=%2Fwp%2Fv2%2Ftags&post=23698"}],"curies":[{"name":"wp","href":"https:\/\/api.w.org\/{rel}","templated":true}]}}