{"id":23700,"date":"2016-06-01T06:25:32","date_gmt":"2016-06-01T03:25:32","guid":{"rendered":"http:\/\/infois.ro\/?p=23700"},"modified":"2016-06-01T06:25:32","modified_gmt":"2016-06-01T03:25:32","slug":"spectacol-cultural-artistic-organizat-de-primarie-pentru-copiii-cu-dizabilitati","status":"publish","type":"post","link":"http:\/\/infois.ro\/?p=23700","title":{"rendered":"Spectacol cultural-artistic, organizat de Prim\u0103rie pentru copiii cu dizabilit\u0103\u021bi"},"content":{"rendered":"<p style=\"text-align: justify;\"><a href=\"http:\/\/infois.ro\/wp-content\/uploads\/2016\/06\/spectacol.jpg\"><img loading=\"lazy\" decoding=\"async\" class=\"alignleft  wp-image-23701\" src=\"http:\/\/infois.ro\/wp-content\/uploads\/2016\/06\/spectacol.jpg\" alt=\"spectacol\" width=\"236\" height=\"156\" srcset=\"http:\/\/infois.ro\/wp-content\/uploads\/2016\/06\/spectacol.jpg 640w, http:\/\/infois.ro\/wp-content\/uploads\/2016\/06\/spectacol-300x198.jpg 300w\" sizes=\"(max-width: 236px) 100vw, 236px\" \/><\/a><\/p>\n<p style=\"text-align: justify;\">Prim\u0103ria municipiului Ia\u015fi, prin Direc\u0163ia de Asisten\u0163\u0103 Comunitar\u0103 (DAC), \u00een parteneriat cu Trupa de teatru \u201d\u00cen\u015fir\u0103-te M\u0103rg\u0103rite\u201d, organizeaz\u0103 miercuri, 1 iunie, de la ora 15.00, \u00een Parcul Expozi\u021biei, pentru copiii cu dizabilit\u0103\u0163i, beneficiari ai serviciilor sociale oferite de Asocia\u0163ia ANCAAR, Asocia\u0163ia \u201dSur\u00e2sul Albastru\u201d \u015fi Asocia\u0163ia \u201dStar of Hope\u201d, cu ocazia Zilei Interna\u0163ionale a Copilului<em>,<\/em> spectacolul cultural-artistic, \u00een cadrul c\u0103ruia cei prezen\u0163i vor beneficia de o serie de surprize dulci. Potrivit organizatorilor, spectacolul va avea o durat\u0103 de 20 de minute \u0219i va fi sus\u0163inut de copii Trupei de teatru \u201d\u00cen\u015fir\u0103-te M\u0103rg\u0103rite\u201d. 50 de copii vor primi din partea organizatorilor pachete cu dulciuri.<\/p>\n<p style=\"text-align: justify;\"><em>\u00a0<\/em><\/p>\n","protected":false},"excerpt":{"rendered":"<p>Prim\u0103ria municipiului Ia\u015fi, prin Direc\u0163ia de Asisten\u0163\u0103 Comunitar\u0103 (DAC), \u00een parteneriat cu Trupa de teatru&#8230; <a class=\"meta-more\" href=\"http:\/\/infois.ro\/?p=23700\">more <span class=\"meta-nav\">&raquo;<\/span><\/a><\/p>\n","protected":false},"author":2,"featured_media":23701,"comment_status":"open","ping_status":"closed","sticky":false,"template":"","format":"standard","meta":{"footnotes":""},"categories":[32],"tags":[612,40,3108,8270],"aioseo_notices":[],"_links":{"self":[{"href":"http:\/\/infois.ro\/index.php?rest_route=\/wp\/v2\/posts\/23700"}],"collection":[{"href":"http:\/\/infois.ro\/index.php?rest_route=\/wp\/v2\/posts"}],"about":[{"href":"http:\/\/infois.ro\/index.php?rest_route=\/wp\/v2\/types\/post"}],"author":[{"embeddable":true,"href":"http:\/\/infois.ro\/index.php?rest_route=\/wp\/v2\/users\/2"}],"replies":[{"embeddable":true,"href":"http:\/\/infois.ro\/index.php?rest_route=%2Fwp%2Fv2%2Fcomments&post=23700"}],"version-history":[{"count":1,"href":"http:\/\/infois.ro\/index.php?rest_route=\/wp\/v2\/posts\/23700\/revisions"}],"predecessor-version":[{"id":23702,"href":"http:\/\/infois.ro\/index.php?rest_route=\/wp\/v2\/posts\/23700\/revisions\/23702"}],"wp:featuredmedia":[{"embeddable":true,"href":"http:\/\/infois.ro\/index.php?rest_route=\/wp\/v2\/media\/23701"}],"wp:attachment":[{"href":"http:\/\/infois.ro\/index.php?rest_route=%2Fwp%2Fv2%2Fmedia&parent=23700"}],"wp:term":[{"taxonomy":"category","embeddable":true,"href":"http:\/\/infois.ro\/index.php?rest_route=%2Fwp%2Fv2%2Fcategories&post=23700"},{"taxonomy":"post_tag","embeddable":true,"href":"http:\/\/infois.ro\/index.php?rest_route=%2Fwp%2Fv2%2Ftags&post=23700"}],"curies":[{"name":"wp","href":"https:\/\/api.w.org\/{rel}","templated":true}]}}