{"id":25907,"date":"2016-10-24T09:57:33","date_gmt":"2016-10-24T06:57:33","guid":{"rendered":"http:\/\/infois.ro\/?p=25907"},"modified":"2016-10-24T09:57:33","modified_gmt":"2016-10-24T06:57:33","slug":"solutii-pentru-dezvoltarea-afacerilor-prezentate-in-cadrul-conferintei-dedicate-antreprenoriatului-organizata-de-cci-iasi","status":"publish","type":"post","link":"http:\/\/infois.ro\/?p=25907","title":{"rendered":"Solu\u0163ii pentru dezvoltarea afacerilor, prezentate \u00een cadrul conferin\u0163ei dedicate antreprenoriatului, organizat\u0103 de CCI Ia\u015fi"},"content":{"rendered":"<p style=\"text-align: justify;\"><a href=\"http:\/\/infois.ro\/wp-content\/uploads\/2015\/10\/cci.jpg\"><img loading=\"lazy\" decoding=\"async\" class=\"alignleft  wp-image-19791\" src=\"http:\/\/infois.ro\/wp-content\/uploads\/2015\/10\/cci.jpg\" alt=\"cci\" width=\"336\" height=\"218\" srcset=\"http:\/\/infois.ro\/wp-content\/uploads\/2015\/10\/cci.jpg 600w, http:\/\/infois.ro\/wp-content\/uploads\/2015\/10\/cci-300x194.jpg 300w\" sizes=\"(max-width: 336px) 100vw, 336px\" \/><\/a><\/p>\n<p style=\"text-align: justify;\">Mar\u0163i, 25 octombrie, la Camera de Comer\u0163 \u015fi Industrie (CCI) Ia\u015fl se va desf\u0103\u015fura Conferin\u0163a &#8220;Ia\u015fi Antreprenor&#8221;, eveniment \u00een cadrul c\u0103ruia participan\u0163ii vor afla despre motiva\u0163ia de a-\u015fi dezvolta propria afacere, solu\u0163ii de dezvoltare antreprenorial\u0103, structuri de accelerare a afacerii, solu\u0163ii pentru finan\u0163area unui start-up sau a unei afaceri mai vechi. &#8220;\u00cen cadrul evenimentului, participan\u0163ii vor afla informa\u0163ii despre tactici de cre\u015ftere antreprenorial\u0103, modele unicat de antreprenoriat, structuri, programe \u015fi evenimente de dezvoltare antreprenorial\u0103, pove\u015fti de succes, surse de finan\u0163are, dezbateri asupra conceptelor de antreprenoriat feminin, social, civic \u015fi politic. De asemenea, vor avea ocazia s\u0103 descopere strategii de dezvoltarea antreprenorial\u0103, oportunitatea de a g\u0103si parteneri importan\u0163i, pentru a cre\u015fte sau scala afacerea, poten\u0163iali clien\u0163i, posibilitatea de a \u00eensu\u015fi practici antreprenoriale noi \u015fi modele inovative de afaceri\u201d, a declarat Mihail B\u00eersan, Manager MB Event, organizatorul conferin\u0163ei. Potrivit organizatorilor, se anun\u0163\u0103 un eveniment deosebit de interesant, dac\u0103 avem \u00een vedere anvergura \u015fi diversitatea speakerilor: Marius Alexa (CEO Arhipelago), Marius Bodea (managerul Aeroportului Interna\u0163ional Ia\u015fi), Pavel Sotir (business development manager BizzClub Ia\u015fi), Catrinel Zaharia (autoare \u201eTotul pentru Femei\u201d), Angela Achi\u0163ei (pre\u015fedinte ADV Rom\u00e2nia, manager Util Deco), Nicoleta Hri\u0163cu (Cuptorul Moldovencei), Ioana Gamen (Conferin\u0163a Business Angels Romania), Gabriel Achel\u0103ri\u0163ei (partner manager TERRA Centrum &#8211; Salin\u0103 terapeutic\u0103 \u015fi Criosaun\u0103), Gabriela Coman (coordonator Incubator de afaceri &#8211; Tehnopolis), C\u0103t\u0103lin Scripcariu (lead organizer Startup Weekend Iasi), Valentin Darii (pre\u015fedinte JCI IASI), Vali \u0162ugui (auditor CE fonduri europene), Etienne Ignat (consilier local), Dana Ghine\u0163 (antreprenor, OBag Store Ia\u015fi), Doru Cantemir (fondator Ludor Engineering), Alin G. P\u0103tru (business development manager Travis Corporate &amp; Events), Oana Maftei (owner &amp; head chief AromaZen), Florin Smeu (general manager Sweet Cafe), Gabriela Stoica (reprezentant REDU), Liliana \u015etefan (mediator comercial), Ovidiu Bufnil\u0103 (specialist \u00een comunicare). De asemenea, pe l\u00e2ng\u0103 prezent\u0103rile \u015fi workshop-urile de dezvoltarea antreprenorial\u0103, \u00een cadrul aceluia\u015fi eveniment, participan\u0163ii vor fi provoca\u0163i \u015fi la o dezbatere privind impactul economic \u015fi antreprenorial, la nivel local \u015fi regional, al unor proiecte precum: dezvoltarea Aeroportului Interna\u0163ional Ia\u015fi, prioritizarea Autostr\u0103zii Tg. Mure\u015f &#8211; Ia\u015fi &#8211; Ungheni, crearea unui Business Expo Center. &#8220;Exist\u0103 toate premisele pentru un eveniment antreprenorial de substan\u0163\u0103 \u015fi suntem bucuro\u015fi s\u0103 sprijinim aceast\u0103 ini\u0163iativ\u0103. \u00centotdeauna astfel de \u00eent\u00e2lniri sunt importante, deoarece aduc \u00een fa\u0163a antreprenorilor afla\u0163i la \u00eenceput de drum modele de succes \u015fi idei care s\u0103-i inspire. Foarte important\u0103 este, \u00een egal\u0103 m\u0103sur\u0103, sec\u0163iunea de networking, \u00een care antreprenorii debutan\u0163i \u00ee\u015fi pot identifica viitorii parteneri de afaceri sau pot ob\u0163ine sfaturi bune de la cei mai experimenta\u0163i\u201d, a precizat Sorin Gheorghiu, director \u00een cadrul Camerei de Comer\u0163 \u015fi Industrie Ia\u015fi.<\/p>\n<p>&nbsp;<\/p>\n","protected":false},"excerpt":{"rendered":"<p>Mar\u0163i, 25 octombrie, la Camera de Comer\u0163 \u015fi Industrie (CCI) Ia\u015fl se va desf\u0103\u015fura Conferin\u0163a&#8230; <a class=\"meta-more\" href=\"http:\/\/infois.ro\/?p=25907\">more <span class=\"meta-nav\">&raquo;<\/span><\/a><\/p>\n","protected":false},"author":2,"featured_media":19791,"comment_status":"open","ping_status":"closed","sticky":false,"template":"","format":"standard","meta":{"footnotes":""},"categories":[6,41],"tags":[74,2195,7843,1137,227,40],"aioseo_notices":[],"_links":{"self":[{"href":"http:\/\/infois.ro\/index.php?rest_route=\/wp\/v2\/posts\/25907"}],"collection":[{"href":"http:\/\/infois.ro\/index.php?rest_route=\/wp\/v2\/posts"}],"about":[{"href":"http:\/\/infois.ro\/index.php?rest_route=\/wp\/v2\/types\/post"}],"author":[{"embeddable":true,"href":"http:\/\/infois.ro\/index.php?rest_route=\/wp\/v2\/users\/2"}],"replies":[{"embeddable":true,"href":"http:\/\/infois.ro\/index.php?rest_route=%2Fwp%2Fv2%2Fcomments&post=25907"}],"version-history":[{"count":1,"href":"http:\/\/infois.ro\/index.php?rest_route=\/wp\/v2\/posts\/25907\/revisions"}],"predecessor-version":[{"id":25908,"href":"http:\/\/infois.ro\/index.php?rest_route=\/wp\/v2\/posts\/25907\/revisions\/25908"}],"wp:featuredmedia":[{"embeddable":true,"href":"http:\/\/infois.ro\/index.php?rest_route=\/wp\/v2\/media\/19791"}],"wp:attachment":[{"href":"http:\/\/infois.ro\/index.php?rest_route=%2Fwp%2Fv2%2Fmedia&parent=25907"}],"wp:term":[{"taxonomy":"category","embeddable":true,"href":"http:\/\/infois.ro\/index.php?rest_route=%2Fwp%2Fv2%2Fcategories&post=25907"},{"taxonomy":"post_tag","embeddable":true,"href":"http:\/\/infois.ro\/index.php?rest_route=%2Fwp%2Fv2%2Ftags&post=25907"}],"curies":[{"name":"wp","href":"https:\/\/api.w.org\/{rel}","templated":true}]}}