{"id":27405,"date":"2017-02-17T05:33:30","date_gmt":"2017-02-17T03:33:30","guid":{"rendered":"http:\/\/infois.ro\/?p=27405"},"modified":"2017-02-17T05:33:30","modified_gmt":"2017-02-17T03:33:30","slug":"primarul-mihai-chirica-iasul-este-un-oras-deschis-investitiilor-iar-colaborarea-cu-mediul-de-afaceri-este-esentiala-pentru-dezvoltarea-orasului","status":"publish","type":"post","link":"http:\/\/infois.ro\/?p=27405","title":{"rendered":"Primarul Mihai Chirica: \u201eIa\u0219ul este un ora\u0219 deschis investi\u021biilor, iar colaborarea cu mediul de afaceri este esen\u021bial\u0103 pentru dezvoltarea ora\u0219ului\u201d"},"content":{"rendered":"<p style=\"text-align: justify;\"><a href=\"http:\/\/infois.ro\/wp-content\/uploads\/2017\/02\/la-continental.jpg\"><img loading=\"lazy\" decoding=\"async\" class=\"alignleft  wp-image-27406\" src=\"http:\/\/infois.ro\/wp-content\/uploads\/2017\/02\/la-continental.jpg\" alt=\"\" width=\"295\" height=\"248\" srcset=\"http:\/\/infois.ro\/wp-content\/uploads\/2017\/02\/la-continental.jpg 640w, http:\/\/infois.ro\/wp-content\/uploads\/2017\/02\/la-continental-300x252.jpg 300w\" sizes=\"(max-width: 295px) 100vw, 295px\" \/><\/a><\/p>\n<p style=\"text-align: justify;\">La invita\u021bia conducerii generale a companiei <strong>Continental Automotive Rom\u00e2nia<\/strong>, primarul Mihai Chirica a vizitat joi, 16 februarie, sediul companiei din Ia\u0219i. Al\u0103turi de edilul-\u0219ef s-au aflat, pe l\u00e2ng\u0103 reprezentan\u021bii institu\u021biilor publice din Ia\u0219i, \u0219i pre\u0219edintele Camerei de Comer\u021b \u0219i Industrie Ia\u0219i, <strong>Paul Butnariu<\/strong>, respectiv rectorul Universit\u0103\u021bii Tehnice \u201eGheorghe Asachi\u201d Ia\u0219i, prof. dr. ing. <strong>Dan Ca\u0219caval<\/strong>.<\/p>\n<p style=\"text-align: justify;\">Vizita la sediul din Ia\u0219i a multina\u021bionalei a fost motivat\u0103 de prezentarea de c\u0103tre companie a noilor produse \u0219i tehnologii. De asemenea, primarul Ia\u0219ului a discutat cu reprezentan\u021bii companiei despre planurile de dezvoltare viitoare, precum \u0219i despre impactul pe care \u00eel vor avea acestea asupra viitorului economic, tehnic \u0219i de resurse umane al municipiului Ia\u0219i.<\/p>\n<p style=\"text-align: justify;\">Compania Continental Automotive \u0219i-a deschis por\u021bile \u00een Ia\u0219i de mai bine de 10 ani. Colaborarea cu autorit\u0103\u021bile locale, dar \u0219i cu unit\u0103\u021bile de \u00eenv\u0103\u021b\u0103m\u00e2nt tehnic superior din ora\u0219 a dus la extinderea investi\u021biei, precum \u0219i la cre\u0219terea num\u0103rului de angaja\u021bi. Ast\u0103zi, compania are deschise dou\u0103 puncte \u00een municipiul Ia\u0219i: sediul companiei din \u015fos. Nicolina \u015fi un institut de cercetare situat \u00een bd. Poitiers. \u00cen prezent, compania are peste 1.600 de angaja\u021bi, 75% dintre ace\u0219tia fiind speciali\u0219ti \u00een software, iar 25% fiind specializa\u021bi \u00een domenii conexe: ingineri electroni\u0219ti, ingineri mecanici etc, marea lor majoritate provenind din unit\u0103\u021bile de \u00eenv\u0103\u021b\u0103m\u00e2nt superior din Ia\u0219i. <em>\u201eCompania Continental este una de dintre cele mai dinamice companii din municipiul Ia\u0219i. Deschiderea noastr\u0103 c\u0103tre aceast\u0103 companie a dus la extinderea activit\u0103\u021bii. De altfel, acesta este mesajul meu c\u0103tre toate companiile serioase care doresc s\u0103 investeasc\u0103 \u00een ora\u0219. Vor g\u0103si \u00een Prim\u0103ria Municipiului Ia\u0219i un partener serios. Vreau s\u0103 le mul\u021bumesc \u0219i vreau s\u0103-i asigur pe to\u021bi c\u0103 la Ia\u0219i se vor sim\u021bi ca acas\u0103\u201d<\/em>, a declarat primarul <strong>Mihai Chirica<\/strong>.<\/p>\n<p style=\"text-align: justify;\">Atragerea de investitori de anvergur\u0103 este una din misiunile Prim\u0103riei Municipiului Ia\u0219i, iar primarul Mihai Chirica a tratat \u00eentotdeauna orice colaborare economic\u0103 ca fiind una prioritar\u0103 pentru ora\u0219. \u201e<em>Atragerea de investi\u0163ii noi, stabilizarea \u0219i extinderea acestora, precum \u0219i crearea de noi locuri de munc\u0103 sunt priorit\u0103\u021bi de prim ordin pe agenda mea, \u00een calitate de primar. Atragerea investitorilor la noi \u00een ora\u0219, a multina\u021bionalelor, \u00eenseamn\u0103 \u0219i venituri suplimentare at\u00e2t la bugetul local, c\u00e2t \u0219i la bugetul de stat. \u00cen cazul Continental, pentru anul 2016, compania a pl\u0103tit salarii \u0219i contribu\u021bii la salarii de circa 33 milioane de euro, iar impozite locale \u0219i pl\u0103\u0163i la bugetul central de peste 1 milion de euro. Sunt cifre mai mult dec\u00e2t relevante pentru economia local\u0103. Misiunea noastr\u0103, ca autoritate public\u0103, este s\u0103 atragem c\u00e2t mai multe astfel de companii. Acest lucru \u00eenseamn\u0103 nu numai venituri suplimentare la bugetul de stat, c\u00e2t \u0219i atragerea de for\u021b\u0103 de munc\u0103 \u0219i diminuarea \u0219omajului. Cred c\u0103 Ia\u0219ul are toate atuurile \u015fi poate deveni un exemplu de bun\u0103 practic\u0103 \u0219i colaborare cu investitori importan\u021bi. \u00cei a\u0219tept la Ia\u0219i cu toat\u0103 deschiderea<\/em>\u201d, a mai afirmat primarul Mihai Chirica.<\/p>\n<p style=\"text-align: justify;\">Un alt element important \u00een privin\u021ba atragerii investitorilor \u0219i crearea de noi locuri de munc\u0103 \u00eel reprezint\u0103 sc\u0103derea procentului migra\u021biei for\u021bei de munc\u0103 calificat\u0103 din Ia\u0219i spre alte zone ale \u021b\u0103rii \u0219i \u00een str\u0103in\u0103tate. <em>\u201e\u00centr-o statistic\u0103 publicat\u0103 la sf\u00e2r\u0219itul anului 2016, s-a observat o descre\u0219tere semnificativ\u0103 a migra\u021biei speciali\u0219tilor din Ia\u0219i c\u0103tre vestul \u021b\u0103rii, capital\u0103 \u0219i \u021b\u0103rile Europei occidentale sau peste Ocean. Acum 5 ani, 40% din speciali\u0219tii absolven\u021bi ai universit\u0103\u021bilor din Ia\u0219i alegea s\u0103 plece din ora\u0219. La sf\u00e2r\u0219itul anului trecut, s-a constatat c\u0103 aceast\u0103 cifr\u0103\u00a0 a sc\u0103zut la 15%, ceea ce este mai mult dec\u00e2t \u00eembucur\u0103tor\u201d<\/em>, a conchis primarul Ia\u0219ului.<\/p>\n<p style=\"text-align: justify;\"><strong>\u00a0<\/strong><\/p>\n","protected":false},"excerpt":{"rendered":"<p>La invita\u021bia conducerii generale a companiei Continental Automotive Rom\u00e2nia, primarul Mihai Chirica a vizitat joi,&#8230; <a class=\"meta-more\" href=\"http:\/\/infois.ro\/?p=27405\">more <span class=\"meta-nav\">&raquo;<\/span><\/a><\/p>\n","protected":false},"author":2,"featured_media":27406,"comment_status":"open","ping_status":"closed","sticky":false,"template":"","format":"standard","meta":{"footnotes":""},"categories":[6,41],"tags":[74,4397,40,1583,541,477],"aioseo_notices":[],"_links":{"self":[{"href":"http:\/\/infois.ro\/index.php?rest_route=\/wp\/v2\/posts\/27405"}],"collection":[{"href":"http:\/\/infois.ro\/index.php?rest_route=\/wp\/v2\/posts"}],"about":[{"href":"http:\/\/infois.ro\/index.php?rest_route=\/wp\/v2\/types\/post"}],"author":[{"embeddable":true,"href":"http:\/\/infois.ro\/index.php?rest_route=\/wp\/v2\/users\/2"}],"replies":[{"embeddable":true,"href":"http:\/\/infois.ro\/index.php?rest_route=%2Fwp%2Fv2%2Fcomments&post=27405"}],"version-history":[{"count":1,"href":"http:\/\/infois.ro\/index.php?rest_route=\/wp\/v2\/posts\/27405\/revisions"}],"predecessor-version":[{"id":27407,"href":"http:\/\/infois.ro\/index.php?rest_route=\/wp\/v2\/posts\/27405\/revisions\/27407"}],"wp:featuredmedia":[{"embeddable":true,"href":"http:\/\/infois.ro\/index.php?rest_route=\/wp\/v2\/media\/27406"}],"wp:attachment":[{"href":"http:\/\/infois.ro\/index.php?rest_route=%2Fwp%2Fv2%2Fmedia&parent=27405"}],"wp:term":[{"taxonomy":"category","embeddable":true,"href":"http:\/\/infois.ro\/index.php?rest_route=%2Fwp%2Fv2%2Fcategories&post=27405"},{"taxonomy":"post_tag","embeddable":true,"href":"http:\/\/infois.ro\/index.php?rest_route=%2Fwp%2Fv2%2Ftags&post=27405"}],"curies":[{"name":"wp","href":"https:\/\/api.w.org\/{rel}","templated":true}]}}