{"id":27419,"date":"2017-02-20T15:24:22","date_gmt":"2017-02-20T13:24:22","guid":{"rendered":"http:\/\/infois.ro\/?p=27419"},"modified":"2017-02-20T15:24:22","modified_gmt":"2017-02-20T13:24:22","slug":"zilele-portilor-deschise-la-colegiul-national-emil-racovita","status":"publish","type":"post","link":"http:\/\/infois.ro\/?p=27419","title":{"rendered":"Zilele portilor deschise la Colegiul Na\u0163ional ,,Emil Racovi\u0163\u0103\u201d"},"content":{"rendered":"<div style=\"text-align: justify;\"><a href=\"http:\/\/infois.ro\/wp-content\/uploads\/2013\/11\/racovita1.jpg\"><img loading=\"lazy\" decoding=\"async\" class=\"alignleft  wp-image-8180\" src=\"http:\/\/infois.ro\/wp-content\/uploads\/2013\/11\/racovita1.jpg\" alt=\"\" width=\"346\" height=\"226\" srcset=\"http:\/\/infois.ro\/wp-content\/uploads\/2013\/11\/racovita1.jpg 640w, http:\/\/infois.ro\/wp-content\/uploads\/2013\/11\/racovita1-300x195.jpg 300w\" sizes=\"(max-width: 346px) 100vw, 346px\" \/><\/a><\/div>\n<div id=\"yiv1961606065yui_3_16_0_ym19_1_1487587630858_96366\" style=\"text-align: justify;\"><span id=\"yiv1961606065yui_3_16_0_ym19_1_1487587630858_96367\">\u00cen prag de prim\u0103var\u0103, Colegiul Na\u0163ional ,,Emil Racovi\u0163\u0103\u201d a\u015fteapt\u0103 noii muguri ai cunoa\u015fterii s\u0103-i treac\u0103 pragul \u00een cadru evenimentului <b id=\"yiv1961606065yui_3_16_0_ym19_1_1487587630858_96368\"><i id=\"yiv1961606065yui_3_16_0_ym19_1_1487587630858_96369\">Zilele Por\u0163ilor Deschise<\/i><\/b>, <\/span><span id=\"yiv1961606065yui_3_16_0_ym19_1_1487587630858_96370\" lang=\"EN-US\">miercuri,\u00a022 februarie 2017, \u00eentre orele\u00a016:00 \u2013 19:00 \u015fi s\u00e2mb\u0103t\u0103,\u00a025 februarie 2017, \u00eentre orele\u00a010:00 \u2013 13:00.<\/span><\/div>\n<div id=\"yiv1961606065yui_3_16_0_ym19_1_1487587630858_96372\" style=\"text-align: justify;\"><span id=\"yiv1961606065yui_3_16_0_ym19_1_1487587630858_96373\" lang=\"EN-US\">Colegiul <\/span><span id=\"yiv1961606065yui_3_16_0_ym19_1_1487587630858_96374\">Na\u0163ional ,,Emil Racovi\u0163\u0103\u201d<\/span><span id=\"yiv1961606065yui_3_16_0_ym19_1_1487587630858_96375\"> <span id=\"yiv1961606065yui_3_16_0_ym19_1_1487587630858_96376\" lang=\"EN-US\">urm\u0103re\u015fte men\u0163inerea echilibrului \u00eentre<span id=\"yiv1961606065yui_3_16_0_ym19_1_1487587630858_96377\"> continuitate \u015fi schimbare, \u00eentre specific \u015fi global, \u00eentre \u00eemplinirea individual\u0103 \u015fi exigen\u0163ele de ordin social.<\/span><\/span><\/span><\/div>\n<div id=\"yiv1961606065yui_3_16_0_ym19_1_1487587630858_96379\" style=\"text-align: justify;\"><span id=\"yiv1961606065yui_3_16_0_ym19_1_1487587630858_96380\" lang=\"EN-US\">Comunitatea C.N.E.R., prin reprezentan\u0163ii s\u0103i, cadre didactice, elevi, p\u0103rin\u0163i, personal administrativ, dore\u015fte s\u0103 fie o \u015fcoal\u0103 vie, dinamic\u0103, deschis\u0103 spre comunicare, construind \u015fi \u00eencuraj\u00e2nd o rela\u0163ie activ\u0103 \u00eentre \u015fcoal\u0103 \u015fi familie.<\/span><\/div>\n<div id=\"yiv1961606065yui_3_16_0_ym19_1_1487587630858_96382\" style=\"text-align: justify;\"><b id=\"yiv1961606065yui_3_16_0_ym19_1_1487587630858_96383\"><span id=\"yiv1961606065yui_3_16_0_ym19_1_1487587630858_96384\"><i id=\"yiv1961606065yui_3_16_0_ym19_1_1487587630858_96906\">Zilele Por\u0163ilor Deschise<\/i><\/span><\/b><span id=\"yiv1961606065yui_3_16_0_ym19_1_1487587630858_96385\"> invit\u0103 la dialog elevii claselor a IV-a, p\u0103rin\u0163ii lor \u015fi profesorii colegiului, demonstr\u00e2nd c\u0103 <\/span><span id=\"yiv1961606065yui_3_16_0_ym19_1_1487587630858_96386\" lang=\"EN-US\">pentru a putea asigura educarea copiilor \u00een cele mai bune condi\u0163ii \u015fi succesul lor \u00een via\u0163\u0103, e nevoie ca to\u0163i factorii implica\u0163i \u00een procesul educa\u0163ional s\u0103 formeze o echip\u0103 \u00een care fiecare \u015ftie ce are de f\u0103cut \u015fi \u00eei acord\u0103 partenerului respectul \u015fi \u00eencrederea cuvenit\u0103<\/span><span id=\"yiv1961606065yui_3_16_0_ym19_1_1487587630858_96387\">.<\/span><\/div>\n<div id=\"yiv1961606065yui_3_16_0_ym19_1_1487587630858_96389\" style=\"text-align: justify;\"><span id=\"yiv1961606065yui_3_16_0_ym19_1_1487587630858_96390\">Prin urmare, cei interesa\u0163i s\u0103 cunoasc\u0103 profesorii colegiului, cadrul, baza material\u0103 la standarde europene \u0219i atmosfera de studiu sunt a\u015ftepta\u0163i la eveniment.<\/span><\/div>\n","protected":false},"excerpt":{"rendered":"<p>\u00cen prag de prim\u0103var\u0103, Colegiul Na\u0163ional ,,Emil Racovi\u0163\u0103\u201d a\u015fteapt\u0103 noii muguri ai cunoa\u015fterii s\u0103-i treac\u0103&#8230; <a class=\"meta-more\" href=\"http:\/\/infois.ro\/?p=27419\">more <span class=\"meta-nav\">&raquo;<\/span><\/a><\/p>\n","protected":false},"author":2,"featured_media":8180,"comment_status":"open","ping_status":"closed","sticky":false,"template":"","format":"standard","meta":{"footnotes":""},"categories":[12],"tags":[932,89,40,5246,9078],"aioseo_notices":[],"_links":{"self":[{"href":"http:\/\/infois.ro\/index.php?rest_route=\/wp\/v2\/posts\/27419"}],"collection":[{"href":"http:\/\/infois.ro\/index.php?rest_route=\/wp\/v2\/posts"}],"about":[{"href":"http:\/\/infois.ro\/index.php?rest_route=\/wp\/v2\/types\/post"}],"author":[{"embeddable":true,"href":"http:\/\/infois.ro\/index.php?rest_route=\/wp\/v2\/users\/2"}],"replies":[{"embeddable":true,"href":"http:\/\/infois.ro\/index.php?rest_route=%2Fwp%2Fv2%2Fcomments&post=27419"}],"version-history":[{"count":1,"href":"http:\/\/infois.ro\/index.php?rest_route=\/wp\/v2\/posts\/27419\/revisions"}],"predecessor-version":[{"id":27420,"href":"http:\/\/infois.ro\/index.php?rest_route=\/wp\/v2\/posts\/27419\/revisions\/27420"}],"wp:featuredmedia":[{"embeddable":true,"href":"http:\/\/infois.ro\/index.php?rest_route=\/wp\/v2\/media\/8180"}],"wp:attachment":[{"href":"http:\/\/infois.ro\/index.php?rest_route=%2Fwp%2Fv2%2Fmedia&parent=27419"}],"wp:term":[{"taxonomy":"category","embeddable":true,"href":"http:\/\/infois.ro\/index.php?rest_route=%2Fwp%2Fv2%2Fcategories&post=27419"},{"taxonomy":"post_tag","embeddable":true,"href":"http:\/\/infois.ro\/index.php?rest_route=%2Fwp%2Fv2%2Ftags&post=27419"}],"curies":[{"name":"wp","href":"https:\/\/api.w.org\/{rel}","templated":true}]}}