{"id":27860,"date":"2017-03-26T07:21:32","date_gmt":"2017-03-26T04:21:32","guid":{"rendered":"http:\/\/infois.ro\/?p=27860"},"modified":"2017-03-26T07:21:32","modified_gmt":"2017-03-26T04:21:32","slug":"eveniment-caritabil-in-beneficiul-tinerilor-si-copiilor-cu-autism","status":"publish","type":"post","link":"http:\/\/infois.ro\/?p=27860","title":{"rendered":"Eveniment caritabil \u00een beneficiul tinerilor \u0219i copiilor cu autism"},"content":{"rendered":"<div id=\"attachment_27861\" style=\"width: 261px\" class=\"wp-caption alignleft\"><a href=\"http:\/\/infois.ro\/wp-content\/uploads\/2017\/03\/afis-eveniment.jpg\"><img loading=\"lazy\" decoding=\"async\" aria-describedby=\"caption-attachment-27861\" class=\" wp-image-27861\" src=\"http:\/\/infois.ro\/wp-content\/uploads\/2017\/03\/afis-eveniment.jpg\" alt=\"\" width=\"251\" height=\"284\" srcset=\"http:\/\/infois.ro\/wp-content\/uploads\/2017\/03\/afis-eveniment.jpg 640w, http:\/\/infois.ro\/wp-content\/uploads\/2017\/03\/afis-eveniment-265x300.jpg 265w\" sizes=\"(max-width: 251px) 100vw, 251px\" \/><\/a><p id=\"caption-attachment-27861\" class=\"wp-caption-text\">image description<\/p><\/div>\n<p style=\"text-align: justify;\">Asocia\u021bia Na\u021bional\u0103 pentru Copii \u0219i Adul\u021bi cu Autism din Rom\u00e2nia\u00a0(A.N.C.A.A.R.) \u2013 filiala Ia\u0219i\u00a0organizeaz\u0103\u00a0duminic\u0103, 2 aprilie, \u00eencep\u00e2nd cu ora 18.00, \u00een\u00a0Aula Bibliotecii Centrale Universitare \u201eMihai Eminescu\u201d\u00a0din Ia\u0219i, concertul caritabil\u00a0\u201cArmonii albastre\u201d. Acesta va fi sus\u021binut de\u00a0violonista M\u0103lina Ciobanu, acompaniat\u0103 la pian de\u00a0Ciprian Ciotlo\u0219\u00a0\u0219i de invitatul special,\u00a0violonistul Remus Azoi\u021bei, care a acceptat invita\u021bia de a deveni\u00a0ambasador al campaniei \u201eArat\u0103 c\u0103 \u00ee\u021bi pas\u0103!\u201d. Campania, ajuns\u0103 \u00een acest an la cea de-a IX-a edi\u021bie, marcheaz\u0103\u00a0Ziua Interna\u021bional\u0103 de Con\u0219tientizare a Autismului, stabilit\u0103 de Organiza\u021bia Na\u021biunilor Unite pe data de 2 aprilie, evenimentul caritabil fiind unul dintre cele organizate \u00een campania din acest an. &#8220;Copiii cu autism au nevoie de terapii. De cele mai multe ori, p\u0103rin\u021bii sunt cei care suport\u0103 costurile acestor terapii scumpe. Nu este u\u0219or s\u0103 faci fa\u021b\u0103 acestor cheltuieli \u0219i temerii c\u0103 viitorul copilui t\u0103u care va deveni adult, este unul incert. Tinerii cu autism au nevoie de terapii \u0219i sprijin chiar dac\u0103 nu mai sunt copii iar adul\u021bii cu autism au nevoie de un loc care s\u0103 \u00eensemne \u201dacas\u0103\u201d atunci c\u00e2nd p\u0103rin\u021bii lor nu \u00eei vor mai putea sus\u021bine\u201d, a declarat\u00a0Carmen Gherc\u0103, pre\u0219edinta A.N.C.A.A.R. Ia\u0219i. Intrarea la spectacol se face pe baz\u0103 de invita\u021bie. Pre\u021bul unei invita\u021bii este de 60 de lei, iar fondurile str\u00e2nse din v\u00e2nzarea lor vor fi donate A.N.C.A.A.R. Ia\u0219i.<\/p>\n","protected":false},"excerpt":{"rendered":"<p>Asocia\u021bia Na\u021bional\u0103 pentru Copii \u0219i Adul\u021bi cu Autism din Rom\u00e2nia\u00a0(A.N.C.A.A.R.) \u2013 filiala Ia\u0219i\u00a0organizeaz\u0103\u00a0duminic\u0103, 2 aprilie,&#8230; <a class=\"meta-more\" href=\"http:\/\/infois.ro\/?p=27860\">more <span class=\"meta-nav\">&raquo;<\/span><\/a><\/p>\n","protected":false},"author":2,"featured_media":27861,"comment_status":"open","ping_status":"closed","sticky":false,"template":"","format":"standard","meta":{"footnotes":""},"categories":[41,32],"tags":[74,1348,3515,3782,40],"aioseo_notices":[],"_links":{"self":[{"href":"http:\/\/infois.ro\/index.php?rest_route=\/wp\/v2\/posts\/27860"}],"collection":[{"href":"http:\/\/infois.ro\/index.php?rest_route=\/wp\/v2\/posts"}],"about":[{"href":"http:\/\/infois.ro\/index.php?rest_route=\/wp\/v2\/types\/post"}],"author":[{"embeddable":true,"href":"http:\/\/infois.ro\/index.php?rest_route=\/wp\/v2\/users\/2"}],"replies":[{"embeddable":true,"href":"http:\/\/infois.ro\/index.php?rest_route=%2Fwp%2Fv2%2Fcomments&post=27860"}],"version-history":[{"count":1,"href":"http:\/\/infois.ro\/index.php?rest_route=\/wp\/v2\/posts\/27860\/revisions"}],"predecessor-version":[{"id":27862,"href":"http:\/\/infois.ro\/index.php?rest_route=\/wp\/v2\/posts\/27860\/revisions\/27862"}],"wp:featuredmedia":[{"embeddable":true,"href":"http:\/\/infois.ro\/index.php?rest_route=\/wp\/v2\/media\/27861"}],"wp:attachment":[{"href":"http:\/\/infois.ro\/index.php?rest_route=%2Fwp%2Fv2%2Fmedia&parent=27860"}],"wp:term":[{"taxonomy":"category","embeddable":true,"href":"http:\/\/infois.ro\/index.php?rest_route=%2Fwp%2Fv2%2Fcategories&post=27860"},{"taxonomy":"post_tag","embeddable":true,"href":"http:\/\/infois.ro\/index.php?rest_route=%2Fwp%2Fv2%2Ftags&post=27860"}],"curies":[{"name":"wp","href":"https:\/\/api.w.org\/{rel}","templated":true}]}}