{"id":29833,"date":"2017-07-26T05:57:50","date_gmt":"2017-07-26T02:57:50","guid":{"rendered":"http:\/\/infois.ro\/?p=29833"},"modified":"2017-07-26T05:57:50","modified_gmt":"2017-07-26T02:57:50","slug":"eveniment-caritabil-in-sprijinul-unei-tinere-in-varsta-de-17-ani-care-sufera-de-o-afectiune-rara","status":"publish","type":"post","link":"http:\/\/infois.ro\/?p=29833","title":{"rendered":"Eveniment caritabil \u00een sprijinul unei tinere \u00een v\u00e2rst\u0103 de 17 ani, care sufer\u0103 de o afec\u0163iune rar\u0103"},"content":{"rendered":"<p><a href=\"http:\/\/infois.ro\/wp-content\/uploads\/2017\/07\/maratonul-sperantei.jpg\"><img loading=\"lazy\" decoding=\"async\" class=\"alignleft  wp-image-29834\" src=\"http:\/\/infois.ro\/wp-content\/uploads\/2017\/07\/maratonul-sperantei.jpg\" alt=\"\" width=\"275\" height=\"206\" srcset=\"http:\/\/infois.ro\/wp-content\/uploads\/2017\/07\/maratonul-sperantei.jpg 640w, http:\/\/infois.ro\/wp-content\/uploads\/2017\/07\/maratonul-sperantei-300x225.jpg 300w\" sizes=\"(max-width: 275px) 100vw, 275px\" \/><\/a><\/p>\n<p style=\"text-align: justify;\">Kinetic Pro Move, \u00eempreun\u0103 cu Asocia\u021bia &#8220;\u021aara Tinerilor Uni\u021bi&#8221; anun\u0163\u0103 organizarea s\u00e2mb\u0103t\u0103, 29 iulie, pe Stadionul &#8220;Emil Alexandrescu&#8221; din Ia\u0219i a \u00a0evenimentului caritabil &#8220;Maratonul Speran\u021bei&#8221;, \u00een cadrul c\u0103ruia Alin Vorniceanu, preparator fizic la Kinetic Pro Move, va alerga timp de 24 ore pentru o feti\u021b\u0103 \u00een v\u00e2rst\u0103 de 17 ani, suferind\u0103 de epidermoliz\u0103 buloas\u0103, o afec\u021biune congenital\u0103 care se manifest\u0103 prin apari\u021bia, la nivelul pielii, de forma\u021biuni de fluide. \u00cen cadrul acestui eveniment, cei prezen\u021bi vor avea ocazia s\u0103 ofere o \u0219ans\u0103 \u00een plus spre nomalitate unei feti\u021be a c\u0103rei lupt\u0103 cu provoc\u0103rile vie\u021bii este mult peste puterile ei. Pe baza unei dona\u021bii, ace\u015ftia \u00eel vor putea sus\u021bine pe Alin, alerg\u00e2nd al\u0103turi de el pe pist\u0103, iar \u00eempreun\u0103 s\u0103 aducem z\u00e2mbetul pe buze familiei greu \u00eencercate de soart\u0103&#8221;, precizeaz\u0103 organizatorii, \u00eentr-un comunicat de pres\u0103. Pe l\u00e2ng\u0103 acoperirea tratamemtului lunar al feti\u021bei, familia acesteia va primi sprijin din partea organizatorilor \u00een vederea \u00eembun\u0103t\u0103\u021birii condi\u021biilor zilnice de trai.<\/p>\n<p>&nbsp;<\/p>\n","protected":false},"excerpt":{"rendered":"<p>Kinetic Pro Move, \u00eempreun\u0103 cu Asocia\u021bia &#8220;\u021aara Tinerilor Uni\u021bi&#8221; anun\u0163\u0103 organizarea s\u00e2mb\u0103t\u0103, 29 iulie, pe&#8230; <a class=\"meta-more\" href=\"http:\/\/infois.ro\/?p=29833\">more <span class=\"meta-nav\">&raquo;<\/span><\/a><\/p>\n","protected":false},"author":2,"featured_media":29834,"comment_status":"open","ping_status":"closed","sticky":false,"template":"","format":"standard","meta":{"footnotes":""},"categories":[32],"tags":[3782,40,9574,9573],"aioseo_notices":[],"_links":{"self":[{"href":"http:\/\/infois.ro\/index.php?rest_route=\/wp\/v2\/posts\/29833"}],"collection":[{"href":"http:\/\/infois.ro\/index.php?rest_route=\/wp\/v2\/posts"}],"about":[{"href":"http:\/\/infois.ro\/index.php?rest_route=\/wp\/v2\/types\/post"}],"author":[{"embeddable":true,"href":"http:\/\/infois.ro\/index.php?rest_route=\/wp\/v2\/users\/2"}],"replies":[{"embeddable":true,"href":"http:\/\/infois.ro\/index.php?rest_route=%2Fwp%2Fv2%2Fcomments&post=29833"}],"version-history":[{"count":1,"href":"http:\/\/infois.ro\/index.php?rest_route=\/wp\/v2\/posts\/29833\/revisions"}],"predecessor-version":[{"id":29835,"href":"http:\/\/infois.ro\/index.php?rest_route=\/wp\/v2\/posts\/29833\/revisions\/29835"}],"wp:featuredmedia":[{"embeddable":true,"href":"http:\/\/infois.ro\/index.php?rest_route=\/wp\/v2\/media\/29834"}],"wp:attachment":[{"href":"http:\/\/infois.ro\/index.php?rest_route=%2Fwp%2Fv2%2Fmedia&parent=29833"}],"wp:term":[{"taxonomy":"category","embeddable":true,"href":"http:\/\/infois.ro\/index.php?rest_route=%2Fwp%2Fv2%2Fcategories&post=29833"},{"taxonomy":"post_tag","embeddable":true,"href":"http:\/\/infois.ro\/index.php?rest_route=%2Fwp%2Fv2%2Ftags&post=29833"}],"curies":[{"name":"wp","href":"https:\/\/api.w.org\/{rel}","templated":true}]}}