{"id":32531,"date":"2018-01-12T09:44:47","date_gmt":"2018-01-12T07:44:47","guid":{"rendered":"http:\/\/infois.ro\/?p=32531"},"modified":"2018-01-12T09:44:47","modified_gmt":"2018-01-12T07:44:47","slug":"primarul-mihai-chirica-a-primit-vizita-conducerii-companiei-almaviva","status":"publish","type":"post","link":"http:\/\/infois.ro\/?p=32531","title":{"rendered":"Primarul Mihai Chirica a primit vizita conducerii companiei Almaviva"},"content":{"rendered":"<p><a href=\"http:\/\/infois.ro\/wp-content\/uploads\/2018\/01\/almaviva.jpg\"><img loading=\"lazy\" decoding=\"async\" class=\"alignleft  wp-image-32532\" src=\"http:\/\/infois.ro\/wp-content\/uploads\/2018\/01\/almaviva.jpg\" alt=\"\" width=\"389\" height=\"238\" srcset=\"http:\/\/infois.ro\/wp-content\/uploads\/2018\/01\/almaviva.jpg 640w, http:\/\/infois.ro\/wp-content\/uploads\/2018\/01\/almaviva-300x184.jpg 300w\" sizes=\"(max-width: 389px) 100vw, 389px\" \/><\/a><\/p>\n<p style=\"text-align: justify;\">Primarul Mihai Chirica a avut joi, la Palatul Roznovanu, o \u00eentrevedere cu reprezentan\u021bii conducerii companiei italiene Almaviva. La \u00eent\u00e2lnire au participat directorul general Mirko Giannetti \u0219i managerii zonali Gennaro Aquilar \u0219i Luigi Americo. Ace\u0219tia au declarat c\u0103 inten\u021bioneaz\u0103 s\u0103 extind\u0103 activitatea companiei \u00een municipiul Ia\u0219i, scopul fiind dublarea num\u0103rului de angaja\u021bi \u00een acest an, dar \u0219i extinderea domeniilor de investi\u021bii. \u201eNe bucur\u0103 interesul crescut al investitorilor str\u0103ini pentru Ia\u0219i. Prim\u0103ria va asigura tot sprijinul de care este nevoie \u00een vederea realiz\u0103rii unei colabor\u0103ri fructuoase pentru Ia\u0219i. La finalul discu\u021biei pe care am avut-o cu reprezentan\u021bii companiei Almaviva am decis ca \u00een viitorul apropiat s\u0103 organiz\u0103m la Prim\u0103rie un eveniment dedicat \u00eentregii comunit\u0103\u021bi italiene de business. Consider c\u0103 prin astfel de evenimente vom saluta \u0219i celelalte comunit\u0103\u021bi interna\u021bionale prezente \u00een zona antreprenorial\u0103 din ora\u0219ul nostru\u201d, a declarat primarul Mihai Chirica. Sediul Almaviva din Ia\u0219i are 1.100 de angaja\u021bi vorbitori de limb\u0103 italian\u0103, activ\u00e2nd \u00een sectoarele de call-center \u0219i IT. La nivel mondial compania are peste 50.000 de angaja\u021bi \u0219i opereaz\u0103 prin 58 de sedii. Cifra anual\u0103 de afaceri a companiei este de 709 milioane de euro.<\/p>\n","protected":false},"excerpt":{"rendered":"<p>Primarul Mihai Chirica a avut joi, la Palatul Roznovanu, o \u00eentrevedere cu reprezentan\u021bii conducerii companiei&#8230; <a class=\"meta-more\" href=\"http:\/\/infois.ro\/?p=32531\">more <span class=\"meta-nav\">&raquo;<\/span><\/a><\/p>\n","protected":false},"author":2,"featured_media":32532,"comment_status":"closed","ping_status":"closed","sticky":false,"template":"","format":"standard","meta":{"footnotes":""},"categories":[6,41],"tags":[74,10220,1796,40,1583,541],"aioseo_notices":[],"_links":{"self":[{"href":"http:\/\/infois.ro\/index.php?rest_route=\/wp\/v2\/posts\/32531"}],"collection":[{"href":"http:\/\/infois.ro\/index.php?rest_route=\/wp\/v2\/posts"}],"about":[{"href":"http:\/\/infois.ro\/index.php?rest_route=\/wp\/v2\/types\/post"}],"author":[{"embeddable":true,"href":"http:\/\/infois.ro\/index.php?rest_route=\/wp\/v2\/users\/2"}],"replies":[{"embeddable":true,"href":"http:\/\/infois.ro\/index.php?rest_route=%2Fwp%2Fv2%2Fcomments&post=32531"}],"version-history":[{"count":1,"href":"http:\/\/infois.ro\/index.php?rest_route=\/wp\/v2\/posts\/32531\/revisions"}],"predecessor-version":[{"id":32533,"href":"http:\/\/infois.ro\/index.php?rest_route=\/wp\/v2\/posts\/32531\/revisions\/32533"}],"wp:featuredmedia":[{"embeddable":true,"href":"http:\/\/infois.ro\/index.php?rest_route=\/wp\/v2\/media\/32532"}],"wp:attachment":[{"href":"http:\/\/infois.ro\/index.php?rest_route=%2Fwp%2Fv2%2Fmedia&parent=32531"}],"wp:term":[{"taxonomy":"category","embeddable":true,"href":"http:\/\/infois.ro\/index.php?rest_route=%2Fwp%2Fv2%2Fcategories&post=32531"},{"taxonomy":"post_tag","embeddable":true,"href":"http:\/\/infois.ro\/index.php?rest_route=%2Fwp%2Fv2%2Ftags&post=32531"}],"curies":[{"name":"wp","href":"https:\/\/api.w.org\/{rel}","templated":true}]}}