{"id":34606,"date":"2018-05-15T12:58:49","date_gmt":"2018-05-15T09:58:49","guid":{"rendered":"http:\/\/infois.ro\/?p=34606"},"modified":"2018-05-15T12:58:49","modified_gmt":"2018-05-15T09:58:49","slug":"eveniment-de-promovare-a-antreprenoriatului-in-randul-elevilor","status":"publish","type":"post","link":"http:\/\/infois.ro\/?p=34606","title":{"rendered":"Eveniment de promovare a antreprenoriatului \u00een r\u00e2ndul elevilor"},"content":{"rendered":"<p id=\"yui_3_16_0_ym19_1_1526377840018_15160\" class=\"yiv1788266663ydpd3e83725MsoNormal\" style=\"text-align: justify;\"><span id=\"yui_3_16_0_ym19_1_1526377840018_15159\"><a href=\"http:\/\/infois.ro\/wp-content\/uploads\/2018\/05\/antreprenoriat.jpg\"><img loading=\"lazy\" decoding=\"async\" class=\"alignleft  wp-image-34607\" src=\"http:\/\/infois.ro\/wp-content\/uploads\/2018\/05\/antreprenoriat.jpg\" alt=\"\" width=\"368\" height=\"276\" srcset=\"http:\/\/infois.ro\/wp-content\/uploads\/2018\/05\/antreprenoriat.jpg 640w, http:\/\/infois.ro\/wp-content\/uploads\/2018\/05\/antreprenoriat-300x225.jpg 300w\" sizes=\"(max-width: 368px) 100vw, 368px\" \/><\/a>Peste 180 de elevi au participat la conferin\u021ba \u201dVreau s\u0103 fiu antreprenor!\u201d, care s-a desf\u0103\u0219urat la\u00a0Liceul Teoretic &#8220;V. Alecsandri&#8221; Ia\u0219i, la sf\u00e2r\u0219itul s\u0103pt\u0103m\u00e2nii trecute.\u00a0Conferin\u021ba a avut scopul de a promova antreprenoriatul \u00een r\u00e2ndul elevilor liceeni din Ia\u0219i, evenimentul fiind organizat de Funda\u021bia Romanian Business Leaders, din Bucure\u0219ti, \u00een parteneriat cu I.S.J. Ia\u0219i.<\/span><\/p>\n<p id=\"yui_3_16_0_ym19_1_1526377840018_15206\" class=\"yiv1788266663ydpd3e83725MsoNormal\" style=\"text-align: justify;\"><span id=\"yui_3_16_0_ym19_1_1526377840018_15205\">Au participat elevi de la Liceul Teoretic \u201dVasile Alecsandri\u201d, Colegiul Na\u021bional \u201dEmil Racovi\u021b\u0103\u201d, Colegiul Na\u021bional \u201dCostache Negruzzi\u201d, Colegiul Na\u021bional, Colegiul Na\u021bional \u201dGarabet Ibr\u0103ileanu\u201d, Colegiul Pedagogic \u201dVasile Lupu\u201d, Liceul Teoretic \u201dDimitrie Cantemir\u201d, Liceul Teoretic \u201dAl. I. Cuza\u201d, Liceul Tehnologic Economic \u201dVirgil Madgearu\u201d \u0219i de la Colegiul Tehnic \u201dMihail Sturdza\u201d din Ia\u0219i. Ace\u0219tia au discutat \u00eentr-un mod interactiv cu\u00a0antreprenori de succes din jude\u021bul Ia\u0219i despre rolul\u00a0antreprenoriatului \u0219i despre cum arat\u0103 via\u021ba unui antreprenor: provoc\u0103ri, satisfac\u021bii; impactul antreprenoriatului \u00een societate \u0219i valoarea produs\u0103; principii de etic\u0103 \u0219i integritate \u00een business, participan\u021bilor\u00a0fiindu-le\u00a0lansat\u0103 provocarea de a se g\u00e2ndi la o idee de afacere pe care s\u0103 o prezinte la finalul evenimentului. Astfel, 5 dintre elevii care \u0219i-au prezentat ideea au fost premia\u021bi de c\u0103tre organizatori cu\u00a0 volumul \u201cGhidul practic al antreprenorului\u201d.<\/span><\/p>\n<p id=\"yui_3_16_0_ym19_1_1526377840018_15243\" class=\"yiv1788266663ydpd3e83725MsoNormal\" style=\"text-align: justify;\"><span id=\"yui_3_16_0_ym19_1_1526377840018_15242\">Invita\u021bii au \u00eemp\u0103rt\u0103\u0219it din experien\u021ba lor, \u00eencerc\u00e2nd \u201ds\u0103 trezeasc\u0103\u201d antreprenorul \u00een tinerii participan\u021bi la conferin\u021b\u0103. Astfel, evenimentul a reprezentat o experien\u021b\u0103 inedit\u0103, care i-a \u00eenc\u00e2ntat at\u00e2t pe oamenii de afaceri, c\u00e2t \u0219i pe liceenii ie\u0219eni.<\/span><\/p>\n<p id=\"yui_3_16_0_ym19_1_1526377840018_15244\" class=\"yiv1788266663ydpd3e83725MsoNormal\" style=\"text-align: justify;\">\n","protected":false},"excerpt":{"rendered":"<p>Peste 180 de elevi au participat la conferin\u021ba \u201dVreau s\u0103 fiu antreprenor!\u201d, care s-a desf\u0103\u0219urat&#8230; <a class=\"meta-more\" href=\"http:\/\/infois.ro\/?p=34606\">more <span class=\"meta-nav\">&raquo;<\/span><\/a><\/p>\n","protected":false},"author":2,"featured_media":34607,"comment_status":"closed","ping_status":"closed","sticky":false,"template":"","format":"standard","meta":{"footnotes":""},"categories":[12,41],"tags":[74,2195,7843,227,89,40],"aioseo_notices":[],"_links":{"self":[{"href":"http:\/\/infois.ro\/index.php?rest_route=\/wp\/v2\/posts\/34606"}],"collection":[{"href":"http:\/\/infois.ro\/index.php?rest_route=\/wp\/v2\/posts"}],"about":[{"href":"http:\/\/infois.ro\/index.php?rest_route=\/wp\/v2\/types\/post"}],"author":[{"embeddable":true,"href":"http:\/\/infois.ro\/index.php?rest_route=\/wp\/v2\/users\/2"}],"replies":[{"embeddable":true,"href":"http:\/\/infois.ro\/index.php?rest_route=%2Fwp%2Fv2%2Fcomments&post=34606"}],"version-history":[{"count":1,"href":"http:\/\/infois.ro\/index.php?rest_route=\/wp\/v2\/posts\/34606\/revisions"}],"predecessor-version":[{"id":34608,"href":"http:\/\/infois.ro\/index.php?rest_route=\/wp\/v2\/posts\/34606\/revisions\/34608"}],"wp:featuredmedia":[{"embeddable":true,"href":"http:\/\/infois.ro\/index.php?rest_route=\/wp\/v2\/media\/34607"}],"wp:attachment":[{"href":"http:\/\/infois.ro\/index.php?rest_route=%2Fwp%2Fv2%2Fmedia&parent=34606"}],"wp:term":[{"taxonomy":"category","embeddable":true,"href":"http:\/\/infois.ro\/index.php?rest_route=%2Fwp%2Fv2%2Fcategories&post=34606"},{"taxonomy":"post_tag","embeddable":true,"href":"http:\/\/infois.ro\/index.php?rest_route=%2Fwp%2Fv2%2Ftags&post=34606"}],"curies":[{"name":"wp","href":"https:\/\/api.w.org\/{rel}","templated":true}]}}