{"id":37306,"date":"2018-10-19T09:23:14","date_gmt":"2018-10-19T06:23:14","guid":{"rendered":"http:\/\/infois.ro\/?p=37306"},"modified":"2018-10-19T09:23:14","modified_gmt":"2018-10-19T06:23:14","slug":"oportunitati-de-colaborare-cu-norvegia","status":"publish","type":"post","link":"http:\/\/infois.ro\/?p=37306","title":{"rendered":"Oportunit\u0103\u021bi de colaborare cu Norvegia"},"content":{"rendered":"<p><a href=\"http:\/\/infois.ro\/wp-content\/uploads\/2018\/10\/norvegia.jpg\"><img loading=\"lazy\" decoding=\"async\" class=\"alignleft  wp-image-37307\" src=\"http:\/\/infois.ro\/wp-content\/uploads\/2018\/10\/norvegia.jpg\" alt=\"\" width=\"416\" height=\"247\" srcset=\"http:\/\/infois.ro\/wp-content\/uploads\/2018\/10\/norvegia.jpg 640w, http:\/\/infois.ro\/wp-content\/uploads\/2018\/10\/norvegia-300x178.jpg 300w\" sizes=\"(max-width: 416px) 100vw, 416px\" \/><\/a><\/p>\n<p style=\"text-align: justify;\">O delega\u021bie de oameni de afaceri din Norvegia, \u00eenso\u021bit\u0103 de Ionu\u021b Eriksen, pre\u0219edintele Camerei de Comer\u021b Norvegia &#8211; Rom\u00e2nia (NOROCC), s-a \u00eent\u00e2lnit joi, 18 octombrie, cu primarul Mihai Chirica. Discu\u021biile purtate cu acest prilej au vizat domeniile \u00een care reprezentan\u021bi ai mediului de afaceri din Norvegia pot colabora cu institu\u021bii sau companii din zona Ia\u0219ului. Astfel, municipalitatea ie\u0219ean\u0103, dar nu numai, ar putea beneficia de consultan\u021b\u0103 din partea speciali\u0219tilor norvegieni \u00een ceea ce prive\u0219te accesarea de finan\u021b\u0103ri, managementul contractelor viz\u00e2nd proiecte \u00eenscrise \u00een aria smart city etc. Primarul Mihai Chirica a sus\u021binut c\u0103 pe aceast\u0103 linie exist\u0103 multiple posibilit\u0103\u021bi de colaborare, inclusiv cu universit\u0103\u021bile ie\u0219ene \u0219i cu mediul de afaceri local, prin intermediul Camerei de Comer\u021b \u0219i Industrie Ia\u0219i. De asemenea, oaspe\u021bii norvegieni \u0219i-au ar\u0103tat interesul pentru colabor\u0103ri \u00een sectorul vini-viticol, \u0219eful municipalit\u0103\u021bii ie\u0219ene pled\u00e2nd pentru organizarea la Ia\u0219i a unei \u201eBurse a Vinurilor\u201d, prin implicarea podgoriilor locale \u0219i a celor din Republica Moldova, experien\u021ba partenerilor norvegieni urm\u00e2nd a fi exploatat\u0103 \u00een promovarea la nivel interna\u021bional a vinurilor de calitate produse \u00een zona noastr\u0103. Potrivit unui comunicat al Biroului de pres\u0103 al Prim\u0103riei Ia\u015fi, un subiect extrem de interesant a fost acela al colabor\u0103rii cu norvegienii \u00een ceea ce prive\u0219te verificarea st\u0103rii infrastructurii de transport a apelor uzate \u0219i a agentului termic, companiile care exploateaz\u0103 astfel de re\u021bele \u00een Ia\u0219i urm\u00e2nd a primi detalii despre tehnologia utilizat\u0103 de norvegieni \u00een acest domeniu. Nu \u00een ultimul r\u00e2nd, colabor\u0103rile din domeniul atragerii de fonduri \u0219i managementul acestora, precum \u0219i cele dintre firmele ie\u0219ene \u0219i companii norvegiene vor putea fi completate \u0219i prin crearea unui forum cultural bilateral, prin intermediul c\u0103ruia s\u0103 fie promovate valori ale culturii \u0219i civiliza\u021biei din cele dou\u0103 \u021b\u0103ri. \u201eMul\u021bumim Camerei de Comer\u021b Norvegia-Rom\u00e2nia pentru implicarea \u00een dezvoltarea rela\u021biilor de afaceri \u0219i institu\u021bionale dintre cele dou\u0103 \u021b\u0103ri \u0219i asigur\u0103m c\u0103 Municipiul Ia\u0219i, at\u00e2t \u00een ceea ce prive\u0219te administra\u021bia local\u0103, c\u00e2t \u0219i mediul de business, prin intermediul Camerei de Comer\u021b \u0219i Industrie Ia\u0219i, este deschis multiplelor posibilit\u0103\u021bi de colaborare existente. Vom avea \u00een vedere crearea unor mecanisme de cooperare pe viitor, deoarece suntem convin\u0219i c\u0103 exist\u0103 oportunit\u0103\u021bi at\u00e2t \u00een ceea ce prive\u0219te protec\u021bia mediului, solu\u021bii inovative \u00een producerea \u0219i conservarea energiei, managementul proiectelor, zona de business \u0219i cea cultural\u0103. Vom face o scrisoare de inten\u021bie cu privire la domeniile de colaborare pe care le-am identificat \u0219i vom exploata la capacitate maxim\u0103 oportunit\u0103\u021bile pe care le avem\u201d, a declarat, la finalul \u00eentrevederii, primarul Mihai Chirica.<\/p>\n","protected":false},"excerpt":{"rendered":"<p>O delega\u021bie de oameni de afaceri din Norvegia, \u00eenso\u021bit\u0103 de Ionu\u021b Eriksen, pre\u0219edintele Camerei de&#8230; <a class=\"meta-more\" href=\"http:\/\/infois.ro\/?p=37306\">more <span class=\"meta-nav\">&raquo;<\/span><\/a><\/p>\n","protected":false},"author":2,"featured_media":37307,"comment_status":"closed","ping_status":"closed","sticky":false,"template":"","format":"standard","meta":{"footnotes":""},"categories":[1,41],"tags":[74,11339,11337,11340,40,11338,8587],"aioseo_notices":[],"_links":{"self":[{"href":"http:\/\/infois.ro\/index.php?rest_route=\/wp\/v2\/posts\/37306"}],"collection":[{"href":"http:\/\/infois.ro\/index.php?rest_route=\/wp\/v2\/posts"}],"about":[{"href":"http:\/\/infois.ro\/index.php?rest_route=\/wp\/v2\/types\/post"}],"author":[{"embeddable":true,"href":"http:\/\/infois.ro\/index.php?rest_route=\/wp\/v2\/users\/2"}],"replies":[{"embeddable":true,"href":"http:\/\/infois.ro\/index.php?rest_route=%2Fwp%2Fv2%2Fcomments&post=37306"}],"version-history":[{"count":1,"href":"http:\/\/infois.ro\/index.php?rest_route=\/wp\/v2\/posts\/37306\/revisions"}],"predecessor-version":[{"id":37308,"href":"http:\/\/infois.ro\/index.php?rest_route=\/wp\/v2\/posts\/37306\/revisions\/37308"}],"wp:featuredmedia":[{"embeddable":true,"href":"http:\/\/infois.ro\/index.php?rest_route=\/wp\/v2\/media\/37307"}],"wp:attachment":[{"href":"http:\/\/infois.ro\/index.php?rest_route=%2Fwp%2Fv2%2Fmedia&parent=37306"}],"wp:term":[{"taxonomy":"category","embeddable":true,"href":"http:\/\/infois.ro\/index.php?rest_route=%2Fwp%2Fv2%2Fcategories&post=37306"},{"taxonomy":"post_tag","embeddable":true,"href":"http:\/\/infois.ro\/index.php?rest_route=%2Fwp%2Fv2%2Ftags&post=37306"}],"curies":[{"name":"wp","href":"https:\/\/api.w.org\/{rel}","templated":true}]}}