{"id":40097,"date":"2019-03-21T08:51:02","date_gmt":"2019-03-21T06:51:02","guid":{"rendered":"http:\/\/infois.ro\/?p=40097"},"modified":"2019-03-21T08:51:02","modified_gmt":"2019-03-21T06:51:02","slug":"reteaua-de-termoficare-din-municipiu-reabilitata-si-extinsa-de-primarie-cu-sprijinul-veolia-energie","status":"publish","type":"post","link":"http:\/\/infois.ro\/?p=40097","title":{"rendered":"Re\u0163eaua de termoficare din municipiu, reabilitat\u0103 \u015fi extins\u0103 de Prim\u0103rie cu sprijinul Veolia Energie"},"content":{"rendered":"<p><a href=\"http:\/\/infois.ro\/wp-content\/uploads\/2016\/08\/termoficare.jpg\"><img loading=\"lazy\" decoding=\"async\" class=\"alignleft  wp-image-24685\" src=\"http:\/\/infois.ro\/wp-content\/uploads\/2016\/08\/termoficare.jpg\" alt=\"\" width=\"375\" height=\"249\" srcset=\"http:\/\/infois.ro\/wp-content\/uploads\/2016\/08\/termoficare.jpg 640w, http:\/\/infois.ro\/wp-content\/uploads\/2016\/08\/termoficare-300x199.jpg 300w\" sizes=\"(max-width: 375px) 100vw, 375px\" \/><\/a><\/p>\n<p style=\"text-align: justify;\">Prim\u0103ria Municipiului Ia\u0219i beneficiaz\u0103 \u0219i \u00een 2019 de sprijinul Veolia Energie Ia\u0219i (VEI) \u00een finalizarea unei serii de proiecte de reabilitare a re\u021belelor termice primare \u0219i secundare. VEI \u00ee\u0219i va folosi astfel experien\u021ba \u00een domeniu pentru a oferi consultan\u021b\u0103 pentru finalizarea lucr\u0103rilor, \u00eens\u0103 executan\u021bii acestor proiecte sunt alte companii desemnate de c\u0103tre PMI, beneficiarul lucr\u0103rilor, informeaz\u0103, \u00eentr-un comunicat, reprezentan\u0163ii Veolia Energie Ia\u015fi. \u00cen urma implement\u0103rii acestor proiecte, re\u021beaua termic\u0103 primar\u0103 din municipiu va fi reabilitat\u0103 pe o por\u021biune de 12,8 kilometri, cu scopul de a reduce pierderile de re\u021bea, de aproximativ 24.000 de Gcal. Lucr\u0103rile la re\u021beaua termic\u0103 primar\u0103, vizate pentru anul 2019, se deruleaz\u0103 conform calendarului de interven\u021bii al executantului de proiect, desemnat de c\u0103tre PMI, \u00een perioadele: februarie 2019 \u2013 iunie 2019, \u00een fa\u021b\u0103 la ISPAL, \u00een zona industrial\u0103 Calea Chi\u0219in\u0103ului; mai 2018 \u2013 mai 2019, \u00een cartierul Bularga, zona Granit, pe str. Bucium, subtraversarea Bd. Socola \u0219i str. Cronicar Mustea; august 2018\u00a0 \u2013 august 2019, zona \u021aes\u0103tura, pe Calea Chi\u0219in\u0103ului, subtraversare Bd. Prim\u0103verii \u0219i pe Bulevardul \u0162u\u0163ora; mai 2018 \u2013 mai 2019, \u00een cartierul Socola, Aleea Nicolina, Aleea Roselor, subtraversare Bd. Socola; august 2018 \u2013 iulie 2019, \u00een zona UMF \u2013 Nicolae Gane, perimetrul lucr\u0103rii cuprinde strada Nicolae B\u0103lcescu, curtea IML, strada Sulfinei \u0219i strada Lasc\u0103r Catargi; aprilie 2019 \u2013 octombrie 2019, \u00een cartierul P\u0103curari, perimetrul lucr\u0103rii cuprinde strada Toma Cozma, strada P\u0103curari, spa\u021biul verde cuprins \u00eentre str\u0103zile men\u021bionate anterior, strada Ci\u0219meaua P\u0103curari \u0219i \u0218oseaua Arcu; noiembrie 2018 \u2013 iunie 2019, \u00een zona Pasaj \u201cOctav B\u0103ncil\u0103\u201d, perimetrul lucr\u0103rii cuprinde strada Str\u0103pungerea Silvestru (partea spre calea ferat\u0103), \u0218oseaua Arcu \u0219i strada Rampei; septembrie 2018 \u2013 septembrie 2019, \u00een cartierul Dacia, perimetrul lucr\u0103rii cuprinde \u0218oseaua Na\u021bional\u0103, Bulevardul Alexandru Cel Bun, Bulevardul Dacia, strada Amurgului, Aleea Sucidava \u0219i Strada St\u0103mo\u0219ilor. Re\u021beaua termic\u0103 secundar\u0103 va fi \u0219i ea reabilitat\u0103 pe o por\u021biune de 11,9 kilometri, ceea ce va aduce o reducere a pierderilor din re\u021bea cu aproximativ 1.700 de Gcal. Lucr\u0103rile la re\u021beaua termic\u0103 secundar\u0103 vizate pe anul 2019 se deruleaz\u0103 conform calendarului de interven\u021bii al executantului de proiect, desemnat de c\u0103tre PMI, \u00een perioadele: iunie 2018 \u2013 iunie 2019, \u00een cartierul Nicolina, perimetrul lucr\u0103rii cuprinde strada Bradului, strada Pantelimon Halipa, strada Orientului, strada Minervei, strada Egalit\u0103\u021bii \u0219i strada S\u0103lciilor; iunie 2018 \u2013 octombrie 2019, \u00een cartierul Nicolina, perimetrul lucr\u0103rii cuprinde strada Minervei, strada Gheorghe Doja, strada Egalit\u0103\u021bii, strada Petre \u021au\u021bea, strada Salciilor \u0219i strada Orientului; februarie 2019 \u2013 octombrie 2019, \u00een cartierul T\u0103t\u0103ra\u0219i, strada Ciurchi \u0219i strada Vasile Lupu; octombrie 2018 \u2013 iunie 2019, \u00een cartierul T\u0103t\u0103ra\u0219i, strada Ciurchi \u0219i strada Vasile Lupu; aprilie2019 \u2013 octombrie 2019, \u00een cartierul T\u0103t\u0103ra\u0219i, strada Ciurchi, strada Vasile Lupu \u0219i strada Han Tatar; martie 2019 \u2013 octombrie 2019, \u00een cartierul T\u0103t\u0103ra\u0219i, strada Stejar \u0219i strada Ciric; martie 2019 \u2013 octombrie 2019, \u00een cartierul T\u0103t\u0103ra\u0219i, strada Ion Creanga, strada Vasile Lupu \u0219i strada Doctor Savini; martie 2019 \u2013 octombrie 2019, \u00een cartierul T\u0103t\u0103ra\u0219i, strada Stejar \u0219i Ciric. Prim\u0103ria Municipiului Ia\u0219i se ocup\u0103 \u00een acela\u0219i timp \u0219i de extinderea Programului Opera\u021bional Infrastructur\u0103 Mare. Proiectul, \u00eenceput \u00een anul 2018 \u0219i care se va finaliza \u00een 2020, implic\u0103 modernizarea unui traseu de 8,6 kilometri, prin care se va reduce o pierdere pe re\u021bea de 10.500 Gcal. Prim\u0103ria va continua lucr\u0103rile pentru extinderea traseului \u00eencep\u00e2nd cu 15 septembrie, \u00een cartierul Tudor Vladimirescu, urm\u00e2nd ca pentru cartierele Baza Copou \u0219i Centru, lucr\u0103rile s\u0103 \u00eenceap\u0103 \u00een luna aprilie a anului 2020. \u00a0\u00cen paralel, Veolia Energie Ia\u0219i, \u00een parteneriat cu Prim\u0103ria Municipiului Ia\u0219i, urmeaz\u0103 s\u0103 extind\u0103 re\u021beaua primar\u0103 ce presupune dezvoltarea termofic\u0103rii centralizate \u00een dou\u0103 cartiere, Bucium \u0219i respective Copou, precum \u0219i racordarea la SACET a unor institu\u021bii publice \u0219i blocuri de locuin\u021be. Veolia Energie Ia\u0219i ac\u021bioneaz\u0103 \u00een prezent ca furnizor de energie termic\u0103 pentru 28.000 de apartamente \u0219i 77 de institu\u021bii de \u00eenv\u0103\u021b\u0103m\u00e2nt, din care trei universit\u0103\u021bi, 28 de institu\u021bii publice, opt spitale \u0219i 305 agen\u021bi economici (hoteluri, cl\u0103diri de birouri \u0219i altele), racordate la sistemul de distribu\u021bie termic\u0103 pe orizontal\u0103.<\/p>\n","protected":false},"excerpt":{"rendered":"<p>Prim\u0103ria Municipiului Ia\u0219i beneficiaz\u0103 \u0219i \u00een 2019 de sprijinul Veolia Energie Ia\u0219i (VEI) \u00een finalizarea&#8230; <a class=\"meta-more\" href=\"http:\/\/infois.ro\/?p=40097\">more <span class=\"meta-nav\">&raquo;<\/span><\/a><\/p>\n","protected":false},"author":2,"featured_media":24685,"comment_status":"closed","ping_status":"closed","sticky":false,"template":"","format":"standard","meta":{"footnotes":""},"categories":[6,41],"tags":[74,2848,40,1583,9855,3916],"aioseo_notices":[],"_links":{"self":[{"href":"http:\/\/infois.ro\/index.php?rest_route=\/wp\/v2\/posts\/40097"}],"collection":[{"href":"http:\/\/infois.ro\/index.php?rest_route=\/wp\/v2\/posts"}],"about":[{"href":"http:\/\/infois.ro\/index.php?rest_route=\/wp\/v2\/types\/post"}],"author":[{"embeddable":true,"href":"http:\/\/infois.ro\/index.php?rest_route=\/wp\/v2\/users\/2"}],"replies":[{"embeddable":true,"href":"http:\/\/infois.ro\/index.php?rest_route=%2Fwp%2Fv2%2Fcomments&post=40097"}],"version-history":[{"count":1,"href":"http:\/\/infois.ro\/index.php?rest_route=\/wp\/v2\/posts\/40097\/revisions"}],"predecessor-version":[{"id":40098,"href":"http:\/\/infois.ro\/index.php?rest_route=\/wp\/v2\/posts\/40097\/revisions\/40098"}],"wp:featuredmedia":[{"embeddable":true,"href":"http:\/\/infois.ro\/index.php?rest_route=\/wp\/v2\/media\/24685"}],"wp:attachment":[{"href":"http:\/\/infois.ro\/index.php?rest_route=%2Fwp%2Fv2%2Fmedia&parent=40097"}],"wp:term":[{"taxonomy":"category","embeddable":true,"href":"http:\/\/infois.ro\/index.php?rest_route=%2Fwp%2Fv2%2Fcategories&post=40097"},{"taxonomy":"post_tag","embeddable":true,"href":"http:\/\/infois.ro\/index.php?rest_route=%2Fwp%2Fv2%2Ftags&post=40097"}],"curies":[{"name":"wp","href":"https:\/\/api.w.org\/{rel}","templated":true}]}}