{"id":41812,"date":"2019-06-07T09:09:28","date_gmt":"2019-06-07T06:09:28","guid":{"rendered":"http:\/\/infois.ro\/?p=41812"},"modified":"2019-06-07T09:09:28","modified_gmt":"2019-06-07T06:09:28","slug":"eco-parada-o-traditie-a-scolii-ion-creanga-targu-frumos","status":"publish","type":"post","link":"http:\/\/infois.ro\/?p=41812","title":{"rendered":"ECO Parada \u2013 o tradi\u0163ie a \u015ecolii \u201cIon Creang\u0103\u201d T\u00e2rgu Frumos"},"content":{"rendered":"<p><a href=\"http:\/\/infois.ro\/wp-content\/uploads\/2019\/06\/eco-parada.jpg\"><img loading=\"lazy\" decoding=\"async\" class=\"alignleft  wp-image-41813\" src=\"http:\/\/infois.ro\/wp-content\/uploads\/2019\/06\/eco-parada.jpg\" alt=\"\" width=\"394\" height=\"197\" srcset=\"http:\/\/infois.ro\/wp-content\/uploads\/2019\/06\/eco-parada.jpg 640w, http:\/\/infois.ro\/wp-content\/uploads\/2019\/06\/eco-parada-300x150.jpg 300w\" sizes=\"(max-width: 394px) 100vw, 394px\" \/><\/a><\/p>\n<p style=\"text-align: justify;\">Ziua Mondial\u0103 a Mediului \u015fi prima s\u0103pt\u0103m\u00e2n\u0103 din iunie reprezint\u0103 un moment mult a\u015fteptat pentru elevii \u015ecolii Gimnaziale \u201cIon Creang\u0103\u201d T\u00e2rgu Frumos \u2013 spectacolul concurs \u201cECO Parada\u201d. \u00cen acest an manifestarea a ajuns la cea de-a opta edi\u0163ie. Evenimentul, coordonat de dna. prof. Cristina Gogan, a avut loc la Casa de Cultur\u0103 din ora\u015f \u015fi a antrenat elevii claselor gimnaziale din \u015fcoal\u0103. \u00centr-o loca\u0163ie prietenoas\u0103 cu mediul, copiii au fost, pentru c\u00e2teva ore, mesagerii planetei noastre printr-o defilare \u00een \u0163inute ECO realizate din materiale reciclabile. Prin momente artistice \u015fi sportive, prin imagini \u015fi culoare, ei au transmis un mesaj tuturor locuitorilor ora\u015fului: <strong>\u201cUn mediu curat \u00eenseamn\u0103 o via\u0163\u0103 s\u0103n\u0103toas\u0103!\u201d<\/strong> La spectacol au participat, ca invita\u0163i, fo\u015fti elevi ai \u015fcolii care s-au remarcat de-a lungul anilor printr-un real talent artistic, p\u0103rin\u0163i, cadre didactice, dar \u015fi c\u00e2\u015ftig\u0103torii edi\u0163iei anterioare a concursului.<\/p>\n<p style=\"text-align: justify;\">La edi\u0163ia din acest an au fost desemna\u0163i Miss \u015fi Mister ECO Parada, s-au acordat premii pentru cel mai haios costum, pentru atitudine, pentru originalitate \u015fi pentru popularitate.<\/p>\n<p style=\"text-align: justify;\">La finalul manifest\u0103rii at\u00e2t cei mici c\u00e2t \u015fi cei mari au plecat cu regretul c\u0103 a mai trecut o ECO Parad\u0103, cu speran\u0163a c\u0103 noi to\u0163i vom fi mai aten\u0163i cu mediul \u00eenconjur\u0103tor \u015fi cu convingerea ferm\u0103 c\u0103, peste mai pu\u0163in de un an, vor putea participa la IX-a edi\u0163ie \u201cECO Parada\u201d.<\/p>\n","protected":false},"excerpt":{"rendered":"<p>Ziua Mondial\u0103 a Mediului \u015fi prima s\u0103pt\u0103m\u00e2n\u0103 din iunie reprezint\u0103 un moment mult a\u015fteptat pentru&#8230; <a class=\"meta-more\" href=\"http:\/\/infois.ro\/?p=41812\">more <span class=\"meta-nav\">&raquo;<\/span><\/a><\/p>\n","protected":false},"author":2,"featured_media":41813,"comment_status":"closed","ping_status":"closed","sticky":false,"template":"","format":"standard","meta":{"footnotes":""},"categories":[12],"tags":[12291,89,40,4446,12292],"aioseo_notices":[],"_links":{"self":[{"href":"http:\/\/infois.ro\/index.php?rest_route=\/wp\/v2\/posts\/41812"}],"collection":[{"href":"http:\/\/infois.ro\/index.php?rest_route=\/wp\/v2\/posts"}],"about":[{"href":"http:\/\/infois.ro\/index.php?rest_route=\/wp\/v2\/types\/post"}],"author":[{"embeddable":true,"href":"http:\/\/infois.ro\/index.php?rest_route=\/wp\/v2\/users\/2"}],"replies":[{"embeddable":true,"href":"http:\/\/infois.ro\/index.php?rest_route=%2Fwp%2Fv2%2Fcomments&post=41812"}],"version-history":[{"count":1,"href":"http:\/\/infois.ro\/index.php?rest_route=\/wp\/v2\/posts\/41812\/revisions"}],"predecessor-version":[{"id":41814,"href":"http:\/\/infois.ro\/index.php?rest_route=\/wp\/v2\/posts\/41812\/revisions\/41814"}],"wp:featuredmedia":[{"embeddable":true,"href":"http:\/\/infois.ro\/index.php?rest_route=\/wp\/v2\/media\/41813"}],"wp:attachment":[{"href":"http:\/\/infois.ro\/index.php?rest_route=%2Fwp%2Fv2%2Fmedia&parent=41812"}],"wp:term":[{"taxonomy":"category","embeddable":true,"href":"http:\/\/infois.ro\/index.php?rest_route=%2Fwp%2Fv2%2Fcategories&post=41812"},{"taxonomy":"post_tag","embeddable":true,"href":"http:\/\/infois.ro\/index.php?rest_route=%2Fwp%2Fv2%2Ftags&post=41812"}],"curies":[{"name":"wp","href":"https:\/\/api.w.org\/{rel}","templated":true}]}}