{"id":43149,"date":"2019-09-05T15:43:55","date_gmt":"2019-09-05T12:43:55","guid":{"rendered":"http:\/\/infois.ro\/?p=43149"},"modified":"2019-09-05T15:43:55","modified_gmt":"2019-09-05T12:43:55","slug":"noul-an-scolar-va-fi-inaugurat-la-scoala-primara-mihail-kogalniceanu","status":"publish","type":"post","link":"http:\/\/infois.ro\/?p=43149","title":{"rendered":"Noul an \u015fcolar va fi inaugurat la \u015ecoala primar\u0103 \u201eMihail Kog\u0103lniceanu\u201d"},"content":{"rendered":"<p><a href=\"http:\/\/infois.ro\/wp-content\/uploads\/2015\/09\/noul-an-scolar.jpg\"><img loading=\"lazy\" decoding=\"async\" class=\"alignleft  wp-image-19397\" src=\"http:\/\/infois.ro\/wp-content\/uploads\/2015\/09\/noul-an-scolar.jpg\" alt=\"\" width=\"308\" height=\"231\" srcset=\"http:\/\/infois.ro\/wp-content\/uploads\/2015\/09\/noul-an-scolar.jpg 600w, http:\/\/infois.ro\/wp-content\/uploads\/2015\/09\/noul-an-scolar-300x225.jpg 300w\" sizes=\"(max-width: 308px) 100vw, 308px\" \/><\/a><\/p>\n<p style=\"text-align: justify;\">Noul an \u015fcolar va fi inaugurat oficial, la Ia\u015fi, pe\u00a0 9 septembrie, la ora 9.00, la \u015ecoala primar\u0103 \u201eMihail Kog\u0103lniceanu\u201d, din Copou, \u00een prezen\u0163a autorit\u0103\u0163ilor locale \u015fi a conducerii Inspectoratului \u015ecolar Jude\u0163ean. Potrivit inspectorului general al Inspectoratului \u015ecolar Jude\u0163ean Ia\u015fi, Genoveva Farca\u015f, manifest\u0103rile de deschidere a noului an \u015fcolar vor continua, la ora 11.30, la \u015ecoala gimnazial\u0103 Oboroceni din comuna Hele\u015fteni, urmate, la ora 13.00, de cele programate la Liceul Teoretic \u201eIon Neculce\u201d din T\u00e2rgu Frumos. Festivit\u0103\u0163ile prilejuite de inaugurarea noului an \u015fcolar \u00een jude\u0163ul Ia\u015fi se vor \u00eencheia, la ora 14.00, la Liceul Special \u201eMoldova\u201d din T\u00e2rgu Frumos.<\/p>\n","protected":false},"excerpt":{"rendered":"<p>Noul an \u015fcolar va fi inaugurat oficial, la Ia\u015fi, pe\u00a0 9 septembrie, la ora 9.00,&#8230; <a class=\"meta-more\" href=\"http:\/\/infois.ro\/?p=43149\">more <span class=\"meta-nav\">&raquo;<\/span><\/a><\/p>\n","protected":false},"author":2,"featured_media":19397,"comment_status":"closed","ping_status":"closed","sticky":false,"template":"","format":"standard","meta":{"footnotes":""},"categories":[12,41],"tags":[74,387,12596,313],"aioseo_notices":[],"_links":{"self":[{"href":"http:\/\/infois.ro\/index.php?rest_route=\/wp\/v2\/posts\/43149"}],"collection":[{"href":"http:\/\/infois.ro\/index.php?rest_route=\/wp\/v2\/posts"}],"about":[{"href":"http:\/\/infois.ro\/index.php?rest_route=\/wp\/v2\/types\/post"}],"author":[{"embeddable":true,"href":"http:\/\/infois.ro\/index.php?rest_route=\/wp\/v2\/users\/2"}],"replies":[{"embeddable":true,"href":"http:\/\/infois.ro\/index.php?rest_route=%2Fwp%2Fv2%2Fcomments&post=43149"}],"version-history":[{"count":1,"href":"http:\/\/infois.ro\/index.php?rest_route=\/wp\/v2\/posts\/43149\/revisions"}],"predecessor-version":[{"id":43150,"href":"http:\/\/infois.ro\/index.php?rest_route=\/wp\/v2\/posts\/43149\/revisions\/43150"}],"wp:featuredmedia":[{"embeddable":true,"href":"http:\/\/infois.ro\/index.php?rest_route=\/wp\/v2\/media\/19397"}],"wp:attachment":[{"href":"http:\/\/infois.ro\/index.php?rest_route=%2Fwp%2Fv2%2Fmedia&parent=43149"}],"wp:term":[{"taxonomy":"category","embeddable":true,"href":"http:\/\/infois.ro\/index.php?rest_route=%2Fwp%2Fv2%2Fcategories&post=43149"},{"taxonomy":"post_tag","embeddable":true,"href":"http:\/\/infois.ro\/index.php?rest_route=%2Fwp%2Fv2%2Ftags&post=43149"}],"curies":[{"name":"wp","href":"https:\/\/api.w.org\/{rel}","templated":true}]}}