{"id":43189,"date":"2019-09-09T16:27:30","date_gmt":"2019-09-09T13:27:30","guid":{"rendered":"http:\/\/infois.ro\/?p=43189"},"modified":"2019-09-10T06:31:08","modified_gmt":"2019-09-10T03:31:08","slug":"primarul-mihai-chirica-la-deschiderea-noului-an-scolar-fara-educatie-nu-exista-natie","status":"publish","type":"post","link":"http:\/\/infois.ro\/?p=43189","title":{"rendered":"Primarul Mihai Chirica la deschiderea noului an \u015fcolar: F\u0103r\u0103 educa\u0163ie nu exist\u0103 na\u0163ie"},"content":{"rendered":"<p><a href=\"http:\/\/infois.ro\/wp-content\/uploads\/2019\/09\/deschidere-an-scolar.jpg\"><img loading=\"lazy\" decoding=\"async\" class=\"alignleft  wp-image-43190\" src=\"http:\/\/infois.ro\/wp-content\/uploads\/2019\/09\/deschidere-an-scolar.jpg\" alt=\"\" width=\"404\" height=\"269\" srcset=\"http:\/\/infois.ro\/wp-content\/uploads\/2019\/09\/deschidere-an-scolar.jpg 640w, http:\/\/infois.ro\/wp-content\/uploads\/2019\/09\/deschidere-an-scolar-300x200.jpg 300w\" sizes=\"(max-width: 404px) 100vw, 404px\" \/><\/a><\/p>\n<p style=\"text-align: justify;\">Deschiderea oficial\u0103 a noului an \u015fcolar a avut loc, la Ia\u015fi, la \u015ecoala primar\u0103 nr. 33 \u201eMihail Kog\u00eelniceanu\u201d din Copou, \u00een prezen\u0163a autorit\u0103\u0163ilor locale, a reprezentan\u0163ilor Inspectoratului \u015ecolar Jude\u0163ean, p\u0103rin\u0163ilor \u015fi elevilor, \u00cen cuv\u00e2ntul s\u0103u, primarul Mihai Chirica a subliniat c\u0103 educa\u0163ia reprezint\u0103 una dintre priorit\u0103\u0163ile administra\u0163iei locale, d\u00e2nd \u00een acest sens ca exemplu chiar \u015ecoala \u201eMihail Kog\u0103lniceanu\u201d, pentru care municipalitatea a locat fonduri importante \u00een ultimii ani pentru reabilitarea cl\u0103dirii. \u201eDe ast\u0103zi \u00eencolo, aceast\u0103 \u0219coal\u0103 le apar\u021bine elevilor \u00een totalitate. Sper s\u0103 o foloseasc\u0103 a\u0219a cum trebuie. Ei trebuie s\u0103 \u00een\u021beleag\u0103 c\u0103 nu \u00eenva\u021b\u0103 pentru \u0219coal\u0103, ci pentru viitorul lor \u0219i al nostru. Doar \u00eempreun\u0103 vom reu\u0219i s\u0103 ne asigur\u0103m un trai bun \u00een \u021bara noastr\u0103, s\u0103 avem o imagine frumoas\u0103 \u00een lume \u0219i s\u0103 ne rec\u0103p\u0103t\u0103m m\u00e2ndria pe care am pierdut-o. F\u0103r\u0103 \u0219coal\u0103 nu se poate face nimic, iar f\u0103r\u0103 educa\u021bie nu exist\u0103 na\u021bie. O na\u021biune care vrea s\u0103 reziste \u00een timp trebuie s\u0103 acorde prioritate educa\u021biei poporului s\u0103u \u00een orice strategie de \u021bar\u0103. P\u0103rin\u021bilor le transmit c\u0103 trebuie s\u0103 str\u00e2ngem r\u00e2ndurile. Nu mai este cum a fost. \u0218coala nu-\u0219i mai g\u0103se\u0219te locul, iar educa\u021bia copiilor no\u0219tri devine tot mai precar\u0103. \u00cen municipiul Ia\u0219i avem exemple de succes, dar Rom\u00e2nia nu se termin\u0103 cu noi. Peste tot sunt rom\u00e2ni care au nevoie de educa\u021bie. Suntem o floare rar\u0103 \u00eentr-o \u021bar\u0103 mare, dar cu aceast\u0103 floare nu rezolv\u0103m problema. Nu este normal ca \u00een jude\u021bul Ia\u0219i s\u0103 avem peste 10.000 de analfabe\u021bi, iar la nivel na\u021bional sute de mii. Ne-am \u00eentors unde eram acum mai bine de 50 de ani. Nu am fi ajuns aici dac\u0103 oamenii care au coordonat destinele noastre ar fi \u00een\u021beles c\u00e2t de important\u0103 este \u0219coala. De aceea \u00eei invit pe to\u021bi s\u0103 ne trezim \u0219i s\u0103 ne rec\u0103p\u0103t\u0103m identitatea de care avem nevoie. \u00cei invit s\u0103 ne d\u0103m m\u00e2na din nou pentru cea mai frumoas\u0103 epopee din via\u021ba acestei na\u021biuni: educa\u021bia. Doar prin ea ne-am c\u00e2\u0219tigat dreptul de a fi un neam respectat \u00een Europa. Un lucru bine f\u0103cut trebuie continuat\u201d, a declarat primarul Mihai Chirica \u00een cadrul festivit\u0103\u021bii de deschidere a noului an \u015fcolar. \u015ecoala primar\u0103 nr. 33 \u201eMihail Kog\u0103lniceanu\u201d este o cl\u0103dire de patrimoniu, ridicat\u0103 \u00een anul 1895, ca parte a programului na\u0163ional de edificare a \u00eenv\u0103\u0163\u0103m\u00e2ntului rom\u00e2nesc din acea perioad\u0103, condus de Spiru Haret, motiv pentru care \u015fi \u00eentreaga sa arhitectur\u0103 se \u00eenscrie \u00een stilul recunoscut ast\u0103zi sub denumirea \u201e\u015fcoal\u0103 tip Spiru Haret\u201d. Imobilul este \u00eenscris \u00een lista monumentelor istorice \u015fi se afl\u0103 \u00een zona central\u0103 a municipiului la\u015fi, mai exact pe strada Lasc\u0103r Catargi nr. 28. Lucr\u0103rile de consolidare \u0219i reabilitare s-au desf\u0103\u0219urat \u00een perioada 2017 \u2013 2019, iar valoarea acestora este de circa 4,9 milioane lei. Printre multe alte investi\u021bii, repara\u021bii \u0219i dot\u0103ri, \u00een aceast\u0103 perioad\u0103 Prim\u0103ria Municipiului Ia\u0219i a finalizat \u0219i lucr\u0103rile de amenajare a unui spa\u021biu cu destina\u021bie de gr\u0103dini\u021b\u0103 \u00een fostul magazine \u201eMocheta\u201d din Nicolina (parte a Gr\u0103dini\u021bei PP 1) \u0219i a unor spa\u021bii cu destina\u021bia de cre\u0219\u0103, cu circa 120 de locuri, \u00een Hotelul Municipal, precum \u0219i lucr\u0103rile de construire a unei noi s\u0103li de sport la Liceul Tehnologic Economic \u201eVirgil Madgearu\u201d. La r\u00e2ndul ei, Genoveva Farca\u015f, inspectorul general al Inspectoratului \u015ecolar Jude\u0163ean Ia\u015fi, a afirmat c\u0103 noul an \u0219colar aduce cu sine emo\u021bia fireasc\u0103, deopotriv\u0103 pentru copiii care p\u0103\u0219esc pentru prima dat\u0103 \u00eentr-o \u0219coal\u0103, p\u0103rin\u021bii care se \u00eentorc nostalgici \u00een timp, cadrele didactice preg\u0103tite pentru noi provoc\u0103ri, dar \u0219i pentru partenerii care sprijin\u0103 necondi\u021bionat comunitatea educa\u021bional\u0103 ie\u0219ean\u0103. \u201c\u00cen fiecare septembrie, copiii \u0219i tinerii sunt \u00eencredin\u021ba\u021bi dasc\u0103lilor, cu speran\u021ba c\u0103 cei din urm\u0103 vor face tot posibilul ca aventura cunoa\u0219terii s\u0103 se transforme \u00een z\u00e2mbet \u00een fiecare diminea\u0163\u0103. Ne dorim ca pa\u015fii elevilor no\u015ftri \u015fi ai cadrelor didactice s\u0103 p\u0103\u015feasc\u0103 \u00een acest an \u00een \u015fcoli prietenoase, deschise, asumate de \u00eentreaga comunitate, \u015fcoli care s\u0103 asigure drumul fiec\u0103ruia spre un viitor de success\u201d, a spus Genoveva Farca\u015f. Festivit\u0103\u0163ile de inaugurare a noului an \u015fcolar \u00een municipiul Ia\u015fi au continuat la Colegiul Na\u021bional, \u0218coala \u201eMitropolit Varlaam\u201d, Colegiul Wurmbrand \u0219i Colegiul \u201eCostache Negruzzi\u201d, la evenimente fiind prezent \u015fi primarul Mihai Chirica. \u00cen jude\u0163, manifest\u0103rile prilejuite de deschidere a noului an \u015fcolar au continuat la \u015ecoala General\u0103 din satul Oboroceni, comuna Hele\u015fteni, dar \u015fi \u00een T\u00e2rgu Frumos, la Liceul Teoretic \u201eIon Neculce\u201c \u015fi, respectiv, la Liceul Special \u201eMoldova\u201c. \u00cen anul \u015fcolar 2019\/2020, \u00een jude\u0163ul Ia\u015fi sunt \u00eenscri\u015fi oficial \u00een \u00eenv\u0103\u0163\u0103m\u00e2ntul preuniversitar de stat 123.838 de elevi, num\u0103rul unit\u0103\u0163ilor de \u00eenv\u0103\u0163\u0103m\u00e2nt cu personalitate juridic\u0103 fiind de 219, din care 99 \u00een mediul rural \u015fi 120 \u00een mediul urban, acestora al\u0103tur\u00e2ndu-se 387 de unit\u0103\u0163i de \u00eenv\u0103\u0163\u0103m\u00e2nt arondate, din care 54 \u00een mediul urban \u015fi 333 \u00een mediul rural. La nivel na\u0163ional, potrivit ministerului Educa\u0163iei Na\u0163ionale, \u00een anul \u015fcolar 2019\/2020 sunt \u00eenscri\u015fi 2.824.594 de elevi, cursurile urm\u00e2nd s\u0103 \u00a0fie predate de un num\u0103r total de 215.289 de cadre didactice, \u00een 6.293 de unit\u0103\u0163i de \u00eenv\u0103\u0163\u0103m\u00e2nt cu personalitate juridic\u0103 \u015fi 11.171 structuri arondate. Durata noului an \u015fcolar este 35 s\u0103pt\u0103m\u00e2ni de cursuri, structurate \u00een dou\u0103 semestre, respectiv semestrul I, \u00eentre 9 septembrie 2019 \u2013 20 decembrie 2019, \u015fi semestrul al II-lea, \u00eentre 13 ianuarie 2020 \u2013 12 iunie 2020, urm\u00e2nd ca pe 29 mai 2020 s\u0103 aib\u0103 loc \u00eencheierea cursurilor pentru clasa a XII-a zi, a XIII-a seral \u015fi frecven\u0163\u0103 redus\u0103, iar pe 5 iunie 2020, \u00eencheierea cursurilor pentru clasa a VIII-a.<\/p>\n","protected":false},"excerpt":{"rendered":"<p>Deschiderea oficial\u0103 a noului an \u015fcolar a avut loc, la Ia\u015fi, la \u015ecoala primar\u0103 nr&#8230;. <a class=\"meta-more\" href=\"http:\/\/infois.ro\/?p=43189\">more <span class=\"meta-nav\">&raquo;<\/span><\/a><\/p>\n","protected":false},"author":2,"featured_media":43190,"comment_status":"closed","ping_status":"closed","sticky":false,"template":"","format":"standard","meta":{"footnotes":""},"categories":[12,41],"tags":[74,6471,271,89,12596,40],"aioseo_notices":[],"_links":{"self":[{"href":"http:\/\/infois.ro\/index.php?rest_route=\/wp\/v2\/posts\/43189"}],"collection":[{"href":"http:\/\/infois.ro\/index.php?rest_route=\/wp\/v2\/posts"}],"about":[{"href":"http:\/\/infois.ro\/index.php?rest_route=\/wp\/v2\/types\/post"}],"author":[{"embeddable":true,"href":"http:\/\/infois.ro\/index.php?rest_route=\/wp\/v2\/users\/2"}],"replies":[{"embeddable":true,"href":"http:\/\/infois.ro\/index.php?rest_route=%2Fwp%2Fv2%2Fcomments&post=43189"}],"version-history":[{"count":1,"href":"http:\/\/infois.ro\/index.php?rest_route=\/wp\/v2\/posts\/43189\/revisions"}],"predecessor-version":[{"id":43191,"href":"http:\/\/infois.ro\/index.php?rest_route=\/wp\/v2\/posts\/43189\/revisions\/43191"}],"wp:featuredmedia":[{"embeddable":true,"href":"http:\/\/infois.ro\/index.php?rest_route=\/wp\/v2\/media\/43190"}],"wp:attachment":[{"href":"http:\/\/infois.ro\/index.php?rest_route=%2Fwp%2Fv2%2Fmedia&parent=43189"}],"wp:term":[{"taxonomy":"category","embeddable":true,"href":"http:\/\/infois.ro\/index.php?rest_route=%2Fwp%2Fv2%2Fcategories&post=43189"},{"taxonomy":"post_tag","embeddable":true,"href":"http:\/\/infois.ro\/index.php?rest_route=%2Fwp%2Fv2%2Ftags&post=43189"}],"curies":[{"name":"wp","href":"https:\/\/api.w.org\/{rel}","templated":true}]}}