{"id":44208,"date":"2019-11-05T16:13:47","date_gmt":"2019-11-05T14:13:47","guid":{"rendered":"http:\/\/infois.ro\/?p=44208"},"modified":"2019-11-05T16:13:47","modified_gmt":"2019-11-05T14:13:47","slug":"programul-cinematografului-ateneu-in-perioada-6-10-noiembrie","status":"publish","type":"post","link":"http:\/\/infois.ro\/?p=44208","title":{"rendered":"Programul Cinematografului \u201eAteneu\u201d \u00een perioada 6 \u2013 10 noiembrie"},"content":{"rendered":"<p><a href=\"http:\/\/infois.ro\/wp-content\/uploads\/2017\/11\/cinema-Ateneu.jpg\"><img loading=\"lazy\" decoding=\"async\" class=\"alignleft  wp-image-31473\" src=\"http:\/\/infois.ro\/wp-content\/uploads\/2017\/11\/cinema-Ateneu.jpg\" alt=\"\" width=\"329\" height=\"243\" srcset=\"http:\/\/infois.ro\/wp-content\/uploads\/2017\/11\/cinema-Ateneu.jpg 640w, http:\/\/infois.ro\/wp-content\/uploads\/2017\/11\/cinema-Ateneu-300x221.jpg 300w\" sizes=\"(max-width: 329px) 100vw, 329px\" \/><\/a><\/p>\n<p style=\"text-align: justify;\"><strong><em>Jurnalul familiei \u2013escu<\/em><\/strong>, cel mai nou documentar al regizorului \u0218erban Georgescu, va rula pe 6 noiembrie 2019. Filmul propune o c\u0103l\u0103torie hilar\u0103, nu doar \u00een etimologia numelor de familie (se \u0219tie c\u0103 \u201e-escu este cel mai \u00eent\u00e2lnit sufix onomastic), c\u00e2t, mai ales, \u00een lumea obiceiurilor \u0219i a apuc\u0103turilor rom\u00e2nilor. La cererea publicului, readucem pe marele ecran concertul <strong><em>S&amp;M2 \u2013 METALLICA AND SAN FRANCISCO SYMPHONY<\/em><\/strong>, eveniment prin care vom aniversa 20 de ani de la legendarul album S&amp;M, realizat \u00eempreun\u0103 cu Orchestra din San Francisco. La finalul s\u0103pt\u0103m\u00e2nii vedem <strong><em>Maria, Regina Rom\u00e2niei, <\/em><\/strong>o poveste bazat\u0103 pe fapte reale, ce are \u00een prim plan figura marcant\u0103 a Reginei Maria. Pelicula a rulat \u00een premiera la Cinema Ateneu, \u00een cadrul Festivalului <strong>Les Films de Cannes \u00e0 Ia\u0219i<\/strong>, proiec\u021bie la care a participat \u0219i o parte din echipa filmului. <strong><em>Parazit\/ Parasite<\/em><\/strong>, filmul regizorului fenomen Bong Joon-Ho, c\u00e2\u0219tig\u0103tor al Palme d\u2019Or la Cannes 2019, ajunge pe marile ecrane din Rom\u00e2nia din 8 noiembrie 2019. O versiune modern\u0103 \u0219i violent\u0103 a luptei de clas\u0103 sud-coreene. \u00cencheiem s\u0103pt\u0103m\u00e2na cu o anima\u021bie \u00een premier\u0103: <strong><em>Norm de la Polul Nord: O aventur\u0103 urie\u015feasc\u0103, <\/em><\/strong>unde cei mici vor putea explora Mun\u021bii Ce\u021bo\u0219i, pentru a afla ce se petrece necurat acolo, al\u0103turi de micul urs, Norm. <strong>Filmele vor putea fi vizionate conform programului, astfel:<\/strong><\/p>\n<p style=\"text-align: justify;\"><strong><em>\u00a0<\/em><\/strong><\/p>\n<p style=\"text-align: justify;\"><strong><em>6 noiembrie 2019<\/em><\/strong><\/p>\n<p style=\"text-align: justify;\"><strong>\u00a0<\/strong><\/p>\n<p style=\"text-align: justify;\"><strong>Ora 17.00<\/strong> \u2013 \u201eJurnalul familiei \u2013escu\u201d &#8211; (regia \u015eerban Georgescu) \u2013 AG<\/p>\n<p style=\"text-align: justify;\"><strong>Ora 19.00 <\/strong>\u2013 \u201eS&amp;M 2 \u2013 METALLICA AND SAN FRANCISCO SYMPHONY \u2013 Together again. LIVE\u201d &#8211; (regia Wayne Isham) \u2013 TRANSMISIUNE CONCERT &#8211; AG<\/p>\n<p style=\"text-align: justify;\"><strong><em>\u00a0<\/em><\/strong><\/p>\n<p style=\"text-align: justify;\"><strong><em>8 noiembrie 2019<\/em><\/strong><\/p>\n<p style=\"text-align: justify;\"><strong>\u00a0<\/strong><\/p>\n<p style=\"text-align: justify;\"><strong>Ora 18.00<\/strong> \u2013 \u201eMaria, Regina Rom\u00e2niei\u201d &#8211; (regia Alexis Sweet Cahill) \u2013 PREMIER\u0102 \u2013 AG<\/p>\n<p style=\"text-align: justify;\"><strong>Ora 20.00<\/strong> \u2013 \u201eParazit\u201d \u2013 Parasite &#8211; (regia Bong Joon-Hoo) \u2013 PREMIER\u0102 \u2013 AP 12<\/p>\n<p style=\"text-align: justify;\"><strong><em>\u00a0<\/em><\/strong><\/p>\n<p style=\"text-align: justify;\"><strong><em>10 noiembrie 2019<\/em><\/strong><\/p>\n<p style=\"text-align: justify;\"><strong>\u00a0<\/strong><\/p>\n<p style=\"text-align: justify;\"><strong>Ora 14.00<\/strong> \u2013 \u201eNorm de la Polul Nord: O aventur\u0103 urie\u015feasc\u0103\u201d &#8211; (regia <a href=\"https:\/\/www.cinemagia.ro\/actori\/richard-finn-1986539\/\">Richard Finn<\/a>,\u00a0<a href=\"https:\/\/www.cinemagia.ro\/actori\/tim-maltby-42616\/\">Tim Maltby<\/a>) \u2013 PREMIER\u0102 \u2013 AG<\/p>\n<p style=\"text-align: justify;\">\n<p style=\"text-align: justify;\">\n","protected":false},"excerpt":{"rendered":"<p>Jurnalul familiei \u2013escu, cel mai nou documentar al regizorului \u0218erban Georgescu, va rula pe 6&#8230; <a class=\"meta-more\" href=\"http:\/\/infois.ro\/?p=44208\">more <span class=\"meta-nav\">&raquo;<\/span><\/a><\/p>\n","protected":false},"author":2,"featured_media":31473,"comment_status":"closed","ping_status":"closed","sticky":false,"template":"","format":"standard","meta":{"footnotes":""},"categories":[41,60],"tags":[74,10356,2511,40],"aioseo_notices":[],"_links":{"self":[{"href":"http:\/\/infois.ro\/index.php?rest_route=\/wp\/v2\/posts\/44208"}],"collection":[{"href":"http:\/\/infois.ro\/index.php?rest_route=\/wp\/v2\/posts"}],"about":[{"href":"http:\/\/infois.ro\/index.php?rest_route=\/wp\/v2\/types\/post"}],"author":[{"embeddable":true,"href":"http:\/\/infois.ro\/index.php?rest_route=\/wp\/v2\/users\/2"}],"replies":[{"embeddable":true,"href":"http:\/\/infois.ro\/index.php?rest_route=%2Fwp%2Fv2%2Fcomments&post=44208"}],"version-history":[{"count":1,"href":"http:\/\/infois.ro\/index.php?rest_route=\/wp\/v2\/posts\/44208\/revisions"}],"predecessor-version":[{"id":44209,"href":"http:\/\/infois.ro\/index.php?rest_route=\/wp\/v2\/posts\/44208\/revisions\/44209"}],"wp:featuredmedia":[{"embeddable":true,"href":"http:\/\/infois.ro\/index.php?rest_route=\/wp\/v2\/media\/31473"}],"wp:attachment":[{"href":"http:\/\/infois.ro\/index.php?rest_route=%2Fwp%2Fv2%2Fmedia&parent=44208"}],"wp:term":[{"taxonomy":"category","embeddable":true,"href":"http:\/\/infois.ro\/index.php?rest_route=%2Fwp%2Fv2%2Fcategories&post=44208"},{"taxonomy":"post_tag","embeddable":true,"href":"http:\/\/infois.ro\/index.php?rest_route=%2Fwp%2Fv2%2Ftags&post=44208"}],"curies":[{"name":"wp","href":"https:\/\/api.w.org\/{rel}","templated":true}]}}