{"id":45625,"date":"2020-02-06T16:02:04","date_gmt":"2020-02-06T14:02:04","guid":{"rendered":"http:\/\/infois.ro\/?p=45625"},"modified":"2020-02-06T16:02:04","modified_gmt":"2020-02-06T14:02:04","slug":"buget-mai-mare-cu-11-in-acest-an-pentru-universitatea-tehnica-gheorghe-asachi","status":"publish","type":"post","link":"http:\/\/infois.ro\/?p=45625","title":{"rendered":"Buget mai mare cu 11%, \u00een acest an, pentru Universitatea Tehnic\u0103 \u201eGheorghe Asachi\u201d"},"content":{"rendered":"<p><a href=\"http:\/\/infois.ro\/wp-content\/uploads\/2017\/01\/rectorat-universitatea-tehnica.jpg\"><img loading=\"lazy\" decoding=\"async\" class=\"alignleft  wp-image-27022\" src=\"http:\/\/infois.ro\/wp-content\/uploads\/2017\/01\/rectorat-universitatea-tehnica.jpg\" alt=\"\" width=\"353\" height=\"182\" srcset=\"http:\/\/infois.ro\/wp-content\/uploads\/2017\/01\/rectorat-universitatea-tehnica.jpg 640w, http:\/\/infois.ro\/wp-content\/uploads\/2017\/01\/rectorat-universitatea-tehnica-300x155.jpg 300w\" sizes=\"(max-width: 353px) 100vw, 353px\" \/><\/a><\/p>\n<p style=\"text-align: justify;\">Finan\u0163area institu\u0163ional\u0103 a Universit\u0103\u021bii Tehnice \u201eGheorghe Asachi\u201d din Ia\u0219i (UTI) \u00een acest an va fi mai amre cu 11% fa\u0163\u0103 de 2019, ajung\u00e2nd la peste 182 de milioane de lei. Fa\u021b\u0103 de anul 2016, cre\u0219terea este una semnificativ\u0103 din punct de vedere procentual, de circa 80%, bugetul universit\u0103\u021bii practic cunosc\u00e2nd o dublare \u00een ultimii patru ani. Potrivit conducerii UTI, diferen\u021ba se datoreaz\u0103 cre\u0219terii num\u0103rului de studen\u021bi, a num\u0103rului de doctoranzi, c\u00e2t \u0219i a valorii grantului doctoral, care a crescut de la 25.300 de lei \u00een 2019, la 29.000 de lei \u00een 2020. Un alt element important de luat \u00een considerare este compensarea par\u021bial\u0103 a cre\u0219terilor salariale ale cadrelor didactice de la data de 1 ianuarie. \u00a0\u201eEste adev\u0103rat c\u0103 Ministerul Educa\u021biei a \u021binut cont \u0219i de cre\u0219terile salariale preconizate \u00een acest an, a\u0219a cum a procedat \u0219i \u00een anii trecu\u021bi. \u00cens\u0103, \u00een cazul nostru, sumele considerate pentru cre\u0219terile salariale au compensat doar par\u021bial aceste cre\u0219teri, deoarece, de la aplicarea legii 153, majoritatea cadrelor didactice din universitate au atins pragul de salarizare stabilit pentru 2022. \u00cen plus, din 2017, \u00een finan\u021barea institu\u021bional\u0103 este inclus\u0103 \u0219i o component\u0103 care rezult\u0103 \u00een urma analiz\u0103rii indicatorilor de calitate, finan\u021barea suplimentar\u0103 de excelen\u021b\u0103. \u00cen fiecare an, universitatea a primit o sum\u0103 consistent\u0103 asociat\u0103 acestor indicatori, fiind pe locul 5 sau 6 la nivel na\u021bional\u201d, a declarat prof. univ. dr. ing. Dan Ca\u0219caval, rectorul UTI. Pentru anul \u00een curs mai sunt prev\u0103zute \u00een bugetul universit\u0103\u021bii sumele de 12,2 milioane de lei, ca subven\u021bie pentru c\u0103mine \u0219i cantin\u0103, \u0219i 1,5 milioane de lei pentru cheltuieli de capital. Universitatea Tehnic\u0103 \u201eGheorghe Asachi\u201d va primi pentru voucherele de vacan\u021b\u0103 aceea\u0219i valoare de anul trecut, 2,1 milioane de lei, \u00een timp ce suma alocat\u0103 pentru indemniza\u021bia de hran\u0103 a crescut cu aproximativ 3,5%, la circa 4,8 milioane de lei. \u201eFinan\u021barea preliminar\u0103 din 2020 nu ia \u00een calcul finan\u021barea alocat\u0103 prin intermediul proiectelor FDI, pentru dezvoltarea institu\u021bional\u0103. Aceasta deoarece competi\u021bia de proiecte FDI abia a fost lansat\u0103, iar sumele finale vor fi cunoscute \u00een circa dou\u0103 luni. \u00cens\u0103, ca \u0219i \u00een cei trei ani anteriori ai competi\u021biei \u00een care UTI a fost an de an pe locul doi la nivel na\u021bional, sper ca \u0219i \u00een acest an s\u0103 c\u00e2\u0219tig\u0103m o finan\u021bare important\u0103. Oricum, ne dorim ca \u0219i \u00een 2020 reglarea finan\u021b\u0103rii din toamna acestui an s\u0103 fie pozitiv\u0103 pentru noi\u201d, a precizat prof. univ. dr. ing. Dan Ca\u0219caval.<\/p>\n","protected":false},"excerpt":{"rendered":"<p>Finan\u0163area institu\u0163ional\u0103 a Universit\u0103\u021bii Tehnice \u201eGheorghe Asachi\u201d din Ia\u0219i (UTI) \u00een acest an va fi&#8230; <a class=\"meta-more\" href=\"http:\/\/infois.ro\/?p=45625\">more <span class=\"meta-nav\">&raquo;<\/span><\/a><\/p>\n","protected":false},"author":2,"featured_media":27022,"comment_status":"closed","ping_status":"closed","sticky":false,"template":"","format":"standard","meta":{"footnotes":""},"categories":[12,41],"tags":[74,1553,3125,40,1583,5618],"aioseo_notices":[],"_links":{"self":[{"href":"http:\/\/infois.ro\/index.php?rest_route=\/wp\/v2\/posts\/45625"}],"collection":[{"href":"http:\/\/infois.ro\/index.php?rest_route=\/wp\/v2\/posts"}],"about":[{"href":"http:\/\/infois.ro\/index.php?rest_route=\/wp\/v2\/types\/post"}],"author":[{"embeddable":true,"href":"http:\/\/infois.ro\/index.php?rest_route=\/wp\/v2\/users\/2"}],"replies":[{"embeddable":true,"href":"http:\/\/infois.ro\/index.php?rest_route=%2Fwp%2Fv2%2Fcomments&post=45625"}],"version-history":[{"count":1,"href":"http:\/\/infois.ro\/index.php?rest_route=\/wp\/v2\/posts\/45625\/revisions"}],"predecessor-version":[{"id":45626,"href":"http:\/\/infois.ro\/index.php?rest_route=\/wp\/v2\/posts\/45625\/revisions\/45626"}],"wp:featuredmedia":[{"embeddable":true,"href":"http:\/\/infois.ro\/index.php?rest_route=\/wp\/v2\/media\/27022"}],"wp:attachment":[{"href":"http:\/\/infois.ro\/index.php?rest_route=%2Fwp%2Fv2%2Fmedia&parent=45625"}],"wp:term":[{"taxonomy":"category","embeddable":true,"href":"http:\/\/infois.ro\/index.php?rest_route=%2Fwp%2Fv2%2Fcategories&post=45625"},{"taxonomy":"post_tag","embeddable":true,"href":"http:\/\/infois.ro\/index.php?rest_route=%2Fwp%2Fv2%2Ftags&post=45625"}],"curies":[{"name":"wp","href":"https:\/\/api.w.org\/{rel}","templated":true}]}}