{"id":46794,"date":"2020-04-02T20:20:29","date_gmt":"2020-04-02T17:20:29","guid":{"rendered":"http:\/\/infois.ro\/?p=46794"},"modified":"2020-04-02T20:20:29","modified_gmt":"2020-04-02T17:20:29","slug":"plata-indemnizatiei-de-somaj-devansata-ca-urmare-a-sarbatorilor-pascale","status":"publish","type":"post","link":"http:\/\/infois.ro\/?p=46794","title":{"rendered":"Plata indemniza\u021biei de \u0219omaj, devansat\u0103 ca urmare a S\u0103rb\u0103torilor pascale"},"content":{"rendered":"<p><a href=\"http:\/\/infois.ro\/wp-content\/uploads\/2012\/11\/somer.jpg\"><img loading=\"lazy\" decoding=\"async\" class=\"alignleft  wp-image-2827\" src=\"http:\/\/infois.ro\/wp-content\/uploads\/2012\/11\/somer.jpg\" alt=\"\" width=\"285\" height=\"198\" srcset=\"http:\/\/infois.ro\/wp-content\/uploads\/2012\/11\/somer.jpg 640w, http:\/\/infois.ro\/wp-content\/uploads\/2012\/11\/somer-300x208.jpg 300w\" sizes=\"(max-width: 285px) 100vw, 285px\" \/><\/a><\/p>\n<p style=\"text-align: justify;\">\u00cen contextul S\u0103rb\u0103torilor pascale, Agen\u021bia Jude\u021bean\u0103 pentru Ocuparea For\u021bei de Munc\u0103 (AJOFM) Ia\u0219i aduce la cuno\u0219tin\u021ba tuturor persoanelor interesate c\u0103 programul de achitare a pl\u0103\u021bii indemniza\u021biei de \u0219omaj prin Po\u0219ta Rom\u00e2n\u0103 se devanseaz\u0103, iar beneficiarii pot intra \u00een posesia drepturilor b\u0103ne\u0219ti cuvenite \u00een intervalul 13-16 aprilie 2020.<\/p>\n","protected":false},"excerpt":{"rendered":"<p>\u00cen contextul S\u0103rb\u0103torilor pascale, Agen\u021bia Jude\u021bean\u0103 pentru Ocuparea For\u021bei de Munc\u0103 (AJOFM) Ia\u0219i aduce la&#8230; <a class=\"meta-more\" href=\"http:\/\/infois.ro\/?p=46794\">more <span class=\"meta-nav\">&raquo;<\/span><\/a><\/p>\n","protected":false},"author":2,"featured_media":9178,"comment_status":"closed","ping_status":"closed","sticky":false,"template":"","format":"standard","meta":{"footnotes":""},"categories":[6,41],"tags":[74,13217,40],"aioseo_notices":[],"_links":{"self":[{"href":"http:\/\/infois.ro\/index.php?rest_route=\/wp\/v2\/posts\/46794"}],"collection":[{"href":"http:\/\/infois.ro\/index.php?rest_route=\/wp\/v2\/posts"}],"about":[{"href":"http:\/\/infois.ro\/index.php?rest_route=\/wp\/v2\/types\/post"}],"author":[{"embeddable":true,"href":"http:\/\/infois.ro\/index.php?rest_route=\/wp\/v2\/users\/2"}],"replies":[{"embeddable":true,"href":"http:\/\/infois.ro\/index.php?rest_route=%2Fwp%2Fv2%2Fcomments&post=46794"}],"version-history":[{"count":1,"href":"http:\/\/infois.ro\/index.php?rest_route=\/wp\/v2\/posts\/46794\/revisions"}],"predecessor-version":[{"id":46795,"href":"http:\/\/infois.ro\/index.php?rest_route=\/wp\/v2\/posts\/46794\/revisions\/46795"}],"wp:featuredmedia":[{"embeddable":true,"href":"http:\/\/infois.ro\/index.php?rest_route=\/wp\/v2\/media\/9178"}],"wp:attachment":[{"href":"http:\/\/infois.ro\/index.php?rest_route=%2Fwp%2Fv2%2Fmedia&parent=46794"}],"wp:term":[{"taxonomy":"category","embeddable":true,"href":"http:\/\/infois.ro\/index.php?rest_route=%2Fwp%2Fv2%2Fcategories&post=46794"},{"taxonomy":"post_tag","embeddable":true,"href":"http:\/\/infois.ro\/index.php?rest_route=%2Fwp%2Fv2%2Ftags&post=46794"}],"curies":[{"name":"wp","href":"https:\/\/api.w.org\/{rel}","templated":true}]}}