{"id":47991,"date":"2020-06-05T14:20:15","date_gmt":"2020-06-05T11:20:15","guid":{"rendered":"http:\/\/infois.ro\/?p=47991"},"modified":"2020-06-05T14:21:36","modified_gmt":"2020-06-05T11:21:36","slug":"antibiotice-iasi-premiata-la-gala-romanian-csr-awards-2020","status":"publish","type":"post","link":"http:\/\/infois.ro\/?p=47991","title":{"rendered":"Antibiotice Ia\u0219i, premiat\u0103 la Gala Romanian CSR Awards 2020"},"content":{"rendered":"<p><a href=\"http:\/\/infois.ro\/wp-content\/uploads\/2020\/06\/poza-5.jpg\"><img loading=\"lazy\" decoding=\"async\" class=\"alignleft wp-image-47992\" src=\"http:\/\/infois.ro\/wp-content\/uploads\/2020\/06\/poza-5.jpg\" alt=\"\" width=\"356\" height=\"237\" srcset=\"http:\/\/infois.ro\/wp-content\/uploads\/2020\/06\/poza-5.jpg 640w, http:\/\/infois.ro\/wp-content\/uploads\/2020\/06\/poza-5-300x200.jpg 300w\" sizes=\"(max-width: 356px) 100vw, 356px\" \/><\/a><\/p>\n<p style=\"text-align: justify;\">Proiectul <strong>\u201cAlege s\u0103 fii farmacist\u201d<\/strong> derulat anul trecut de compania Antibiotice \u00een parteneriat cu Facultatea de Farmacie din cadrul Universit\u0103\u021bii de Medicin\u0103 \u0219i Farmacie Grigore T. Popa Ia\u0219i a fost premiat cu Men\u021biune la Categoria Parteneriat Intersectorial, \u00een cadrul Galei Romanian CSR Awards 2020, joi 4 iunie.<\/p>\n<p style=\"text-align: justify;\"><strong>\u201cAlege s\u0103 fii farmacist\u201d<\/strong> este un proiect destinat tinerilor liceeni din regiunea de Nord-Est a \u021b\u0103rii, aspiran\u021bi la o carier\u0103 \u00een industria farmaceutic\u0103. \u201cAceast\u0103 recunoa\u015ftere na\u0163ional\u0103 arat\u0103 c\u0103, atunci c\u00e2nd se \u00eent\u00e2lnesc un elev cu aspira\u0163ii, un profesor potrivit \u015fi o companie \u00een care pasiunea poate deveni profesie, societatea \u00een general nu are dec\u00e2t de c\u00e2\u015ftigat\u201d, a explicat Mihaela Ceuc\u0103, manager Resurse Umane, Antibiotice SA<\/p>\n<p style=\"text-align: justify;\">\u00cen cadrul proiectului, farmaci\u0219ti, angaja\u021bi ai Antibiotice, au sus\u021binut prezent\u0103ri \u00een fa\u021ba a 50 de liceeni, despre profesia lor, oferind at\u00e2t informa\u0163ii, c\u00e2t \u015fi un exemplu personal despre ceea ce \u00eenseamn\u0103 s\u0103 \u00ee<a href=\"http:\/\/infois.ro\/wp-content\/uploads\/2020\/06\/poza-4.jpg\"><img loading=\"lazy\" decoding=\"async\" class=\"wp-image-47993 alignright\" src=\"http:\/\/infois.ro\/wp-content\/uploads\/2020\/06\/poza-4.jpg\" alt=\"\" width=\"270\" height=\"180\" srcset=\"http:\/\/infois.ro\/wp-content\/uploads\/2020\/06\/poza-4.jpg 640w, http:\/\/infois.ro\/wp-content\/uploads\/2020\/06\/poza-4-300x200.jpg 300w\" sizes=\"(max-width: 270px) 100vw, 270px\" \/><\/a>\u021bi urmezi pasiunea, devenind farmacist ce activeaz\u0103 \u00een domeniile cercet\u0103rii, calit\u0103\u021bii ori fabrica\u021biei de medicamente, \u00eentr-o industrie salvatoare de vie\u0163i.<\/p>\n<p style=\"text-align: justify;\">Decanul Facult\u0103\u021bii de Farmacie din cadrul Universit\u0103\u021bii de Medicin\u0103 \u0219i Farmacie Grigore T. Popa Ia\u0219i, dna Lenu\u021ba Profire a declarant: <strong>\u201c<\/strong>Aceast\u0103 distinc\u021bie ne onoreaz\u0103 \u0219i ne determin\u0103 s\u0103 persevaram \u00een demersul nostru de a implementa proiecte privind educa\u021bia \u0219i formarea profesional\u0103. Mul\u021bumim companiei Antibiotice pentru ocazia unic\u0103 oferit\u0103, prin care elevii au putut s\u0103 cunoasc\u0103 lumea fascinant\u0103 a medicamentului \u0219i s\u0103 \u00een\u021beleag\u0103 procesul complex de realizare a unui produs farmaceutic de la idee \u0219i concepere, p\u00e2n\u0103 la producerea pe fluxuri de fabrica\u021bie \u0219i prezen\u021ba lui in farmacie.<a href=\"http:\/\/infois.ro\/wp-content\/uploads\/2020\/06\/diploma.jpg\"><img loading=\"lazy\" decoding=\"async\" class=\"wp-image-47995 alignleft\" src=\"http:\/\/infois.ro\/wp-content\/uploads\/2020\/06\/diploma.jpg\" alt=\"\" width=\"319\" height=\"231\" srcset=\"http:\/\/infois.ro\/wp-content\/uploads\/2020\/06\/diploma.jpg 640w, http:\/\/infois.ro\/wp-content\/uploads\/2020\/06\/diploma-300x217.jpg 300w\" sizes=\"(max-width: 319px) 100vw, 319px\" \/><\/a><\/p>\n<p style=\"text-align: justify;\">Antibiotice dezvolt\u0103 de circa 10 ani programe de orientare profesional\u0103 pentru viitorii absolven\u021bi ai facult\u0103\u021bilor de Medicin\u0103, Farmacie, Biologie, Chimie, Inginerie Chimic\u0103 \u0219i Protec\u021bia Mediului, ce \u00ee\u0219i doresc o carier\u0103 \u00een industria farmaceutic\u0103. Compania ofer\u0103 oportunitatea studen\u021bilor din anii terminali de a-\u0219i completa preg\u0103tirea universitar\u0103 cu o serie de concepte specifice industriei prin programe precum \u201d\u0218coala de var\u0103 a+\u201d aflat\u0103 la a X-a edi\u021bie \u0219i \u201dPerform a+\u201d , ce \u00eensumeaz\u0103 patru edi\u021bii.<\/p>\n","protected":false},"excerpt":{"rendered":"<p>Proiectul \u201cAlege s\u0103 fii farmacist\u201d derulat anul trecut de compania Antibiotice \u00een parteneriat cu Facultatea&#8230; <a class=\"meta-more\" href=\"http:\/\/infois.ro\/?p=47991\">more <span class=\"meta-nav\">&raquo;<\/span><\/a><\/p>\n","protected":false},"author":2,"featured_media":47993,"comment_status":"closed","ping_status":"closed","sticky":false,"template":"","format":"standard","meta":{"footnotes":""},"categories":[6,41],"tags":[74,279,40,3737,13418],"aioseo_notices":[],"_links":{"self":[{"href":"http:\/\/infois.ro\/index.php?rest_route=\/wp\/v2\/posts\/47991"}],"collection":[{"href":"http:\/\/infois.ro\/index.php?rest_route=\/wp\/v2\/posts"}],"about":[{"href":"http:\/\/infois.ro\/index.php?rest_route=\/wp\/v2\/types\/post"}],"author":[{"embeddable":true,"href":"http:\/\/infois.ro\/index.php?rest_route=\/wp\/v2\/users\/2"}],"replies":[{"embeddable":true,"href":"http:\/\/infois.ro\/index.php?rest_route=%2Fwp%2Fv2%2Fcomments&post=47991"}],"version-history":[{"count":4,"href":"http:\/\/infois.ro\/index.php?rest_route=\/wp\/v2\/posts\/47991\/revisions"}],"predecessor-version":[{"id":47999,"href":"http:\/\/infois.ro\/index.php?rest_route=\/wp\/v2\/posts\/47991\/revisions\/47999"}],"wp:featuredmedia":[{"embeddable":true,"href":"http:\/\/infois.ro\/index.php?rest_route=\/wp\/v2\/media\/47993"}],"wp:attachment":[{"href":"http:\/\/infois.ro\/index.php?rest_route=%2Fwp%2Fv2%2Fmedia&parent=47991"}],"wp:term":[{"taxonomy":"category","embeddable":true,"href":"http:\/\/infois.ro\/index.php?rest_route=%2Fwp%2Fv2%2Fcategories&post=47991"},{"taxonomy":"post_tag","embeddable":true,"href":"http:\/\/infois.ro\/index.php?rest_route=%2Fwp%2Fv2%2Ftags&post=47991"}],"curies":[{"name":"wp","href":"https:\/\/api.w.org\/{rel}","templated":true}]}}