{"id":48655,"date":"2020-07-09T16:03:05","date_gmt":"2020-07-09T13:03:05","guid":{"rendered":"http:\/\/infois.ro\/?p=48655"},"modified":"2020-07-09T16:03:05","modified_gmt":"2020-07-09T13:03:05","slug":"16-elevi-de-la-colegiul-tehnic-ioan-c-stefanescu-participanti-la-cursurile-scolii-de-vara-rose-2020","status":"publish","type":"post","link":"http:\/\/infois.ro\/?p=48655","title":{"rendered":"16 elevi de la Colegiul Tehnic \u201cIoan C. \u015etef\u0103nescu\u201d, participan\u0163i la cursurile \u015ecolii de var\u0103 Rose 2020"},"content":{"rendered":"<p><a href=\"http:\/\/infois.ro\/wp-content\/uploads\/2017\/12\/colegiul-stefanescu.jpg\"><img loading=\"lazy\" decoding=\"async\" class=\"alignleft  wp-image-32025\" src=\"http:\/\/infois.ro\/wp-content\/uploads\/2017\/12\/colegiul-stefanescu.jpg\" alt=\"\" width=\"321\" height=\"241\" srcset=\"http:\/\/infois.ro\/wp-content\/uploads\/2017\/12\/colegiul-stefanescu.jpg 640w, http:\/\/infois.ro\/wp-content\/uploads\/2017\/12\/colegiul-stefanescu-300x225.jpg 300w\" sizes=\"(max-width: 321px) 100vw, 321px\" \/><\/a><\/p>\n<p style=\"text-align: justify;\">\u00cen perioada 6-19 iulie, un num\u0103r de 16 elevi de la Colegiul Tehnic \u201eIoan C. \u0218tef\u0103nescu\u201d din Ia\u0219i particip\u0103 la cursurile din cadrul proiectului \u201e\u0218coli de var\u0103 Rose \u2013 2020\u201d , ini\u021biat de Universitatea \u201eAlexandru Ioan Cuza\u201d Ia\u0219i. \u00cen cadrul celor dou\u0103sprezece programe de var\u0103, opt elevi, respectiv Buc\u0103taru Diana Elena, Buzatu Andreea Roxana, Popa Adelina Sebastiana, Mustea\u021b\u0103 Alina, eleve in clasa a XII-a, Simeria Georgiana Ionela, elev\u0103 \u00een clasa a XI-a, Apostol Liliana Ionela, Pa\u0219an Narcisa Elena, Petru\u021b\u0103 Georgiana, eleve \u00een clasa a IX-a, vor participa la cursurile Facult\u0103\u021bii de Geografie-Geologie \u201eDescoperim P\u0103m\u00e2ntul spre culmile cunoa\u0219terii! GEO-GEO!\u201d; eleva Teleman Nicoleta Raluca, clasa a XII-a, va participa la \u201e\u0218coala de var\u0103 pentru Economi\u0219ti \u2013 EconomIS\u201d, organizat\u0103 de Facultatea de Economie \u0219i Administrarea Afacerilor; al\u021bi trei elevi, Budeanu Simona Marcela, Ceicovschi Ionela \u0219i Nechita Maria Denisa din clasa a IX-a, vor participa la programul Facult\u0103\u021bii de Litere, \u201eVreau s\u0103 fiu la Litere! \u2013 LiteraiIS\u201d, eleva Stroescu Andreea Mihaela, clasa a IX-a, v\u0103 urma programul Facult\u0103\u021bii de Teologie Ortodox\u0103 \u0219i Istorie, \u201e\u0218coal\u0103 de var\u0103 \u00een domeniul Teologiei Ortodoxe \u0219i Istoriei \u2013 TEOIST; elevul Costache Eduard, clasa a IX-a, va participa la activit\u0103\u021bile din cadrul Facult\u0103\u021bii de Educa\u021bie Fizic\u0103 \u0219i Sport,\u00a0 \u201eCum ajung profesor\/antrenor? \u0218coala de var\u0103 \u2013\u00a0 CAPA\u201d;\u00a0 Ra\u021b\u0103 Clara Teodora, elev\u0103 \u00een clasa a IX-a, va urma \u201eDe-ale viitorului: informatic\u0103 \u0219i matematic\u0103 \u2013 INFORMAT\u201d, curs organizat de\u00a0 Facultatea de Informatic\u0103 \u0219i Matematic\u0103, iar elevul Simon David Petru, clasa a IX-a va parcurge progamul \u201e\u0218coal\u0103 de var\u0103 pentru \u0218tiin\u021be: program punte pentru tranzi\u021bia de la liceu la universitate \u2013 Vara \u0218tiin\u021belor\u201d, organizat de Facultatea de Biologie \u0219i Chimie. \u201e\u00centruc\u00e2t \u00een contextul actual cursurile vor fi \u00een versiune on-line, pentru buna desf\u0103\u0219urare a \u0219colii de var\u0103, elevii vor primi un kit, care va con\u021bine o tablet\u0103 cu trafic de internet mobil inclus, pe care ace\u0219tia o vor folosi \u00een cadrul atelierelor de lucru \u0219i ca instrument de optimizare a \u00eenv\u0103\u021b\u0103rii\u201d, precizeaz\u0103 reprezentan\u0163ii Inspectoratului \u015ecolar Jude\u0163ean Ia\u015fi. Dorin\u021ba elevilor de a participa la programe atractive de \u00eenv\u0103\u021bare se reg\u0103se\u0219te \u0219i \u00een m\u0103rturiile acestora: \u201e\u00cemi doresc foarte mult s\u0103 particip la cursurile \u0218colii de var\u0103 Rose \u2013 UAIC, deoarece sunt sigur\u0103 c\u0103 a\u0219a voi fi \u00een contact direct cu profesorii din mediul universitar \u0219i astfel voi \u00een\u021belege mai bine ce presupune s\u0103 fii student, s\u0103 mergi la facultate\u201d, Teleman Nicoleta Raluca, elev\u0103 \u00een clasa a XII-a. Voinea Liana Dolores, director al Colegiului Tehnic \u201eIoan C. \u0218tef\u0103nescu\u201d Ia\u0219i, mul\u021bumeste pentru deschidere at\u00e2t reprezenta\u021bilor Universit\u0103\u021bii \u201eAlexandru Ioan Cuza\u201d Ia\u0219i, c\u00e2t \u0219i Inspectoratului \u0218colar Jude\u021bean prin implicarea activ\u0103 a doamnei prof. dr. Farca\u0219 Genoveva Aurelia, Inspector \u0218colar General al Inspectoratului \u0218colar Jude\u021bean Ia\u0219i \u0219i doamnei prof. dr. Lesenciuc Mihaela, Inspector \u0218colar pentru disciplina geografie.<\/p>\n","protected":false},"excerpt":{"rendered":"<p>\u00cen perioada 6-19 iulie, un num\u0103r de 16 elevi de la Colegiul Tehnic \u201eIoan C&#8230;. <a class=\"meta-more\" href=\"http:\/\/infois.ro\/?p=48655\">more <span class=\"meta-nav\">&raquo;<\/span><\/a><\/p>\n","protected":false},"author":2,"featured_media":32025,"comment_status":"closed","ping_status":"closed","sticky":false,"template":"","format":"standard","meta":{"footnotes":""},"categories":[12],"tags":[1955,89,40,2810],"aioseo_notices":[],"_links":{"self":[{"href":"http:\/\/infois.ro\/index.php?rest_route=\/wp\/v2\/posts\/48655"}],"collection":[{"href":"http:\/\/infois.ro\/index.php?rest_route=\/wp\/v2\/posts"}],"about":[{"href":"http:\/\/infois.ro\/index.php?rest_route=\/wp\/v2\/types\/post"}],"author":[{"embeddable":true,"href":"http:\/\/infois.ro\/index.php?rest_route=\/wp\/v2\/users\/2"}],"replies":[{"embeddable":true,"href":"http:\/\/infois.ro\/index.php?rest_route=%2Fwp%2Fv2%2Fcomments&post=48655"}],"version-history":[{"count":1,"href":"http:\/\/infois.ro\/index.php?rest_route=\/wp\/v2\/posts\/48655\/revisions"}],"predecessor-version":[{"id":48656,"href":"http:\/\/infois.ro\/index.php?rest_route=\/wp\/v2\/posts\/48655\/revisions\/48656"}],"wp:featuredmedia":[{"embeddable":true,"href":"http:\/\/infois.ro\/index.php?rest_route=\/wp\/v2\/media\/32025"}],"wp:attachment":[{"href":"http:\/\/infois.ro\/index.php?rest_route=%2Fwp%2Fv2%2Fmedia&parent=48655"}],"wp:term":[{"taxonomy":"category","embeddable":true,"href":"http:\/\/infois.ro\/index.php?rest_route=%2Fwp%2Fv2%2Fcategories&post=48655"},{"taxonomy":"post_tag","embeddable":true,"href":"http:\/\/infois.ro\/index.php?rest_route=%2Fwp%2Fv2%2Ftags&post=48655"}],"curies":[{"name":"wp","href":"https:\/\/api.w.org\/{rel}","templated":true}]}}