{"id":48664,"date":"2020-07-09T16:13:36","date_gmt":"2020-07-09T13:13:36","guid":{"rendered":"http:\/\/infois.ro\/?p=48664"},"modified":"2020-07-09T16:13:36","modified_gmt":"2020-07-09T13:13:36","slug":"antibiotice-a-patruns-pe-pietele-sua-si-uk-cu-noi-medicamente-asociate-covid-19","status":"publish","type":"post","link":"http:\/\/infois.ro\/?p=48664","title":{"rendered":"Antibiotice a p\u0103truns pe pie\u021bele SUA \u0219i UK cu noi medicamente asociate Covid-19"},"content":{"rendered":"<p><a href=\"http:\/\/infois.ro\/wp-content\/uploads\/2020\/07\/antibiotice1.jpg\"><img loading=\"lazy\" decoding=\"async\" class=\"alignleft  wp-image-48665\" src=\"http:\/\/infois.ro\/wp-content\/uploads\/2020\/07\/antibiotice1.jpg\" alt=\"\" width=\"324\" height=\"432\" srcset=\"http:\/\/infois.ro\/wp-content\/uploads\/2020\/07\/antibiotice1.jpg 640w, http:\/\/infois.ro\/wp-content\/uploads\/2020\/07\/antibiotice1-225x300.jpg 225w\" sizes=\"(max-width: 324px) 100vw, 324px\" \/><\/a><\/p>\n<p style=\"text-align: justify;\"><strong><em>Pe fondul pandemiei cu virusul SARS-CoV-2, \u00een timp ce pia\u021ba spitalelor \u0219i farmaciilor din Rom\u00e2nia \u0219i-a restr\u00e2ns substan\u021bial activitatea, Antibiotice identific\u0103 oportunit\u0103\u021bi \u00een consumul de medicamente prin participarea \u0219i adjudecarea de licita\u021bii \u00een pie\u021bele interna\u021bionale precum SUA \u0219i Marea Britanie (UK).<\/em><\/strong><\/p>\n<p style=\"text-align: justify;\"><strong>\u00a0<\/strong><\/p>\n<p style=\"text-align: justify;\">La \u00eenceputul lunii iulie Antibiotice a f\u0103cut primele livr\u0103ri pentru dou\u0103 medicamente antiinfec\u021bioase injectabile folosite \u00een tratamentul asociativ Covid-19, destinate spitalelor din Marea Britanie \u0219i Statele Unite ale Americii. Aceaste prime livr\u0103ri sunt avangarda unui contract \u00eencheiat cu autorit\u0103\u021bile din aceste \u021b\u0103ri, \u00een urma c\u00e2\u0219tig\u0103rii licita\u021biilor organizate de sistemele de s\u0103n\u0103tate britanice \u0219i americane. Vor urma \u0219i alte livr\u0103ri, \u00een total 2,5 milioane de flacoane p\u00e2n\u0103 la finalul anului 2020. \u00cen acest moment, Antibiotice este deja \u00eenscris\u0103 \u00een cursa licita\u021biilor pentru anul 2021, compania urm\u0103rind continuarea proiectelor pe termen lung.<\/p>\n<p style=\"text-align: justify;\">\n<p style=\"text-align: justify;\"><em>\u201cCu un portofoliu reprezentativ de antibiotice, medicamente cardiovasculare, antiinflamatoare sau dermatologice, am reu\u0219it \u00een aceast\u0103 perioad\u0103 dificil\u0103 pentru noi to\u021bi, cu multe restric\u021bii, s\u0103 punem la dispozi\u021bie tratamente asociative Covid -19 at\u00e2t pe pia\u021ba intern\u0103 c\u00e2t \u0219i pe pie\u021bele interna\u021bionale. Livr\u0103rile s-au efectuat av\u00e2nd \u00een vedere \u00een primul r\u00e2nd acoperirea nevoii de medicamente antiinfec\u021bioase pentru pacien\u021bii din Rom\u00e2nia pe care \u00eei trat\u0103m de 65 de ani\u201d, a declarat Delia Racoveanu, director Marketing \u0219i V\u00e2nz\u0103ri Pia\u021ba Interna\u021bional\u0103.<\/em><\/p>\n<p style=\"text-align: justify;\"><em>\u00a0<a href=\"http:\/\/infois.ro\/wp-content\/uploads\/2020\/07\/antibiotice2.jpg\"><img loading=\"lazy\" decoding=\"async\" class=\"wp-image-48666 alignright\" src=\"http:\/\/infois.ro\/wp-content\/uploads\/2020\/07\/antibiotice2.jpg\" alt=\"\" width=\"390\" height=\"260\" srcset=\"http:\/\/infois.ro\/wp-content\/uploads\/2020\/07\/antibiotice2.jpg 640w, http:\/\/infois.ro\/wp-content\/uploads\/2020\/07\/antibiotice2-300x200.jpg 300w\" sizes=\"(max-width: 390px) 100vw, 390px\" \/><\/a><\/em><\/p>\n<p style=\"text-align: justify;\">Accesarea pie\u021bei Marii Britanii face parte dintr-un proiect mai amplu al Antibiotice destinat pie\u021belor europene, al\u0103turi de statele scandinave, Germania, Polonia, Ungaria, Olanda. \u00cen SUA, compania este prezent\u0103 de peste 10 ani, iar odat\u0103 cu p\u0103trunderea pe pia\u021b\u0103 a acestui nou produs de genera\u021bie superioar\u0103, pentru care exist\u0103 pu\u021bini produc\u0103tori la nivel mondial, Antibiotice \u0219i-a \u00eentregit portofoliul de medicamente antiinfec\u021bioase utilizate \u00een spitalele americane.<\/p>\n<p style=\"text-align: justify;\">\n<p style=\"text-align: justify;\"><em>\u201cFaptul c\u0103 Antibiotice a intrat \u00een r\u00e2ndul produc\u0103torilor accepta\u021bi de sistemele de s\u0103n\u0103tate din \u021b\u0103ri puternic reglementate \u0219i concurate cum sunt cele din Uniunea Europeana, Asia sau SUA, este important pentru noi, pentru c\u0103 reprezint\u0103 o recunoa\u0219tere a calit\u0103\u021bii medicamentelor fabricate de Antibiotice Ia\u0219i \u0219i implicit o recunoa\u0219tere a performan\u021bei industriei farmaceutice rom\u00e2ne\u0219ti\u201d, a subliniat dna Racoveanu. <\/em><\/p>\n<p style=\"text-align: justify;\"><em>\u00a0<\/em><\/p>\n<p style=\"text-align: justify;\"><a href=\"http:\/\/infois.ro\/wp-content\/uploads\/2020\/07\/antibiotice3.jpg\"><img loading=\"lazy\" decoding=\"async\" class=\"alignleft  wp-image-48667\" src=\"http:\/\/infois.ro\/wp-content\/uploads\/2020\/07\/antibiotice3.jpg\" alt=\"\" width=\"300\" height=\"438\" srcset=\"http:\/\/infois.ro\/wp-content\/uploads\/2020\/07\/antibiotice3.jpg 640w, http:\/\/infois.ro\/wp-content\/uploads\/2020\/07\/antibiotice3-205x300.jpg 205w\" sizes=\"(max-width: 300px) 100vw, 300px\" \/><\/a>Pentru ca aceste noi produse s\u0103 ajung\u0103 a fi livrate pe pie\u021bele Marii Britanii \u0219i SUA, a fost necesar\u0103 \u00eentocmirea dosarelor de \u00eenregistrare a produselor conform normelor \u0219i cerin\u021belor aplicabile pe aceste pie\u021be, ob\u021binerea autoriz\u0103rii de punere pe pia\u021b\u0103, participarea \u00een licita\u021bii \u0219i identificarea partenerilor prin care s\u0103 fie distribuite produsele \u00een pia\u021b\u0103.<\/p>\n<p style=\"text-align: justify;\">\n<p style=\"text-align: justify;\">Antibiotice este deja prezent\u0103 cu aceste medicamente sterile injectabile \u0219i \u00een alte sisteme de s\u0103n\u0103tate interna\u021bionale precum Serbia, Vietam \u0219i Republica Moldova.<\/p>\n<p style=\"text-align: justify;\">\n<p style=\"text-align: justify;\">\n<p style=\"text-align: justify;\"><strong>\u00a0<\/strong><\/p>\n","protected":false},"excerpt":{"rendered":"<p>Pe fondul pandemiei cu virusul SARS-CoV-2, \u00een timp ce pia\u021ba spitalelor \u0219i farmaciilor din Rom\u00e2nia&#8230; <a class=\"meta-more\" href=\"http:\/\/infois.ro\/?p=48664\">more <span class=\"meta-nav\">&raquo;<\/span><\/a><\/p>\n","protected":false},"author":2,"featured_media":48666,"comment_status":"closed","ping_status":"closed","sticky":false,"template":"","format":"standard","meta":{"footnotes":""},"categories":[6,41],"tags":[74,279,13025,13084,40,13517,3123],"aioseo_notices":[],"_links":{"self":[{"href":"http:\/\/infois.ro\/index.php?rest_route=\/wp\/v2\/posts\/48664"}],"collection":[{"href":"http:\/\/infois.ro\/index.php?rest_route=\/wp\/v2\/posts"}],"about":[{"href":"http:\/\/infois.ro\/index.php?rest_route=\/wp\/v2\/types\/post"}],"author":[{"embeddable":true,"href":"http:\/\/infois.ro\/index.php?rest_route=\/wp\/v2\/users\/2"}],"replies":[{"embeddable":true,"href":"http:\/\/infois.ro\/index.php?rest_route=%2Fwp%2Fv2%2Fcomments&post=48664"}],"version-history":[{"count":1,"href":"http:\/\/infois.ro\/index.php?rest_route=\/wp\/v2\/posts\/48664\/revisions"}],"predecessor-version":[{"id":48668,"href":"http:\/\/infois.ro\/index.php?rest_route=\/wp\/v2\/posts\/48664\/revisions\/48668"}],"wp:featuredmedia":[{"embeddable":true,"href":"http:\/\/infois.ro\/index.php?rest_route=\/wp\/v2\/media\/48666"}],"wp:attachment":[{"href":"http:\/\/infois.ro\/index.php?rest_route=%2Fwp%2Fv2%2Fmedia&parent=48664"}],"wp:term":[{"taxonomy":"category","embeddable":true,"href":"http:\/\/infois.ro\/index.php?rest_route=%2Fwp%2Fv2%2Fcategories&post=48664"},{"taxonomy":"post_tag","embeddable":true,"href":"http:\/\/infois.ro\/index.php?rest_route=%2Fwp%2Fv2%2Ftags&post=48664"}],"curies":[{"name":"wp","href":"https:\/\/api.w.org\/{rel}","templated":true}]}}