{"id":49841,"date":"2020-09-13T18:44:35","date_gmt":"2020-09-13T15:44:35","guid":{"rendered":"http:\/\/infois.ro\/?p=49841"},"modified":"2020-09-14T08:49:08","modified_gmt":"2020-09-14T05:49:08","slug":"mesajul-primarului-mihai-chirica-cu-ocazia-deschiderii-noului-an-scolar","status":"publish","type":"post","link":"http:\/\/infois.ro\/?p=49841","title":{"rendered":"Mesajul primarului Mihai Chirica cu ocazia deschiderii noului an \u015fcolar"},"content":{"rendered":"<p><a href=\"http:\/\/infois.ro\/wp-content\/uploads\/2020\/09\/mihai-chirica.jpg\"><img loading=\"lazy\" decoding=\"async\" class=\"alignleft  wp-image-49842\" src=\"http:\/\/infois.ro\/wp-content\/uploads\/2020\/09\/mihai-chirica.jpg\" alt=\"\" width=\"335\" height=\"233\" srcset=\"http:\/\/infois.ro\/wp-content\/uploads\/2020\/09\/mihai-chirica.jpg 640w, http:\/\/infois.ro\/wp-content\/uploads\/2020\/09\/mihai-chirica-300x209.jpg 300w\" sizes=\"(max-width: 335px) 100vw, 335px\" \/><\/a><\/p>\n<p style=\"text-align: justify;\"><em><strong>Dragi elevi, profesori \u0219i p\u0103rin\u021bi,<\/strong><\/em><\/p>\n<p style=\"text-align: justify;\">\n<p style=\"text-align: justify;\"><strong>\u00cencredere!<\/strong><\/p>\n<p style=\"text-align: justify;\">\n<p style=\"text-align: justify;\">Sunt primar, dar sunt \u0219i tat\u0103. Avem \u00een fa\u021b\u0103 poate cea mai mare provocare din ultima sut\u0103 de ani. \u00cencepem un nou an \u0219colar \u00een plin\u0103 pandemie COVID 19. Unit\u0103\u021bile de \u00eenv\u0103\u021b\u0103m\u00e2nt din municipiul Ia\u0219i \u00eencep \u00een scenariul galben.<\/p>\n<p style=\"text-align: justify;\">\u00cemi voi lua copiii de m\u00e2n\u0103 \u0219i \u00eei voi l\u0103sa cu \u00eencredere la \u0219coal\u0103. Nu vor avea flori pentru prima zi de \u0219coal\u0103, dar vor avea \u00cencredere \u00een profesori, \u00een noi p\u0103rin\u021bii \u0219i \u00een tot ceea ce putem face ca \u0219i autorit\u0103\u021bi. Copiii trebuie s\u0103 mearg\u0103 la \u0219coal\u0103! \u0218i ei vor asta!<\/p>\n<p style=\"text-align: justify;\">\n<p style=\"text-align: justify;\"><em><strong>Dragi profesori,<\/strong> <\/em><\/p>\n<p style=\"text-align: justify;\">\n<p style=\"text-align: justify;\">\u0218tiu c\u0103 nu e totul perfect! \u0218tiu c\u0103 sunt multe \u00eentreb\u0103ri f\u0103r\u0103 r\u0103spunsuri, \u00eenc\u0103! \u0218tiu c\u0103 unii dintre dumneavoastr\u0103 ave\u021bi comorbidit\u0103\u021bi sau c\u0103 sunte\u021bi \u00een pragul pension\u0103rii. \u0218tiu c\u0103 multora v\u0103 este fric\u0103, dar cu toate acestea ve\u021bi fi m\u00e2ine la catedr\u0103. \u00cen prima linie! V\u0103 mul\u021bumesc!<\/p>\n<p style=\"text-align: justify;\">\n<p style=\"text-align: justify;\"><em><strong>Dragi p\u0103rin\u021bi,<\/strong> <\/em><\/p>\n<p style=\"text-align: justify;\">\n<p style=\"text-align: justify;\">Am vorbit cu unii dintre voi. V-am citit opiniile \u0219i comentariile! \u0218tiu c\u0103 v\u0103 este team\u0103. Unii spune\u021bi c\u0103 elevii nu vor rezista \u0219ase sau \u0219apte ore cu masca. \u0218tiu c\u0103 unii dintre dumneavoastr\u0103 sunte\u021bi mul\u021bumi\u021bi de \u00eenv\u0103\u021b\u0103m\u00e2ntul online, al\u021bii nu. Copiii no\u0219tri \u0219i noi vom putea trece peste aceste \u00eencerc\u0103ri cu bine. V\u0103 mul\u021bumesc!<\/p>\n<p style=\"text-align: justify;\">Avem \u00een fa\u021b\u0103, probabil, provoc\u0103ri \u0219i probleme la care, poate, nici nu ne-am g\u00e2ndit vreodat\u0103! Pandemia a scos la lumin\u0103 lipsuri care nu ar fi trebuit s\u0103 existe dac\u0103 am fi f\u0103cut ceea ce trebuia \u00een ultimii 31 de ani! De la sistemul sanitar la sistemul de educa\u021bie. Pandemia ad\u00e2nce\u0219te inegalit\u0103\u021bile sociale. Unii dintre voi a\u021bi avut sau ave\u021bi pe cineva bolnav. Tr\u0103im \u00een incertitudine dar \u00eempreun\u0103 vom g\u0103si solu\u021bii!<\/p>\n<p style=\"text-align: justify;\">Ca primar, a\u0219a cum \u0219ti\u021bi, am acordat toate resursele pentru \u0219coli \u0219i voi continua s\u0103 sus\u021bin le cu toate resursele. V\u0103 rog s\u0103 \u00eemi semnala\u021bi orice probleme \u0219i, \u00eempreun\u0103 cu Inspectoratul \u0218colar Jude\u021bean \u0219i celelalte institu\u021bii publice, vom g\u0103si solu\u021bii!<\/p>\n<p style=\"text-align: justify;\">\n","protected":false},"excerpt":{"rendered":"<p>Dragi elevi, profesori \u0219i p\u0103rin\u021bi, \u00cencredere! Sunt primar, dar sunt \u0219i tat\u0103. Avem \u00een fa\u021b\u0103&#8230; <a class=\"meta-more\" href=\"http:\/\/infois.ro\/?p=49841\">more <span class=\"meta-nav\">&raquo;<\/span><\/a><\/p>\n","protected":false},"author":2,"featured_media":49842,"comment_status":"closed","ping_status":"closed","sticky":false,"template":"","format":"standard","meta":{"footnotes":""},"categories":[12,41],"tags":[74,89,40,13682,13153,5786],"aioseo_notices":[],"_links":{"self":[{"href":"http:\/\/infois.ro\/index.php?rest_route=\/wp\/v2\/posts\/49841"}],"collection":[{"href":"http:\/\/infois.ro\/index.php?rest_route=\/wp\/v2\/posts"}],"about":[{"href":"http:\/\/infois.ro\/index.php?rest_route=\/wp\/v2\/types\/post"}],"author":[{"embeddable":true,"href":"http:\/\/infois.ro\/index.php?rest_route=\/wp\/v2\/users\/2"}],"replies":[{"embeddable":true,"href":"http:\/\/infois.ro\/index.php?rest_route=%2Fwp%2Fv2%2Fcomments&post=49841"}],"version-history":[{"count":1,"href":"http:\/\/infois.ro\/index.php?rest_route=\/wp\/v2\/posts\/49841\/revisions"}],"predecessor-version":[{"id":49843,"href":"http:\/\/infois.ro\/index.php?rest_route=\/wp\/v2\/posts\/49841\/revisions\/49843"}],"wp:featuredmedia":[{"embeddable":true,"href":"http:\/\/infois.ro\/index.php?rest_route=\/wp\/v2\/media\/49842"}],"wp:attachment":[{"href":"http:\/\/infois.ro\/index.php?rest_route=%2Fwp%2Fv2%2Fmedia&parent=49841"}],"wp:term":[{"taxonomy":"category","embeddable":true,"href":"http:\/\/infois.ro\/index.php?rest_route=%2Fwp%2Fv2%2Fcategories&post=49841"},{"taxonomy":"post_tag","embeddable":true,"href":"http:\/\/infois.ro\/index.php?rest_route=%2Fwp%2Fv2%2Ftags&post=49841"}],"curies":[{"name":"wp","href":"https:\/\/api.w.org\/{rel}","templated":true}]}}