{"id":50131,"date":"2020-09-28T15:56:43","date_gmt":"2020-09-28T12:56:43","guid":{"rendered":"http:\/\/infois.ro\/?p=50131"},"modified":"2020-09-28T15:56:43","modified_gmt":"2020-09-28T12:56:43","slug":"noua-elevi-din-judetul-iasi-confirmati-pozitiv-cu-virusul-sars-cov-2","status":"publish","type":"post","link":"http:\/\/infois.ro\/?p=50131","title":{"rendered":"Nou\u0103 elevi din jude\u0163ul Ia\u015fi, confirma\u0163i pozitiv cu virusul SARS-CoV-2"},"content":{"rendered":"<p><a href=\"http:\/\/infois.ro\/wp-content\/uploads\/2014\/11\/scoala-normala.jpg\"><img loading=\"lazy\" decoding=\"async\" class=\"alignleft  wp-image-14268\" src=\"http:\/\/infois.ro\/wp-content\/uploads\/2014\/11\/scoala-normala.jpg\" alt=\"\" width=\"352\" height=\"264\" srcset=\"http:\/\/infois.ro\/wp-content\/uploads\/2014\/11\/scoala-normala.jpg 600w, http:\/\/infois.ro\/wp-content\/uploads\/2014\/11\/scoala-normala-300x225.jpg 300w\" sizes=\"(max-width: 352px) 100vw, 352px\" \/><\/a><\/p>\n<p style=\"text-align: justify;\">Av\u00e2nd \u00een vedere prevederile Ordinului comun nr 5487\/1494\/2020, \u00een urma confirm\u0103rii pozitive de infectare cu virusul SARS-CoV-2 a unui num\u0103r de nou\u0103 elevi, dou\u0103 unit\u0103\u0163i de \u00eenv\u0103\u0163\u0103m\u00e2nt preuniversitar din jude\u0163ul Ia\u015fi au solicitat suspendarea cursurilor \u00een modalitatea \u201efa\u0163\u0103 \u00een fa\u0163\u0103\u201d la nivel de clas\u0103 \u015fi unitate \u015fcolar\u0103. Potrivit Inspectoratului \u015ecolar Jude\u0163ean Ia\u015fi, solicit\u0103rile au fost aprobate de Consiliile de Administra\u0163ie ale unit\u0103\u0163ilor de \u00eenv\u0103\u0163\u0103m\u00e2nt respective, de Inspectoratul \u015ecolar Jude\u0163ean Ia\u015fi \u015fi de Direc\u0163ia de S\u0103n\u0103tate Public\u0103 Ia\u015fi, urm\u00e2nd ca decizia de suspendare a cursurilor \u015fcolare organizate \u00een modalitatea \u201efa\u0163\u0103 \u00een fa\u0163\u0103&#8221; s\u0103 se dispun\u0103 la nivel jude\u0163ean prin hot\u0103r\u00e2rea CJSU.<\/p>\n<p style=\"text-align: justify;\">\n<p style=\"text-align: justify;\">Unit\u0103\u0163ile de \u00eenv\u0103\u0163\u0103m\u00e2nt care au solicitat suspendarea cursurilor \u00een modalitatea \u201efa\u0163\u0103 \u00een fa\u0163\u0103\u201d la nivel de clas\u0103\/colectiv:<\/p>\n<p style=\"text-align: justify;\">\n<table style=\"height: 142px;\" border=\"1\" width=\"416\">\n<tbody>\n<tr>\n<td style=\"width: 24.2045px;\">Nr. crt.<\/td>\n<td style=\"width: 103.295px;\">Unitatea de \u00eenv\u0103\u0163\u0103m\u00e2nt<\/td>\n<td style=\"width: 77.8409px;\">Num\u0103r cazuri confirmate<\/td>\n<td style=\"width: 64.2045px;\">Num\u0103rul de clase\/ colective<\/td>\n<td style=\"width: 124.205px;\">CLASA LA CARE SUNT SUPENDATE CURSURILE \u0218COLARE \u00ceN MODALITATEA &#8220;FA\u021a\u0102 \u00ceN FA\u021a\u0102&#8221;<\/td>\n<\/tr>\n<tr>\n<td style=\"width: 24.2045px;\">1<\/td>\n<td style=\"width: 103.295px;\">\u015eCOALA GIMNAZIAL\u0102 &#8220;AL. I. CUZA&#8221;\u00a0 PODU ILOAIEI<\/td>\n<td style=\"width: 77.8409px;\">&#8211; un elev<\/td>\n<td style=\"width: 64.2045px;\">1<\/td>\n<td style=\"width: 124.205px;\">CLASA PREG\u0102TITOARE C<\/td>\n<\/tr>\n<\/tbody>\n<\/table>\n<p style=\"text-align: justify;\">\n<p style=\"text-align: justify;\">Unit\u0103\u0163i de \u00eenv\u0103\u0163\u0103m\u00e2nt care au solicitat suspendarea cursurilor \u00een modalitatea \u201efa\u0163\u0103 \u00een fa\u0163\u0103\u201d la nivelul \u015fcolii:<\/p>\n<p style=\"text-align: justify;\">\n<table style=\"height: 163px;\" border=\"1\" width=\"289\">\n<tbody>\n<tr>\n<td style=\"width: 27.8409px;\">Nr. crt.<\/p>\n<p>&nbsp;<\/td>\n<td style=\"width: 129.659px;\">Unitatea de \u00eenv\u0103\u0163\u0103m\u00e2nt<\/td>\n<td style=\"width: 109.659px;\">Num\u0103r cazuri confirmate<\/td>\n<\/tr>\n<tr>\n<td style=\"width: 27.8409px;\">1<\/td>\n<td style=\"width: 129.659px;\">COLEGIUL PEDAGOGIC &#8220;VASILE LUPU&#8221;, IA\u015eI<\/td>\n<td style=\"width: 109.659px;\">\u00a0&#8211; opt elevi<\/td>\n<\/tr>\n<\/tbody>\n<\/table>\n<p style=\"text-align: justify;\">\n<p style=\"text-align: justify;\">\n<p style=\"text-align: justify;\">\u00cen unit\u0103\u0163ile \u015fcolare men\u0163ionate, s-au luat urm\u0103toarele m\u0103suri:<\/p>\n<ul style=\"text-align: justify;\">\n<li>izolarea cazurilor confirmate;<\/li>\n<li>igienizarea \u015fi dezinfec\u0163ia spa\u0163iilor unit\u0103\u0163ilor \u015fcolare (clase, holuri, toalete);<\/li>\n<li>reinstruirea personalului privind regulile de igien\u0103 personal\u0103 \u015fi portul m\u0103\u015ftii de protec\u0163ie.<\/li>\n<\/ul>\n<p style=\"text-align: justify;\">\n<p style=\"text-align: justify;\">\n<p style=\"text-align: justify;\">\n","protected":false},"excerpt":{"rendered":"<p>Av\u00e2nd \u00een vedere prevederile Ordinului comun nr 5487\/1494\/2020, \u00een urma confirm\u0103rii pozitive de infectare cu&#8230; <a class=\"meta-more\" href=\"http:\/\/infois.ro\/?p=50131\">more <span class=\"meta-nav\">&raquo;<\/span><\/a><\/p>\n","protected":false},"author":2,"featured_media":14268,"comment_status":"closed","ping_status":"closed","sticky":false,"template":"","format":"standard","meta":{"footnotes":""},"categories":[12,41],"tags":[74,13025,89,13300,40],"aioseo_notices":[],"_links":{"self":[{"href":"http:\/\/infois.ro\/index.php?rest_route=\/wp\/v2\/posts\/50131"}],"collection":[{"href":"http:\/\/infois.ro\/index.php?rest_route=\/wp\/v2\/posts"}],"about":[{"href":"http:\/\/infois.ro\/index.php?rest_route=\/wp\/v2\/types\/post"}],"author":[{"embeddable":true,"href":"http:\/\/infois.ro\/index.php?rest_route=\/wp\/v2\/users\/2"}],"replies":[{"embeddable":true,"href":"http:\/\/infois.ro\/index.php?rest_route=%2Fwp%2Fv2%2Fcomments&post=50131"}],"version-history":[{"count":1,"href":"http:\/\/infois.ro\/index.php?rest_route=\/wp\/v2\/posts\/50131\/revisions"}],"predecessor-version":[{"id":50132,"href":"http:\/\/infois.ro\/index.php?rest_route=\/wp\/v2\/posts\/50131\/revisions\/50132"}],"wp:featuredmedia":[{"embeddable":true,"href":"http:\/\/infois.ro\/index.php?rest_route=\/wp\/v2\/media\/14268"}],"wp:attachment":[{"href":"http:\/\/infois.ro\/index.php?rest_route=%2Fwp%2Fv2%2Fmedia&parent=50131"}],"wp:term":[{"taxonomy":"category","embeddable":true,"href":"http:\/\/infois.ro\/index.php?rest_route=%2Fwp%2Fv2%2Fcategories&post=50131"},{"taxonomy":"post_tag","embeddable":true,"href":"http:\/\/infois.ro\/index.php?rest_route=%2Fwp%2Fv2%2Ftags&post=50131"}],"curies":[{"name":"wp","href":"https:\/\/api.w.org\/{rel}","templated":true}]}}