{"id":50385,"date":"2020-10-12T18:37:38","date_gmt":"2020-10-12T15:37:38","guid":{"rendered":"http:\/\/infois.ro\/?p=50385"},"modified":"2020-10-13T08:39:29","modified_gmt":"2020-10-13T05:39:29","slug":"ce-scoli-isi-reiau-activitatea-in-modalitatea-fata-in-fata","status":"publish","type":"post","link":"http:\/\/infois.ro\/?p=50385","title":{"rendered":"Ce \u015fcoli \u00ee\u015fi reiau activitatea \u00een modalitatea fa\u0163\u0103 \u00een fa\u0163\u0103"},"content":{"rendered":"<p><a href=\"http:\/\/infois.ro\/wp-content\/uploads\/2020\/09\/elevi-masca2.jpg\"><img loading=\"lazy\" decoding=\"async\" class=\"alignleft  wp-image-49859\" src=\"http:\/\/infois.ro\/wp-content\/uploads\/2020\/09\/elevi-masca2.jpg\" alt=\"\" width=\"371\" height=\"244\" srcset=\"http:\/\/infois.ro\/wp-content\/uploads\/2020\/09\/elevi-masca2.jpg 640w, http:\/\/infois.ro\/wp-content\/uploads\/2020\/09\/elevi-masca2-300x197.jpg 300w\" sizes=\"(max-width: 371px) 100vw, 371px\" \/><\/a><\/p>\n<p style=\"text-align: justify;\">Comitetul Jude\u0163ean pentru Situa\u0163ii de Urgen\u0163\u0103 (CJSU) a decis luni dup\u0103 amiaz\u0103 reluarea \u00eencep\u00e2nd de mar\u0163i, 13 octombrie, cursurilor \u0219colare organizate \u00een modalitatea \u201dfa\u021b\u0103 \u00een fa\u021b\u0103\u201d \u00een urm\u0103toarele unit\u0103\u021bi de \u00eenv\u0103\u021b\u0103m\u00e2nt:<\/p>\n<p style=\"text-align: justify;\">\n<table style=\"height: 334px;\" border=\"1\" width=\"472\">\n<tbody>\n<tr>\n<td style=\"width: 462.386px;\">\u00b7\u00a0\u00a0\u00a0\u00a0\u00a0\u00a0\u00a0 Gr\u0103dini\u021ba cu program prelungit nr. 8, Ia\u015fi &#8211; grupa mare C<\/td>\n<\/tr>\n<tr>\n<td style=\"width: 462.386px;\">\u00b7\u00a0\u00a0\u00a0\u00a0\u00a0\u00a0\u00a0 Liceul Teoretic \u201eVarlaam Mitropolitul\u201d, Ia\u0219i &#8211; clasa A XI-A B<\/td>\n<\/tr>\n<tr>\n<td style=\"width: 462.386px;\">\u00b7\u00a0\u00a0\u00a0\u00a0\u00a0\u00a0\u00a0 \u0218coala Gimnazial\u0103 &#8220;Iacob Negruzzi&#8221;, Trife\u015fti structura \u0218coala gimnazial\u0103, Hermeziu &#8211; clasa preg\u0103titoare<\/td>\n<\/tr>\n<tr>\n<td style=\"width: 462.386px;\">\u00b7\u00a0\u00a0\u00a0\u00a0\u00a0\u00a0\u00a0 SEMINARUL TEOLOGIC ORTODOX &#8220;SF. VASILE CEL MARE&#8221;, IA\u015eI \u2013 Clasa a X-a C\/grupa I<\/td>\n<\/tr>\n<tr>\n<td style=\"width: 462.386px;\">\u00b7\u00a0\u00a0\u00a0\u00a0\u00a0\u00a0\u00a0 \u0218COALA GIMNAZIAL\u0102, COSTULENI\/ STRUCTURA \u0218COALA PRIMAR\u0102, HILI\u0162A &#8211; Clasa preg\u0103titoare<\/td>\n<\/tr>\n<\/tbody>\n<\/table>\n<p style=\"text-align: justify;\">\n<p style=\"text-align: justify;\">\n","protected":false},"excerpt":{"rendered":"<p>Comitetul Jude\u0163ean pentru Situa\u0163ii de Urgen\u0163\u0103 (CJSU) a decis luni dup\u0103 amiaz\u0103 reluarea \u00eencep\u00e2nd de&#8230; <a class=\"meta-more\" href=\"http:\/\/infois.ro\/?p=50385\">more <span class=\"meta-nav\">&raquo;<\/span><\/a><\/p>\n","protected":false},"author":2,"featured_media":49859,"comment_status":"closed","ping_status":"closed","sticky":false,"template":"","format":"standard","meta":{"footnotes":""},"categories":[12,41],"tags":[74,13025,664,89,40],"aioseo_notices":[],"_links":{"self":[{"href":"http:\/\/infois.ro\/index.php?rest_route=\/wp\/v2\/posts\/50385"}],"collection":[{"href":"http:\/\/infois.ro\/index.php?rest_route=\/wp\/v2\/posts"}],"about":[{"href":"http:\/\/infois.ro\/index.php?rest_route=\/wp\/v2\/types\/post"}],"author":[{"embeddable":true,"href":"http:\/\/infois.ro\/index.php?rest_route=\/wp\/v2\/users\/2"}],"replies":[{"embeddable":true,"href":"http:\/\/infois.ro\/index.php?rest_route=%2Fwp%2Fv2%2Fcomments&post=50385"}],"version-history":[{"count":1,"href":"http:\/\/infois.ro\/index.php?rest_route=\/wp\/v2\/posts\/50385\/revisions"}],"predecessor-version":[{"id":50386,"href":"http:\/\/infois.ro\/index.php?rest_route=\/wp\/v2\/posts\/50385\/revisions\/50386"}],"wp:featuredmedia":[{"embeddable":true,"href":"http:\/\/infois.ro\/index.php?rest_route=\/wp\/v2\/media\/49859"}],"wp:attachment":[{"href":"http:\/\/infois.ro\/index.php?rest_route=%2Fwp%2Fv2%2Fmedia&parent=50385"}],"wp:term":[{"taxonomy":"category","embeddable":true,"href":"http:\/\/infois.ro\/index.php?rest_route=%2Fwp%2Fv2%2Fcategories&post=50385"},{"taxonomy":"post_tag","embeddable":true,"href":"http:\/\/infois.ro\/index.php?rest_route=%2Fwp%2Fv2%2Ftags&post=50385"}],"curies":[{"name":"wp","href":"https:\/\/api.w.org\/{rel}","templated":true}]}}