{"id":50514,"date":"2020-10-16T14:23:38","date_gmt":"2020-10-16T11:23:38","guid":{"rendered":"http:\/\/infois.ro\/?p=50514"},"modified":"2020-10-17T19:25:52","modified_gmt":"2020-10-17T16:25:52","slug":"mai-multe-clase-de-la-patru-scoli-iesene-isi-suspenda-cursurile-in-sistemul-fata-in-fata","status":"publish","type":"post","link":"http:\/\/infois.ro\/?p=50514","title":{"rendered":"Mai multe clase de la patru \u015fcoli ie\u015fene \u00ee\u015fi suspend\u0103 cursurile \u00een sistemul fa\u0163\u0103 \u00een fa\u0163\u0103"},"content":{"rendered":"<p><a href=\"http:\/\/infois.ro\/wp-content\/uploads\/2020\/06\/invatamant-online.jpg\"><img loading=\"lazy\" decoding=\"async\" class=\"alignleft  wp-image-48014\" src=\"http:\/\/infois.ro\/wp-content\/uploads\/2020\/06\/invatamant-online.jpg\" alt=\"\" width=\"484\" height=\"324\" srcset=\"http:\/\/infois.ro\/wp-content\/uploads\/2020\/06\/invatamant-online.jpg 640w, http:\/\/infois.ro\/wp-content\/uploads\/2020\/06\/invatamant-online-300x201.jpg 300w\" sizes=\"(max-width: 484px) 100vw, 484px\" \/><\/a><\/p>\n<p style=\"text-align: justify;\">\u00cen urma confirm\u0103rii pozitive cu COVID-19 a \u015fase elevi, patru unit\u0103\u0163i de \u00eenv\u0103\u0163\u0103m\u00e2nt preuniversitar din jude\u0163ul Ia\u015fi au solicitat vineri, 16 octombrie, suspendarea cursurilor \u00een modalitatea \u201efa\u0163\u0103 \u00een fa\u0163\u0103\u201d la nivel de clas\u0103. Solicit\u0103rile au fost aprobate de consiliile de administra\u0163ie ale unit\u0103\u0163ilor de \u00eenv\u0103\u0163\u0103m\u00e2nt respective, de Inspectoratul \u015ecolar Jude\u0163ean Ia\u015fi \u015fi de Direc\u0163ia de S\u0103n\u0103tate Public\u0103 Ia\u015fi, urm\u00e2nd ca decizia de suspendare a cursurilor \u015fcolare organizate \u00een modalitatea \u201efa\u0163\u0103 \u00een fa\u0163\u0103&#8221; s\u0103 se dispun\u0103 la nivel jude\u0163ean prin hot\u0103r\u00e2rea CJSU.<\/p>\n<p style=\"text-align: justify;\">\n<p style=\"text-align: justify;\">Unit\u0103\u021bi de \u00eenv\u0103\u021b\u0103m\u00e2nt care au solicitat suspendarea cursurilor \u00een modalitatea \u201efa\u021b\u0103 \u00een fa\u021b\u0103\u201d la nivel de clas\u0103\/colectiv:<\/p>\n<table style=\"height: 463px;\" border=\"1\" width=\"424\">\n<tbody>\n<tr>\n<td style=\"width: 24.2045px;\">Nr. crt.<\/td>\n<td style=\"width: 107.841px;\">Unitatea de \u00eenv\u0103\u0163\u0103m\u00e2nt<\/td>\n<td style=\"width: 96.0227px;\">Propunere de suspendare a cursurilor \u0219colare organizate \u00een modalitatea &#8220;fa\u021b\u0103 \u00een fa\u021b\u0103&#8221; la nivel de clas\u0103\/colectiv<\/td>\n<td style=\"width: 64.2045px;\">Num\u0103rul de clase\/ colective<\/td>\n<td style=\"width: 117.841px;\">CLASA LA CARE SUNT SUPENDATE CURSURILE \u0218COLARE \u00ceN MODALITATEA &#8220;FA\u021a\u0102 \u00ceN FA\u021a\u0102&#8221;<\/td>\n<\/tr>\n<tr>\n<td style=\"width: 24.2045px;\">1<\/td>\n<td style=\"width: 107.841px;\">\u0218COALA GIMNAZIAL\u0102 &#8220;ALEXANDRU CEL BUN&#8221;, IA\u015eI<\/td>\n<td style=\"width: 96.0227px;\">doi elevi<\/td>\n<td style=\"width: 64.2045px;\">2<\/td>\n<td style=\"width: 117.841px;\">Clasa a V-a E, Clasa a II-a D<\/td>\n<\/tr>\n<tr>\n<td style=\"width: 24.2045px;\">2<\/td>\n<td style=\"width: 107.841px;\">LICEUL TEHNOLOGIC ECONOMIC \u201eVIRGIL MADGEARU\u201d, IA\u015eI<\/td>\n<td style=\"width: 96.0227px;\">un elev<\/td>\n<td style=\"width: 64.2045px;\">1<\/td>\n<td style=\"width: 117.841px;\">Clasa a XII-a H<\/td>\n<\/tr>\n<tr>\n<td style=\"width: 24.2045px;\">3<\/td>\n<td style=\"width: 107.841px;\">COLEGIUL NA\u0162IONAL \u201eCOSTACHE NEGRUZZI\u201d, IA\u015eI<\/td>\n<td style=\"width: 96.0227px;\">doi elevi<\/td>\n<td style=\"width: 64.2045px;\">1<\/td>\n<td style=\"width: 117.841px;\">Clasa a IX-a E<\/td>\n<\/tr>\n<tr>\n<td style=\"width: 24.2045px;\">4<\/td>\n<td style=\"width: 107.841px;\">\u0218COALA GIMNAZIAL\u0102 &#8220;ALECU RUSSO&#8221;, IA\u015eI<\/td>\n<td style=\"width: 96.0227px;\">un elev<\/td>\n<td style=\"width: 64.2045px;\">1<\/td>\n<td style=\"width: 117.841px;\">Clasa a III-a B<\/td>\n<\/tr>\n<\/tbody>\n<\/table>\n<p style=\"text-align: justify;\">\n","protected":false},"excerpt":{"rendered":"<p>\u00cen urma confirm\u0103rii pozitive cu COVID-19 a \u015fase elevi, patru unit\u0103\u0163i de \u00eenv\u0103\u0163\u0103m\u00e2nt preuniversitar din&#8230; <a class=\"meta-more\" href=\"http:\/\/infois.ro\/?p=50514\">more <span class=\"meta-nav\">&raquo;<\/span><\/a><\/p>\n","protected":false},"author":2,"featured_media":48014,"comment_status":"closed","ping_status":"closed","sticky":false,"template":"","format":"standard","meta":{"footnotes":""},"categories":[12,41],"tags":[74,89,40,3837,13132,128],"aioseo_notices":[],"_links":{"self":[{"href":"http:\/\/infois.ro\/index.php?rest_route=\/wp\/v2\/posts\/50514"}],"collection":[{"href":"http:\/\/infois.ro\/index.php?rest_route=\/wp\/v2\/posts"}],"about":[{"href":"http:\/\/infois.ro\/index.php?rest_route=\/wp\/v2\/types\/post"}],"author":[{"embeddable":true,"href":"http:\/\/infois.ro\/index.php?rest_route=\/wp\/v2\/users\/2"}],"replies":[{"embeddable":true,"href":"http:\/\/infois.ro\/index.php?rest_route=%2Fwp%2Fv2%2Fcomments&post=50514"}],"version-history":[{"count":1,"href":"http:\/\/infois.ro\/index.php?rest_route=\/wp\/v2\/posts\/50514\/revisions"}],"predecessor-version":[{"id":50515,"href":"http:\/\/infois.ro\/index.php?rest_route=\/wp\/v2\/posts\/50514\/revisions\/50515"}],"wp:featuredmedia":[{"embeddable":true,"href":"http:\/\/infois.ro\/index.php?rest_route=\/wp\/v2\/media\/48014"}],"wp:attachment":[{"href":"http:\/\/infois.ro\/index.php?rest_route=%2Fwp%2Fv2%2Fmedia&parent=50514"}],"wp:term":[{"taxonomy":"category","embeddable":true,"href":"http:\/\/infois.ro\/index.php?rest_route=%2Fwp%2Fv2%2Fcategories&post=50514"},{"taxonomy":"post_tag","embeddable":true,"href":"http:\/\/infois.ro\/index.php?rest_route=%2Fwp%2Fv2%2Ftags&post=50514"}],"curies":[{"name":"wp","href":"https:\/\/api.w.org\/{rel}","templated":true}]}}