{"id":50652,"date":"2020-10-23T15:09:33","date_gmt":"2020-10-23T12:09:33","guid":{"rendered":"http:\/\/infois.ro\/?p=50652"},"modified":"2020-10-24T15:11:12","modified_gmt":"2020-10-24T12:11:12","slug":"doua-scoli-din-mediul-rural-isi-suspenda-procesul-educational-in-sistemul-fata-in-fata","status":"publish","type":"post","link":"http:\/\/infois.ro\/?p=50652","title":{"rendered":"Dou\u0103 \u015fcoli din mediul rural \u00ee\u015fi suspend\u0103 procesul educa\u0163ional \u00een sistemul fa\u0163a \u00een fa\u0163\u0103"},"content":{"rendered":"<p><a href=\"http:\/\/infois.ro\/wp-content\/uploads\/2020\/06\/pregatire-online-elevi.jpg\"><img loading=\"lazy\" decoding=\"async\" class=\"alignleft  wp-image-48073\" src=\"http:\/\/infois.ro\/wp-content\/uploads\/2020\/06\/pregatire-online-elevi.jpg\" alt=\"\" width=\"362\" height=\"291\" srcset=\"http:\/\/infois.ro\/wp-content\/uploads\/2020\/06\/pregatire-online-elevi.jpg 640w, http:\/\/infois.ro\/wp-content\/uploads\/2020\/06\/pregatire-online-elevi-300x242.jpg 300w\" sizes=\"(max-width: 362px) 100vw, 362px\" \/><\/a><\/p>\n<p style=\"text-align: justify;\">\u00cen urma confirm\u0103rii pozitive cu COVID-19 a dou\u0103 cadre didactice, \u0218COALA GIMNAZIAL\u0102 BOSIA\u00a0(cu structurile\u00a0\u00a0\u0218COALA PRIMAR\u0102 UNGHENI\u00a0 \u015fi \u0218COALA GIMNAZIAL\u0102 M\u00c2NZ\u0102TE\u015eTI\u00a0) a solicitat vineri, 23 octombrie, suspendarea cursurilor \u00een modalitatea \u201efa\u0163\u0103 \u00een fa\u0163\u0103\u201d la nivel de clas\u0103. Solicit\u0103rile au fost aprobate anterior de consiliile de administra\u0163ie ale unit\u0103\u0163ilor de \u00eenv\u0103\u0163\u0103m\u00e2nt respective, de Inspectoratul \u015ecolar Jude\u0163ean Ia\u015fi \u015fi de Direc\u0163ia de S\u0103n\u0103tate Public\u0103 Ia\u015fi, urm\u00e2nd ca decizia de suspendare a cursurilor \u015fcolare organizate \u00een modalitatea \u201efa\u0163\u0103 \u00een fa\u0163\u0103&#8221; s\u0103 se dispun\u0103 la nivel jude\u0163ean prin hot\u0103r\u00e2rea CJSU.<\/p>\n<p style=\"text-align: justify;\">\n<p style=\"text-align: justify;\">Unit\u0103\u0163i de \u00eenv\u0103\u0163\u0103m\u00e2nt care au solicitat suspendarea cursurilor \u00een modalitatea \u201efa\u0163\u0103 \u00een fa\u0163\u0103\u201d la nivel de clas\u0103\/colectiv:<\/p>\n<p style=\"text-align: justify;\">\n<table style=\"height: 410px;\" border=\"1\" width=\"471\">\n<tbody>\n<tr>\n<td style=\"width: 25.1136px;\">Nr. crt.<\/td>\n<td style=\"width: 115.114px;\">Unitatea de \u00eenv\u0103\u0163\u0103m\u00e2nt<\/td>\n<td style=\"width: 93.2955px;\">Num\u0103r cazuri confirmate<\/td>\n<td style=\"width: 66.0227px;\">Num\u0103rul de clase\/ colective<\/td>\n<td style=\"width: 138.75px;\">CLASA LA CARE SUNT SUPENDATE CURSURILE \u0218COLARE \u00ceN MODALITATEA &#8220;FA\u021a\u0102 \u00ceN FA\u021a\u0102&#8221;<\/td>\n<\/tr>\n<tr>\n<td style=\"width: 25.1136px;\">1<\/td>\n<td style=\"width: 115.114px;\">\u0218COALA GIMNAZIAL\u0102, BOSIA<\/td>\n<td style=\"width: 93.2955px;\">\u00a0\u00a0\u00a0\u00a0\u00a0\u00a0\u00a0 2 cadre didactice<\/td>\n<td style=\"width: 66.0227px;\">5<\/td>\n<td style=\"width: 138.75px;\">Clasa preg\u0103titoare, Clasa a III-a,<\/p>\n<p>Clasa a IV-a, Clasa a V-a,<\/p>\n<p>Clasa a VIII-a,<\/td>\n<\/tr>\n<tr>\n<td style=\"width: 25.1136px;\">2<\/td>\n<td style=\"width: 115.114px;\">\u0218COALA GIMNAZIAL\u0102, BOSIA structura \u0218COALA PRIMAR\u0102, UNGHENI<\/td>\n<td style=\"width: 93.2955px;\">acelea\u015fi \u00a02 cadre didactice\u00a0de la \u015ecoala Gimnazial\u0103 Bosia<\/td>\n<td style=\"width: 66.0227px;\">2<\/td>\n<td style=\"width: 138.75px;\">Clasa preg\u0103titoare\/Clasa I (simultan), Clasa a II-a\/Clasa a III-a\/ Clasa a IV-a (simultan)<\/td>\n<\/tr>\n<tr>\n<td style=\"width: 25.1136px;\">3<\/td>\n<td style=\"width: 115.114px;\">\u0218COALA GIMNAZIAL\u0102, BOSIA structura \u0218COALA GIMNAZIAL\u0102, M\u00c2NZ\u0102TE\u015eTI<\/td>\n<td style=\"width: 93.2955px;\">acelea\u015fi \u00a02 cadre didactice\u00a0de la \u015ecoala Gimnazial\u0103 Bosia<\/td>\n<td style=\"width: 66.0227px;\">2<\/td>\n<td style=\"width: 138.75px;\">Clasa preg\u0103titoare, Clasa a VIII-a<\/p>\n<p>&nbsp;<\/td>\n<\/tr>\n<\/tbody>\n<\/table>\n<p style=\"text-align: justify;\">\n","protected":false},"excerpt":{"rendered":"<p>\u00cen urma confirm\u0103rii pozitive cu COVID-19 a dou\u0103 cadre didactice, \u0218COALA GIMNAZIAL\u0102 BOSIA\u00a0(cu structurile\u00a0\u00a0\u0218COALA PRIMAR\u0102&#8230; <a class=\"meta-more\" href=\"http:\/\/infois.ro\/?p=50652\">more <span class=\"meta-nav\">&raquo;<\/span><\/a><\/p>\n","protected":false},"author":2,"featured_media":48073,"comment_status":"closed","ping_status":"closed","sticky":false,"template":"","format":"standard","meta":{"footnotes":""},"categories":[12,41],"tags":[74,89,40,3837,13132],"aioseo_notices":[],"_links":{"self":[{"href":"http:\/\/infois.ro\/index.php?rest_route=\/wp\/v2\/posts\/50652"}],"collection":[{"href":"http:\/\/infois.ro\/index.php?rest_route=\/wp\/v2\/posts"}],"about":[{"href":"http:\/\/infois.ro\/index.php?rest_route=\/wp\/v2\/types\/post"}],"author":[{"embeddable":true,"href":"http:\/\/infois.ro\/index.php?rest_route=\/wp\/v2\/users\/2"}],"replies":[{"embeddable":true,"href":"http:\/\/infois.ro\/index.php?rest_route=%2Fwp%2Fv2%2Fcomments&post=50652"}],"version-history":[{"count":1,"href":"http:\/\/infois.ro\/index.php?rest_route=\/wp\/v2\/posts\/50652\/revisions"}],"predecessor-version":[{"id":50653,"href":"http:\/\/infois.ro\/index.php?rest_route=\/wp\/v2\/posts\/50652\/revisions\/50653"}],"wp:featuredmedia":[{"embeddable":true,"href":"http:\/\/infois.ro\/index.php?rest_route=\/wp\/v2\/media\/48073"}],"wp:attachment":[{"href":"http:\/\/infois.ro\/index.php?rest_route=%2Fwp%2Fv2%2Fmedia&parent=50652"}],"wp:term":[{"taxonomy":"category","embeddable":true,"href":"http:\/\/infois.ro\/index.php?rest_route=%2Fwp%2Fv2%2Fcategories&post=50652"},{"taxonomy":"post_tag","embeddable":true,"href":"http:\/\/infois.ro\/index.php?rest_route=%2Fwp%2Fv2%2Ftags&post=50652"}],"curies":[{"name":"wp","href":"https:\/\/api.w.org\/{rel}","templated":true}]}}