{"id":50707,"date":"2020-10-28T08:08:33","date_gmt":"2020-10-28T06:08:33","guid":{"rendered":"http:\/\/infois.ro\/?p=50707"},"modified":"2020-10-28T08:08:33","modified_gmt":"2020-10-28T06:08:33","slug":"controale-privind-transportul-elevilor-in-conditii-de-siguranta-sanitara","status":"publish","type":"post","link":"http:\/\/infois.ro\/?p=50707","title":{"rendered":"Controale privind transportul elevilor \u00een condi\u0163ii de siguran\u0163\u0103 sanitar\u0103"},"content":{"rendered":"<p><a href=\"http:\/\/infois.ro\/wp-content\/uploads\/2020\/10\/microbuze-elevi.jpg\"><img loading=\"lazy\" decoding=\"async\" class=\"alignleft  wp-image-50708\" src=\"http:\/\/infois.ro\/wp-content\/uploads\/2020\/10\/microbuze-elevi.jpg\" alt=\"\" width=\"339\" height=\"191\" srcset=\"http:\/\/infois.ro\/wp-content\/uploads\/2020\/10\/microbuze-elevi.jpg 640w, http:\/\/infois.ro\/wp-content\/uploads\/2020\/10\/microbuze-elevi-300x169.jpg 300w, http:\/\/infois.ro\/wp-content\/uploads\/2020\/10\/microbuze-elevi-140x80.jpg 140w\" sizes=\"(max-width: 339px) 100vw, 339px\" \/><\/a><\/p>\n<p style=\"text-align: justify;\">Inspectoratul \u0218colar Jude\u021bean Ia\u0219i, \u00een colaborare cu Inspectoratul de Poli\u021bie Jude\u021bean Ia\u0219i, prin Biroul de Siguran\u021b\u0103 \u0218colar\u0103, realizeaz\u0103 \u00een perioada 19 octombrie \u2013 20 noiembrie o inspec\u021bie tematic\u0103 de monitorizare, \u00eendrumare \u0219i control \u00een toate unit\u0103\u021bile de \u00eenv\u0103\u021b\u0103m\u00e2nt preuniversitar din re\u021beaua \u0219colar\u0103 a jude\u021bului Ia\u015fi cu privire la realizarea transportului pentru elevi \u0219i pre\u0219colari \u00een condi\u021bii de siguran\u021b\u0103 sanitar\u0103, asigurarea serviciilor de paz\u0103 \u00een unit\u0103\u021bile de \u00eenv\u0103\u021b\u0103m\u00e2nt, prevenirea consumului de alcool \u0219i substan\u021be interzise, precum \u015fi a actelor de violen\u021b\u0103 \u0219i a bullyingului \u00een spa\u021biul \u0219colar \u0219i \u00een afara \u0219colii.\u00a0 \u00cen acest sens se verific\u0103 asigurarea condi\u021biilor specifice pentru transportul elevilor \u0219i al pre\u0219colarilor \u00eenspre \u0219i dinspre \u0219coal\u0103 cu respectarea prevederilor legale referitoare la aplicarea m\u0103surilor de protec\u021bie sanitar\u0103 \u0219i siguran\u021b\u0103 \u00een trafic, graficul curselor microbuzului \u0219colar, precum \u0219i alte aspecte privitoare securitatea\u00a0 elevilor \u0219i a pre\u0219colarilor care beneficiaz\u0103 de serviciile de transport. Potrivit legii, utilizarea microbuzelor \u0219colare este permis\u0103 doar dac\u0103 acestea \u00eendeplinesc condi\u021biile legale, inclusiv cele referitoare la respectarea m\u0103surilor sanitare impuse de pandemia Covid 19, iar pe parcursul transportului la \u0219i de la unitatea de \u00eenv\u0103\u021b\u0103m\u00e2nt, elevii respect\u0103 m\u0103surile generale de conduit\u0103 prev\u0103zute de normele aprobate pentru transportul \u00een comun, \u00een special asigurarea distan\u021bei fizice de minimum un metru \u0219i purtarea m\u0103\u0219tii. De asemenea, \u0219oferul microbuzului \u0219colar \u0219i personalul de \u00eenso\u021bire sunt obliga\u0163i s\u0103 respecte m\u0103surile generale de protec\u021bie, iar mijlocul de transport trebuie s\u0103 fie aerisit \u0219i dezinfectat corespunz\u0103tor, dup\u0103 fiecare curs\u0103. \u201cDemersul derulat \u00een \u0219coli are \u00een vedere, totodat\u0103, asigurarea pazei \u00een unitatea de \u00eenv\u0103\u021b\u0103m\u00e2nt cu personalitate juridic\u0103 \u0219i \u00een structurile arondate, cu m\u0103suri derivate din Planul teritorial de ac\u021biune, colaborarea dintre \u0219coal\u0103 \u0219i Biroul de siguran\u021b\u0103 \u0219colar\u0103 din cadrul Inspectoratul de Poli\u021bie Jude\u021bean Ia\u0219i, precum \u0219i proiectarea unor activit\u0103\u021bi de prevenire a actelor de violen\u021b\u0103 petrecute at\u00e2t \u00een mediul \u0219colar, c\u00e2t \u0219i \u00een afara acestuia\u201d, precizeaz\u0103 reprezentan\u0163ii Inspectoratului \u015ecolar Jude\u0163ean Ia\u015fi \u00eentr-un comunicat de pres\u0103.<\/p>\n","protected":false},"excerpt":{"rendered":"<p>Inspectoratul \u0218colar Jude\u021bean Ia\u0219i, \u00een colaborare cu Inspectoratul de Poli\u021bie Jude\u021bean Ia\u0219i, prin Biroul de&#8230; <a class=\"meta-more\" href=\"http:\/\/infois.ro\/?p=50707\">more <span class=\"meta-nav\">&raquo;<\/span><\/a><\/p>\n","protected":false},"author":2,"featured_media":50708,"comment_status":"closed","ping_status":"closed","sticky":false,"template":"","format":"standard","meta":{"footnotes":""},"categories":[12,41],"tags":[74,13025,89,40,13132,982],"aioseo_notices":[],"_links":{"self":[{"href":"http:\/\/infois.ro\/index.php?rest_route=\/wp\/v2\/posts\/50707"}],"collection":[{"href":"http:\/\/infois.ro\/index.php?rest_route=\/wp\/v2\/posts"}],"about":[{"href":"http:\/\/infois.ro\/index.php?rest_route=\/wp\/v2\/types\/post"}],"author":[{"embeddable":true,"href":"http:\/\/infois.ro\/index.php?rest_route=\/wp\/v2\/users\/2"}],"replies":[{"embeddable":true,"href":"http:\/\/infois.ro\/index.php?rest_route=%2Fwp%2Fv2%2Fcomments&post=50707"}],"version-history":[{"count":1,"href":"http:\/\/infois.ro\/index.php?rest_route=\/wp\/v2\/posts\/50707\/revisions"}],"predecessor-version":[{"id":50709,"href":"http:\/\/infois.ro\/index.php?rest_route=\/wp\/v2\/posts\/50707\/revisions\/50709"}],"wp:featuredmedia":[{"embeddable":true,"href":"http:\/\/infois.ro\/index.php?rest_route=\/wp\/v2\/media\/50708"}],"wp:attachment":[{"href":"http:\/\/infois.ro\/index.php?rest_route=%2Fwp%2Fv2%2Fmedia&parent=50707"}],"wp:term":[{"taxonomy":"category","embeddable":true,"href":"http:\/\/infois.ro\/index.php?rest_route=%2Fwp%2Fv2%2Fcategories&post=50707"},{"taxonomy":"post_tag","embeddable":true,"href":"http:\/\/infois.ro\/index.php?rest_route=%2Fwp%2Fv2%2Ftags&post=50707"}],"curies":[{"name":"wp","href":"https:\/\/api.w.org\/{rel}","templated":true}]}}