{"id":51034,"date":"2020-11-10T18:46:22","date_gmt":"2020-11-10T16:46:22","guid":{"rendered":"http:\/\/infois.ro\/?p=51034"},"modified":"2020-11-11T08:48:49","modified_gmt":"2020-11-11T06:48:49","slug":"ursuletii-de-plus-ro-md-proiect-transnational-derulat-intre-licee-din-stanga-si-dreapta-prutului","status":"publish","type":"post","link":"http:\/\/infois.ro\/?p=51034","title":{"rendered":"\u201cUrsule\u021bii de plu\u0219 RO \u2013 MD\u201d, proiect transna\u021bional derulat \u00eentre licee din st\u00e2nga \u015fi dreapta Prutului"},"content":{"rendered":"<p><a href=\"http:\/\/infois.ro\/wp-content\/uploads\/2020\/11\/ursuleti-de-plus.jpg\"><img loading=\"lazy\" decoding=\"async\" class=\"alignleft  wp-image-51035\" src=\"http:\/\/infois.ro\/wp-content\/uploads\/2020\/11\/ursuleti-de-plus.jpg\" alt=\"\" width=\"371\" height=\"494\" srcset=\"http:\/\/infois.ro\/wp-content\/uploads\/2020\/11\/ursuleti-de-plus.jpg 640w, http:\/\/infois.ro\/wp-content\/uploads\/2020\/11\/ursuleti-de-plus-225x300.jpg 225w\" sizes=\"(max-width: 371px) 100vw, 371px\" \/><\/a><\/p>\n<p style=\"text-align: justify;\">A fost dat startul proiectului transna\u021bional \u201dURSULE\u021aII DE PLU\u0218 RO-MD\u201d, prin activitatea \u201cUrsule\u021bul \u00eenva\u021b\u0103 f\u0103r\u0103 fric\u0103\u201d, derulat\u0103 de cele dou\u0103 institu\u021bii partenere, Liceul Teoretic de Informatic\u0103 \u201eGrigore Moisil\u201d din Ia\u0219i \u0219i Institu\u021bia Public\u0103 Gimnaziul \u201dIon Creang\u0103\u201d din Republica Moldova. Proiectul se desf\u0103\u0219oar\u0103 cu scopul de a sprijini transferul \u0219i implementarea de practici inovatoare \u00een educa\u021bie, facilit\u00e2nd schimbul de experien\u021be de \u00eenv\u0103\u021bare la nivel european \u0219i oferind posibilitatea institu\u021biilor partenere din Republica Moldova \u0219i Rom\u00e2nia s\u0103 colaboreze la nivel transna\u021bional. Profesorii coordonatori &#8211; Floricica Morariu \u0219i Costina Macovei de la Liceul Teoretic de Informatic\u0103 \u201eGrigore Moisil\u201d Ia\u0219i \u0219i Diana Rotari de la Institu\u021bia Public\u0103 Gimnaziul \u201dIon Creang\u0103\u201d din Republica Moldova au demarat pe 9 noiembrie 2020 activit\u0103\u021bile online de intercunoa\u0219tere \u00eentre elevii celor dou\u0103 \u0219coli. \u201cUrsule\u021bul de plu\u0219 Bucurel va c\u0103l\u0103tori peste Prut \u0219i va studia la Institu\u021bia Public\u0103 Gimnaziul \u201dIon Creang\u0103\u201d din \u021aarigrad, Republica Moldova, timp de trei s\u0103pt\u0103m\u00e2ni, dup\u0103 care se va \u00eentoarce acas\u0103 cu multe impresii \u0219i cuno\u0219tin\u021be noi. Copiii vor face o agend\u0103 personalizat\u0103, iar pe prima pagin\u0103 vor redacta o scrisoare \u00een numele ursule\u021bului, adresat\u0103 elevilor de la scoala partener\u0103. De\u0219i este o perioad\u0103 de \u00eencerc\u0103ri, copiii au f\u0103cut cuno\u0219tin\u021b\u0103 cu elevii de peste Prut, au schimbat impresii \u0219i au prezentat unii altora ursule\u021bii preg\u0103ti\u021bi pentru c\u0103l\u0103torie. C\u00e2nd ambii ursule\u021bi vor ajunge la destina\u021bie, elevii celor dou\u0103 institu\u021bii se vor int\u00e2lni din nou pentru a povesti despre drumul parcurs. Timp de trei s\u0103pt\u0103m\u00e2ni, ursule\u021bul Bucurel va merge la toate lec\u021biile \u00eempreun\u0103 cu elevii din institu\u021bia partener\u0103 \u0219i va \u00eenv\u0103\u021ba al\u0103turi de elevi\u201d, se precizeaz\u0103 \u00eentr-un comunicat al organizatorilor. \u201cNe-am \u00eentalnit online cu elevii dintr-o clas\u0103 de a VI-a \u0219i am v\u0103zut cum e s\u0103 \u00eenve\u021bi \u00een Republica Moldova. To\u021bi elevii p\u0103reau foarte uni\u021bi, c\u00e2nd \u00eei \u00eentrebam ceva, to\u021bi doreau s\u0103 r\u0103spund\u0103. M-am sim\u021bit ca \u0219i cum eram colegi de clas\u0103\u201d, spune Adelina Iuscinschi, elev\u0103 \u00een clasa a V-a B la Liceul Teoretic de Informatic\u0103 \u201eGrigore Moisil\u201d din Ia\u0219i. \u201cChiar dac\u0103 \u00een lume este o mare \u0219i ur\u0103t\u0103 pandemie cu care ne confrunt\u0103m cu to\u021bii, elevii de la \u0219coala din Republica Moldova sunt ferici\u021bi \u0219i \u00ee\u0219i p\u0103streaz\u0103 lumina interioar\u0103. Copiii de la \u0219coala partener\u0103 sunt simpatici \u0219i prieteno\u0219i, au un grai dulce \u0219i p\u0103reri diferite. Abia a\u0219tept s\u0103 \u00eenv\u0103\u021b c\u00e2t mai multe de la ei. Poate vom avea ocazia peste ceva timp s\u0103 ne \u0219i \u00eent\u00e2lnim\u201d, adaug\u0103 Mara Damian, elev\u0103 \u00een aceea\u0219i clas\u0103.<\/p>\n","protected":false},"excerpt":{"rendered":"<p>A fost dat startul proiectului transna\u021bional \u201dURSULE\u021aII DE PLU\u0218 RO-MD\u201d, prin activitatea \u201cUrsule\u021bul \u00eenva\u021b\u0103 f\u0103r\u0103&#8230; <a class=\"meta-more\" href=\"http:\/\/infois.ro\/?p=51034\">more <span class=\"meta-nav\">&raquo;<\/span><\/a><\/p>\n","protected":false},"author":2,"featured_media":51035,"comment_status":"closed","ping_status":"closed","sticky":false,"template":"","format":"standard","meta":{"footnotes":""},"categories":[12,41],"tags":[74,271,89,40,2837,13831],"aioseo_notices":[],"_links":{"self":[{"href":"http:\/\/infois.ro\/index.php?rest_route=\/wp\/v2\/posts\/51034"}],"collection":[{"href":"http:\/\/infois.ro\/index.php?rest_route=\/wp\/v2\/posts"}],"about":[{"href":"http:\/\/infois.ro\/index.php?rest_route=\/wp\/v2\/types\/post"}],"author":[{"embeddable":true,"href":"http:\/\/infois.ro\/index.php?rest_route=\/wp\/v2\/users\/2"}],"replies":[{"embeddable":true,"href":"http:\/\/infois.ro\/index.php?rest_route=%2Fwp%2Fv2%2Fcomments&post=51034"}],"version-history":[{"count":1,"href":"http:\/\/infois.ro\/index.php?rest_route=\/wp\/v2\/posts\/51034\/revisions"}],"predecessor-version":[{"id":51036,"href":"http:\/\/infois.ro\/index.php?rest_route=\/wp\/v2\/posts\/51034\/revisions\/51036"}],"wp:featuredmedia":[{"embeddable":true,"href":"http:\/\/infois.ro\/index.php?rest_route=\/wp\/v2\/media\/51035"}],"wp:attachment":[{"href":"http:\/\/infois.ro\/index.php?rest_route=%2Fwp%2Fv2%2Fmedia&parent=51034"}],"wp:term":[{"taxonomy":"category","embeddable":true,"href":"http:\/\/infois.ro\/index.php?rest_route=%2Fwp%2Fv2%2Fcategories&post=51034"},{"taxonomy":"post_tag","embeddable":true,"href":"http:\/\/infois.ro\/index.php?rest_route=%2Fwp%2Fv2%2Ftags&post=51034"}],"curies":[{"name":"wp","href":"https:\/\/api.w.org\/{rel}","templated":true}]}}