{"id":52892,"date":"2021-02-19T17:46:25","date_gmt":"2021-02-19T15:46:25","guid":{"rendered":"http:\/\/infois.ro\/?p=52892"},"modified":"2021-02-19T17:46:25","modified_gmt":"2021-02-19T15:46:25","slug":"22-de-elevi-si-12-cadre-didactice-depistati-pozitiv-cu-sars-cov-2-de-la-reluarea-cursurilor-in-judetul-iasi","status":"publish","type":"post","link":"http:\/\/infois.ro\/?p=52892","title":{"rendered":"22 de elevi \u015fi 12 cadre didactice, depista\u0163i pozitiv cu SARS-CoV-2 de la reluarea cursurilor \u00een jude\u0163ul Ia\u015fi"},"content":{"rendered":"<p><a href=\"http:\/\/infois.ro\/wp-content\/uploads\/2020\/02\/elevi-gripa.jpg\"><img loading=\"lazy\" decoding=\"async\" class=\"alignleft  wp-image-45623\" src=\"http:\/\/infois.ro\/wp-content\/uploads\/2020\/02\/elevi-gripa.jpg\" alt=\"\" width=\"357\" height=\"223\" srcset=\"http:\/\/infois.ro\/wp-content\/uploads\/2020\/02\/elevi-gripa.jpg 640w, http:\/\/infois.ro\/wp-content\/uploads\/2020\/02\/elevi-gripa-300x188.jpg 300w\" sizes=\"(max-width: 357px) 100vw, 357px\" \/><\/a><\/p>\n<p style=\"text-align: justify;\">Direc\u0163ia de S\u0103n\u0103tate Public\u0103 (DSP) Ia\u015fi a dat publicit\u0103\u0163ii vineri, 19 februarie, situa\u0163ia cazurilor de COVID-19 \u00eenregistrate \u00een cadrul unit\u0103\u0163ilor de \u00eenv\u0103\u0163\u0103m\u00e2nt din jude\u0163 de la reluarea cursurilor din semetrul al doilea, \u00een conformitate cu prevederile Ordinului nr. 3235 din 4 februarie 2021 pentru aprobarea m\u0103surilor de organizare a activit\u0103\u021bii \u00een cadrul unit\u0103\u021bilor\/institu\u021biilor de \u00eenv\u0103\u021b\u0103m\u00e2nt \u00een condi\u021bii de siguran\u021b\u0103 epidemiologic\u0103 pentru prevenirea \u00eemboln\u0103virilor cu virusul SARS-CoV-2.<\/p>\n<p style=\"text-align: justify;\">\n<ul style=\"text-align: justify;\">\n<li>Num\u0103r pre\u0219colari\/ elevi confirma\u021bi COVID &#8211; 19 \u00eencep\u00e2nd cu data de 08.02.2021 prezen\u021bi fizic la \u0219coal\u0103 &#8211; 22 (2 elevi confirma\u021bi cu noul coronavirus \u00een ultimele 24 de ore).<\/li>\n<li>Num\u0103r cadre didactice confirmate COVID &#8211; 19 \u00eencep\u00e2nd cu data de 08.02.2021 prezen\u021bi fizic la \u0219coal\u0103 &#8211; 12 (1 cadru didactic confirmat cu noul coronavirus \u00een ultimele 24 de ore).<\/li>\n<li>Num\u0103r personal didactic auxiliar confirmat COVID &#8211; 19 \u00eencep\u00e2nd cu data de 08.02.2021 prezen\u021bi fizic la \u0219coal\u0103 &#8211; 4<\/li>\n<li>Num\u0103r personal nedidactic confirmat COVID &#8211; 19 \u00eencep\u00e2nd cu data de 08.02.2021 prezen\u021bi fizic la \u0219coal\u0103 \u2013 1<\/li>\n<li>Num\u0103r clase de \u00eenv\u0103\u021b\u0103m\u00e2nt gimnazial, liceal, profesional sau postliceal cu cursuri suspendate din cauza confirm\u0103rii unor cazuri de infectare cu noul coronavirus &#8211; 0<\/li>\n<li>Num\u0103r grupe de \u00eenv\u0103\u021b\u0103m\u00e2nt pre\u0219colar \/ clase de \u00eenv\u0103\u021b\u0103m\u00e2nt primar care au cursuri suspendate din cauza confirm\u0103rii unor cazuri de infectare cu noul coronavirus \u2013 14<\/li>\n<\/ul>\n<p style=\"text-align: justify;\">(\u00eenc\u0103 3 clase la care s-a luat decizia suspend\u0103rii cursurilor \u00een ultimele 24 de ore)<\/p>\n<p style=\"text-align: justify;\">Unitati de invatamant cu grupe de \u00eenv\u0103\u021b\u0103m\u00e2nt pre\u0219colar \/ clase de \u00eenv\u0103\u021b\u0103m\u00e2nt primar suspendate din cauza confirmarii unor cazuri de infectare COVID-19:<\/p>\n<p style=\"text-align: justify;\">\u00a0\u00a0\u00a0\u00a0\u00a0\u00a0\u00a0\u00a0\u00a0 &#8211; \u0218coala Gimnazial\u0103 \u201eCarmen Sylva\u201d, Ia\u0219i- 1<\/p>\n<p style=\"text-align: justify;\">\u00a0\u00a0\u00a0\u00a0\u00a0\u00a0\u00a0\u00a0\u00a0 &#8211; \u0218coala Gimnazial\u0103 \u201eIon Ghica\u201d, Ia\u0219i- 2<\/p>\n<p style=\"text-align: justify;\">\u00a0\u00a0\u00a0\u00a0\u00a0\u00a0\u00a0\u00a0\u00a0 &#8211; \u0218coala Gimnazial\u0103 \u201eIonel Teodoreanu\u201d, Ia\u0219i- 2<\/p>\n<p style=\"text-align: justify;\">\u00a0\u00a0\u00a0\u00a0\u00a0\u00a0\u00a0\u00a0\u00a0 &#8211; Gr\u0103dini\u021ba \u201eMontessori School of Ia\u0219i\u201d, Ia\u0219i -1<\/p>\n<p style=\"text-align: justify;\">\u00a0\u00a0\u00a0\u00a0\u00a0\u00a0\u00a0\u00a0\u00a0 &#8211; \u0218coala Gimnazial\u0103 \u201cDimitrie Sturdza\u201d Ia\u0219i \u2013 1<\/p>\n<p style=\"text-align: justify;\">\u00a0\u00a0\u00a0\u00a0\u00a0\u00a0\u00a0\u00a0\u00a0 &#8211; \u0218coala Gimnazial\u0103 \u201cParadis\u201d Ia\u0219i \u2013 2<\/p>\n<p style=\"text-align: justify;\">\u00a0\u00a0\u00a0\u00a0\u00a0\u00a0\u00a0\u00a0\u00a0 &#8211; Gradini\u021ba cu Program Prelungit \u201cCuvioasa Parascheva\u201d Ia\u0219i<\/p>\n<p style=\"text-align: justify;\">\u00a0\u00a0\u00a0\u00a0\u00a0\u00a0\u00a0\u00a0\u00a0 &#8211; Gradini\u021ba Atelier Nr. 1 Ia\u0219i<\/p>\n<p style=\"text-align: justify;\">\u00a0\u00a0\u00a0\u00a0\u00a0\u00a0\u00a0\u00a0\u00a0 &#8211; \u0218coala Gimnazial\u0103 \u201cAlexandru Vlahu\u021b\u0103\u201d Ia\u0219i<\/p>\n<p style=\"text-align: justify;\">\u00a0\u00a0\u00a0\u00a0\u00a0\u00a0\u00a0\u00a0\u00a0 &#8211; \u0218coala Gimnazial\u0103 \u201cVeronica Micle\u201d Ia\u0219i<\/p>\n<p style=\"text-align: justify;\">\u00a0\u00a0\u00a0\u00a0\u00a0\u00a0\u00a0\u00a0\u00a0 &#8211; \u0218coala Gimnazial\u0103 \u201c\u0218tefan Cel Mare\u201d Dancu<\/p>\n<p style=\"text-align: justify;\">\u00cen unit\u0103\u0163ile \u015fcolare men\u0163ionate, s-au luat urm\u0103toarele m\u0103suri:<\/p>\n<ul style=\"text-align: justify;\">\n<li>izolarea cazurilor confirmate;<\/li>\n<li>igienizarea \u015fi dezinfec\u0163ia spa\u0163iilor unit\u0103\u0163ilor \u015fcolare (clase, holuri, toalete);<\/li>\n<li>reinstruirea personalului privind regulile de igien\u0103 personal\u0103 \u015fi portul m\u0103\u015ftii de protec\u0163ie.<\/li>\n<\/ul>\n<p style=\"text-align: justify;\">\n<p style=\"text-align: justify;\">\n<p style=\"text-align: justify;\">\n","protected":false},"excerpt":{"rendered":"<p>Direc\u0163ia de S\u0103n\u0103tate Public\u0103 (DSP) Ia\u015fi a dat publicit\u0103\u0163ii vineri, 19 februarie, situa\u0163ia cazurilor de&#8230; <a class=\"meta-more\" href=\"http:\/\/infois.ro\/?p=52892\">more <span class=\"meta-nav\">&raquo;<\/span><\/a><\/p>\n","protected":false},"author":2,"featured_media":45623,"comment_status":"closed","ping_status":"closed","sticky":false,"template":"","format":"standard","meta":{"footnotes":""},"categories":[12,41],"tags":[74,13025,89,40,11742,13265],"aioseo_notices":[],"_links":{"self":[{"href":"http:\/\/infois.ro\/index.php?rest_route=\/wp\/v2\/posts\/52892"}],"collection":[{"href":"http:\/\/infois.ro\/index.php?rest_route=\/wp\/v2\/posts"}],"about":[{"href":"http:\/\/infois.ro\/index.php?rest_route=\/wp\/v2\/types\/post"}],"author":[{"embeddable":true,"href":"http:\/\/infois.ro\/index.php?rest_route=\/wp\/v2\/users\/2"}],"replies":[{"embeddable":true,"href":"http:\/\/infois.ro\/index.php?rest_route=%2Fwp%2Fv2%2Fcomments&post=52892"}],"version-history":[{"count":1,"href":"http:\/\/infois.ro\/index.php?rest_route=\/wp\/v2\/posts\/52892\/revisions"}],"predecessor-version":[{"id":52893,"href":"http:\/\/infois.ro\/index.php?rest_route=\/wp\/v2\/posts\/52892\/revisions\/52893"}],"wp:featuredmedia":[{"embeddable":true,"href":"http:\/\/infois.ro\/index.php?rest_route=\/wp\/v2\/media\/45623"}],"wp:attachment":[{"href":"http:\/\/infois.ro\/index.php?rest_route=%2Fwp%2Fv2%2Fmedia&parent=52892"}],"wp:term":[{"taxonomy":"category","embeddable":true,"href":"http:\/\/infois.ro\/index.php?rest_route=%2Fwp%2Fv2%2Fcategories&post=52892"},{"taxonomy":"post_tag","embeddable":true,"href":"http:\/\/infois.ro\/index.php?rest_route=%2Fwp%2Fv2%2Ftags&post=52892"}],"curies":[{"name":"wp","href":"https:\/\/api.w.org\/{rel}","templated":true}]}}