{"id":53166,"date":"2021-03-02T15:52:16","date_gmt":"2021-03-02T13:52:16","guid":{"rendered":"http:\/\/infois.ro\/?p=53166"},"modified":"2021-03-03T08:55:37","modified_gmt":"2021-03-03T06:55:37","slug":"sapte-elevi-ieseni-depistati-pozitiv-cu-virusul-sars-cov-2-de-ieri-si-pana-azi","status":"publish","type":"post","link":"http:\/\/infois.ro\/?p=53166","title":{"rendered":"\u015eapte elevi ie\u015feni, depista\u0163i pozitiv cu virusul SARS-CoV-2 de ieri \u015fi p\u00e2n\u0103 azi"},"content":{"rendered":"<p style=\"text-align: justify;\"><a href=\"http:\/\/infois.ro\/wp-content\/uploads\/2020\/01\/masti-pentru-elevi.jpg\"><img loading=\"lazy\" decoding=\"async\" class=\"alignleft  wp-image-45464\" src=\"http:\/\/infois.ro\/wp-content\/uploads\/2020\/01\/masti-pentru-elevi.jpg\" alt=\"\" width=\"327\" height=\"217\" srcset=\"http:\/\/infois.ro\/wp-content\/uploads\/2020\/01\/masti-pentru-elevi.jpg 640w, http:\/\/infois.ro\/wp-content\/uploads\/2020\/01\/masti-pentru-elevi-300x200.jpg 300w\" sizes=\"(max-width: 327px) 100vw, 327px\" \/><\/a><\/p>\n<p style=\"text-align: justify;\">Direc\u0163ia de S\u0103n\u0103tate Public\u0103 (DSP) Ia\u015fi a dat publicit\u0103\u0163ii luni, 1 martie, situa\u0163ia cazurilor de COVID-19 \u00eenregistrate \u00een cadrul unit\u0103\u0163ilor de \u00eenv\u0103\u0163\u0103m\u00e2nt din jude\u0163 de la reluarea cursurilor din semestrul al doilea, \u00een conformitate cu prevederile Ordinului nr. 3235 din 4 februarie 2021 pentru aprobarea m\u0103surilor de organizare a activit\u0103\u021bii \u00een cadrul unit\u0103\u021bilor\/institu\u021biilor de \u00eenv\u0103\u021b\u0103m\u00e2nt \u00een condi\u021bii de siguran\u021b\u0103 epidemiologic\u0103 pentru prevenirea \u00eemboln\u0103virilor cu virusul SARS-CoV-2.<\/p>\n<ul style=\"text-align: justify;\">\n<li>Num\u0103r pre\u0219colari\/ elevi confirma\u021bi COVID &#8211; 19 \u00eencep\u00e2nd cu data de 08.02.2021 prezen\u021bi fizic la \u0219coal\u0103 &#8211; 61 (7 elevi confirma\u021bi cu noul coronavirus \u00een ultimele 24 de ore).<\/li>\n<\/ul>\n<p style=\"text-align: justify;\">\n<ul style=\"text-align: justify;\">\n<li>Num\u0103r cadre didactice confirmate COVID &#8211; 19 \u00eencep\u00e2nd cu data de 08.02.2021 prezen\u021bi fizic la \u0219coal\u0103 &#8211; 27<\/li>\n<\/ul>\n<p style=\"text-align: justify;\">\n<ul style=\"text-align: justify;\">\n<li>Num\u0103r personal didactic auxiliar confirmat COVID &#8211; 19 \u00eencep\u00e2nd cu data de 08.02.2021 prezen\u021bi fizic la \u0219coal\u0103 &#8211; 5<\/li>\n<\/ul>\n<p style=\"text-align: justify;\">\n<ul style=\"text-align: justify;\">\n<li>Num\u0103r personal nedidactic confirmat COVID &#8211; 19 \u00eencep\u00e2nd cu data de 08.02.2021 prezen\u021bi fizic la \u0219coal\u0103 \u2013 6<\/li>\n<\/ul>\n<p style=\"text-align: justify;\">\n<ul style=\"text-align: justify;\">\n<li>Num\u0103r clase de \u00eenv\u0103\u021b\u0103m\u00e2nt gimnazial, liceal, profesional sau postliceal cu cursuri suspendate din cauza confirm\u0103rii unor cazuri de infectare cu noul coronavirus \u2013 5<\/li>\n<\/ul>\n<p style=\"text-align: justify;\">(\u00eenc\u0103 o clasa la care s-a luat decizia suspend\u0103rii cursurilor \u00een ultimele 24 de ore)<\/p>\n<p style=\"text-align: justify;\">Unitati de invatamant cu clase de \u00eenv\u0103\u021b\u0103m\u00e2nt gimnazial, liceal, profesional sau postliceal\u00a0suspendate din cauza confirmarii unor cazuri de infectare COVID-19:<\/p>\n<p style=\"text-align: justify;\">&#8211; Colegiul Na\u021bional \u201eEmil Racovi\u021b\u0103\u201d, Ia\u0219i \u2013 1<\/p>\n<p style=\"text-align: justify;\">&#8211; \u0218coala Gimnazial\u0103 \u201cIon Creang\u0103\u201d Ia\u0219i \u2013 1<\/p>\n<p style=\"text-align: justify;\">&#8211; \u0218coala Gimnazial\u0103 \u201cTitu Maiorescu\u201d Ia\u0219i \u2013 1<\/p>\n<p style=\"text-align: justify;\">&#8211; \u0218coala Gimnazial\u0103 Deleni Ia\u0219i \u2013 1<\/p>\n<p style=\"text-align: justify;\">&#8211; Liceul Teoretic \u201c\u201dAlexandru I. Cuza\u201d Ia\u0219i \u2013 1<\/p>\n<p style=\"text-align: justify;\">\n<ul style=\"text-align: justify;\">\n<li>Num\u0103r grupe de \u00eenv\u0103\u021b\u0103m\u00e2nt pre\u0219colar \/ clase de \u00eenv\u0103\u021b\u0103m\u00e2nt primar care au cursuri suspendate din cauza confirm\u0103rii unor cazuri de infectare cu noul coronavirus \u2013 29 (\u00eenc\u0103 o clasa la care s-a luat decizia suspend\u0103rii cursurilor \u00een ultimele 24 de ore)<\/li>\n<\/ul>\n<p style=\"text-align: justify;\">Unitati de invatamant cu grupe de \u00eenv\u0103\u021b\u0103m\u00e2nt pre\u0219colar \/ clase de \u00eenv\u0103\u021b\u0103m\u00e2nt primar suspendate din cauza confirmarii unor cazuri de infectare COVID-19:<\/p>\n<p style=\"text-align: justify;\">\u00a0\u00a0\u00a0\u00a0\u00a0\u00a0\u00a0\u00a0\u00a0 &#8211; \u0218coala Gimnazial\u0103 \u201eCarmen Sylva\u201d, Ia\u0219i &#8211; 1<\/p>\n<p style=\"text-align: justify;\">\u00a0\u00a0\u00a0\u00a0\u00a0\u00a0\u00a0\u00a0\u00a0 &#8211; Gr\u0103dini\u021ba \u201eMontessori School of Ia\u0219i\u201d, Ia\u0219i -1<\/p>\n<p style=\"text-align: justify;\">\u00a0\u00a0\u00a0\u00a0\u00a0\u00a0\u00a0\u00a0\u00a0 &#8211; \u0218coala Gimnazial\u0103 \u201cDimitrie Sturdza\u201d Ia\u0219i \u2013 1<\/p>\n<p style=\"text-align: justify;\">\u00a0\u00a0\u00a0\u00a0\u00a0\u00a0\u00a0\u00a0\u00a0 &#8211; \u0218coala Gimnazial\u0103 \u201cParadis\u201d Ia\u0219i \u2013 2<\/p>\n<p style=\"text-align: justify;\">\u00a0\u00a0\u00a0\u00a0\u00a0\u00a0\u00a0\u00a0\u00a0 &#8211; Gradini\u021ba Atelier Nr. 1 Ia\u0219i<\/p>\n<p style=\"text-align: justify;\">\u00a0\u00a0\u00a0\u00a0\u00a0\u00a0\u00a0\u00a0\u00a0 &#8211; \u0218coala Gimnazial\u0103 \u201cAlexandru Vlahu\u021b\u0103\u201d Ia\u0219i &#8211; 1<\/p>\n<p style=\"text-align: justify;\">\u00a0\u00a0\u00a0\u00a0\u00a0\u00a0\u00a0\u00a0\u00a0 &#8211; \u0218coala Gimnazial\u0103 \u201cVeronica Micle\u201d Ia\u0219i<\/p>\n<p style=\"text-align: justify;\">\u00a0\u00a0\u00a0\u00a0\u00a0\u00a0\u00a0\u00a0\u00a0 &#8211; \u0218coala Gimnazial\u0103 \u201c\u0218tefan Cel Mare\u201d Dancu<\/p>\n<p style=\"text-align: justify;\">\u00a0 \u00a0\u00a0\u00a0\u00a0\u00a0\u00a0\u00a0\u00a0&#8211; \u0218coala Gimnazial\u0103 \u021au\u021bora \u2013 2<\/p>\n<p style=\"text-align: justify;\">\u00a0\u00a0\u00a0\u00a0\u00a0\u00a0\u00a0\u00a0\u00a0 &#8211; \u0218coala Interna\u021bional\u0103 \u201cSpectrum\u201d Ia\u0219i \u2013 1<\/p>\n<p style=\"text-align: justify;\">\u00a0\u00a0\u00a0\u00a0\u00a0\u00a0\u00a0\u00a0\u00a0 &#8211; Liceul Teoretic \u201dAlexandru I. Cuza\u201d Ia\u0219i \u2013 1<\/p>\n<p style=\"text-align: justify;\">\u00a0\u00a0\u00a0\u00a0\u00a0\u00a0\u00a0\u00a0\u00a0 &#8211; \u0218coala Gimnazial\u0103 \u201cElena Cuza\u201d \u2013 1<\/p>\n<p style=\"text-align: justify;\">\u00a0\u00a0\u00a0\u00a0\u00a0\u00a0\u00a0\u00a0\u00a0 &#8211; \u0218coala Gimnaziala \u201cIon Simionescu\u201d Ia\u0219i \u2013 1<\/p>\n<p style=\"text-align: justify;\">\u00a0\u00a0\u00a0\u00a0\u00a0\u00a0\u00a0\u00a0\u00a0 &#8211; \u0218coala Gimnaziala \u201cGh. I Br\u0103tianu\u201d Ia\u0219i \u2013 1<\/p>\n<p style=\"text-align: justify;\">\u00a0\u00a0\u00a0\u00a0\u00a0\u00a0\u00a0\u00a0\u00a0 &#8211; \u0218coala Gimnazial\u0103 \u201cAlexandru Vlahu\u021b\u0103\u201d Ia\u0219i \u2013 1<\/p>\n<p style=\"text-align: justify;\">\u00a0\u00a0\u00a0\u00a0\u00a0\u00a0\u00a0\u00a0\u00a0 &#8211; \u0218coala Gimnazial\u0103 \u201cDimitrie Sturdza\u201d Ia\u0219i \u2013 1<\/p>\n<p style=\"text-align: justify;\">\u00a0\u00a0\u00a0\u00a0\u00a0\u00a0\u00a0\u00a0\u00a0 &#8211; \u0218coala Gimnaziala \u201cIon Simionescu\u201d Ia\u0219i \u2013 1<\/p>\n<p style=\"text-align: justify;\">\u00a0\u00a0\u00a0\u00a0\u00a0\u00a0\u00a0\u00a0\u00a0 &#8211; \u0218coala Gimnaziala \u201cIonel Teodoreanu\u201d Ia\u0219i \u2013 1<\/p>\n<p style=\"text-align: justify;\">\u00a0\u00a0\u00a0\u00a0\u00a0\u00a0\u00a0\u00a0\u00a0 &#8211; \u0218coala Gimnaziala \u201cOtilia Cazimir\u201d Ia\u0219i \u2013 1<\/p>\n<p style=\"text-align: justify;\">\u00a0\u00a0\u00a0\u00a0\u00a0\u00a0\u00a0\u00a0\u00a0 &#8211; \u0218coala Gimnazial\u0103 \u201cPetru Poni\u201d Ia\u0219i \u2013 1<\/p>\n<p style=\"text-align: justify;\">\u00a0\u00a0\u00a0\u00a0\u00a0\u00a0\u00a0\u00a0\u00a0 &#8211; \u0218coala Gimnazial\u0103 \u201cIon Simionescu\u201d Ia\u0219i \u2013 3<\/p>\n<p style=\"text-align: justify;\">\u00a0\u00a0\u00a0\u00a0\u00a0\u00a0\u00a0\u00a0\u00a0 &#8211; \u0218coala Gimnazial\u0103 \u201cVasile Conta\u201d Ia\u0219i \u2013 1<\/p>\n<p style=\"text-align: justify;\">\u00a0\u00a0\u00a0\u00a0\u00a0\u00a0\u00a0\u00a0\u00a0 &#8211; \u0218coala Primar\u0103 \u201cVasile Conta\u201d Ia\u0219i \u2013 1<\/p>\n<p style=\"text-align: justify;\">\u00a0\u00a0\u00a0\u00a0\u00a0\u00a0\u00a0\u00a0\u00a0 &#8211; \u0218coala Primar\u0103 \u201cCarol I\u201d Ia\u0219i \u2013 1<\/p>\n<p style=\"text-align: justify;\">\u00a0\u00a0\u00a0\u00a0\u00a0\u00a0\u00a0 _________________________________________<\/p>\n<p style=\"text-align: justify;\">\u00a0\u00a0\u00a0\u00a0\u00a0\u00a0\u00a0 &#8211; \u0218coala Gimnazial\u0103 \u201cGheorghe I. Bratianu\u201d Ia\u0219i \u2013 1<\/p>\n<p style=\"text-align: justify;\">\n<p style=\"text-align: justify;\">\u00cen unit\u0103\u0163ile \u015fcolare men\u0163ionate, s-au luat urm\u0103toarele m\u0103suri:<\/p>\n<ul style=\"text-align: justify;\">\n<li>izolarea cazurilor confirmate;<\/li>\n<li>igienizarea \u015fi dezinfec\u0163ia spa\u0163iilor unit\u0103\u0163ilor \u015fcolare (clase, holuri, toalete);<\/li>\n<li>reinstruirea personalului privind regulile de igien\u0103 personal\u0103 \u015fi portul m\u0103\u015ftii de protec\u0163ie.<\/li>\n<\/ul>\n<p style=\"text-align: justify;\">\n<p style=\"text-align: justify;\">\n<p style=\"text-align: justify;\">\n","protected":false},"excerpt":{"rendered":"<p>Direc\u0163ia de S\u0103n\u0103tate Public\u0103 (DSP) Ia\u015fi a dat publicit\u0103\u0163ii luni, 1 martie, situa\u0163ia cazurilor de&#8230; <a class=\"meta-more\" href=\"http:\/\/infois.ro\/?p=53166\">more <span class=\"meta-nav\">&raquo;<\/span><\/a><\/p>\n","protected":false},"author":2,"featured_media":45464,"comment_status":"closed","ping_status":"closed","sticky":false,"template":"","format":"standard","meta":{"footnotes":""},"categories":[12,41],"tags":[74,13025,89,40,11742,14086],"aioseo_notices":[],"_links":{"self":[{"href":"http:\/\/infois.ro\/index.php?rest_route=\/wp\/v2\/posts\/53166"}],"collection":[{"href":"http:\/\/infois.ro\/index.php?rest_route=\/wp\/v2\/posts"}],"about":[{"href":"http:\/\/infois.ro\/index.php?rest_route=\/wp\/v2\/types\/post"}],"author":[{"embeddable":true,"href":"http:\/\/infois.ro\/index.php?rest_route=\/wp\/v2\/users\/2"}],"replies":[{"embeddable":true,"href":"http:\/\/infois.ro\/index.php?rest_route=%2Fwp%2Fv2%2Fcomments&post=53166"}],"version-history":[{"count":1,"href":"http:\/\/infois.ro\/index.php?rest_route=\/wp\/v2\/posts\/53166\/revisions"}],"predecessor-version":[{"id":53167,"href":"http:\/\/infois.ro\/index.php?rest_route=\/wp\/v2\/posts\/53166\/revisions\/53167"}],"wp:featuredmedia":[{"embeddable":true,"href":"http:\/\/infois.ro\/index.php?rest_route=\/wp\/v2\/media\/45464"}],"wp:attachment":[{"href":"http:\/\/infois.ro\/index.php?rest_route=%2Fwp%2Fv2%2Fmedia&parent=53166"}],"wp:term":[{"taxonomy":"category","embeddable":true,"href":"http:\/\/infois.ro\/index.php?rest_route=%2Fwp%2Fv2%2Fcategories&post=53166"},{"taxonomy":"post_tag","embeddable":true,"href":"http:\/\/infois.ro\/index.php?rest_route=%2Fwp%2Fv2%2Ftags&post=53166"}],"curies":[{"name":"wp","href":"https:\/\/api.w.org\/{rel}","templated":true}]}}