{"id":53261,"date":"2021-03-06T08:55:18","date_gmt":"2021-03-06T06:55:18","guid":{"rendered":"http:\/\/infois.ro\/?p=53261"},"modified":"2021-03-08T08:57:02","modified_gmt":"2021-03-08T06:57:02","slug":"peste-10-000-de-elevi-din-judetul-iasi-vor-participa-la-activitatile-din-cadrul-programului-scoala-dupa-scoala","status":"publish","type":"post","link":"http:\/\/infois.ro\/?p=53261","title":{"rendered":"Peste 10.000 de elevi din jude\u021bul Ia\u0219i vor participa la activit\u0103\u021bile din cadrul programului \u201e\u0218coala dup\u0103 \u0219coal\u0103\u201c"},"content":{"rendered":"<p><a href=\"http:\/\/infois.ro\/wp-content\/uploads\/2021\/03\/scoala-dupa-scoala-in-pandemie.jpg\"><img loading=\"lazy\" decoding=\"async\" class=\"alignleft  wp-image-53262\" src=\"http:\/\/infois.ro\/wp-content\/uploads\/2021\/03\/scoala-dupa-scoala-in-pandemie.jpg\" alt=\"\" width=\"346\" height=\"230\" srcset=\"http:\/\/infois.ro\/wp-content\/uploads\/2021\/03\/scoala-dupa-scoala-in-pandemie.jpg 640w, http:\/\/infois.ro\/wp-content\/uploads\/2021\/03\/scoala-dupa-scoala-in-pandemie-300x200.jpg 300w\" sizes=\"(max-width: 346px) 100vw, 346px\" \/><\/a><\/p>\n<p style=\"text-align: justify;\">Inspectoratul \u0218colar Jude\u021bean (I\u015eJ) Ia\u0219i a stabilit unit\u0103\u021bile de \u00eenv\u0103\u021b\u0103m\u00e2nt ie\u0219ene care vor organiza activit\u0103\u021bi remediale \u00een cadrul Programului na\u021bional pilot de tip \u201e\u0218coala dup\u0103 \u0219coal\u0103\u201c. Scopul principal al programului este de a acorda sprijin elevilor pentru a-\u0219i formarea competen\u021bele specifice \u0219i de a diminua riscul de p\u0103r\u0103sire timpurie a \u0219colii. Astfel, \u00een cadrul grupelor alc\u0103tuite \u00een cele 117 de unit\u0103\u021bi de \u00eenv\u0103\u021b\u0103m\u00e2nt din jude\u021bul Ia\u0219i (23 din mediul urban \u0219i 84 din mediul rural), la activit\u0103\u021bile remediale vor participa 6.188 de elevi din clasele primare \u0219i 4.439 de elevi din clasele gimnaziale. \u201e\u00cen acord cu datele din calendarul precizat \u00een Ordinul nr. 3.300 din 19 februarie 2021privind aprobarea\u00a0<a href=\"http:\/\/legislatie.just.ro\/Public\/DetaliiDocumentAfis\/238250\">Normelor metodologice<\/a>\u00a0de aplicare a Programului na\u021bional pilot de tip &#8220;\u0218coala dup\u0103 \u0219coal\u0103&#8221;, pentru elevii p\u00e2n\u0103 la clasa a VIII-a inclusiv, \u00een perioada 25 februarie-3 martie, \u0219colile au informat p\u0103rin\u021bii elevilor care constituiau poten\u021bialii beneficiari ai programului \u0219i au primit solicit\u0103rile\u00a0 de \u00eenscriere depuse de c\u0103tre p\u0103rin\u021bi. \u00a0Preciz\u0103m c\u0103 beneficiarii proiectului sunt elevii, din clasele primare \u0219i gimnaziale, care nu au avut acces sau au avut acces deficitar la activit\u0103\u021bile educa\u021bionale desf\u0103\u0219urate prin intermediul tehnologiei \u0219i al internetului, \u00eentruc\u00e2t nu a avut echipamente informatice sau nu au beneficiat de conexiune la internet, de cei care sunt \u00een\u00a0 situa\u021bie de corigen\u021b\u0103 la sf\u00e2r\u0219itul semestrului I al anului \u0219colar 2020-2021 sau care au situa\u021bia \u0219colar\u0103 ne\u00eencheiat\u0103 la cel pu\u021bin o disciplin\u0103 \u0219i de elevii care au rezultate \u0219colare sc\u0103zute\u201d, se precizeaz\u0103 \u00eentr-un comunicat al Inspectoratului \u015ecolar Jude\u0163ean. La finalul acestei etape, pe 4 martie, unit\u0103\u021bile de \u00eenv\u0103\u021b\u0103m\u00e2nt au transmis c\u0103tre Inspectoratul \u0218colar Jude\u021bean Ia\u0219i datele cu privire la num\u0103rul de elevi eligibili \u0219i a op\u021biunii cu referitoare la organizarea activit\u0103\u021bilor remediale la nivelul unit\u0103\u021bii de \u00eenv\u0103\u021b\u0103m\u00e2nt. \u00a0Num\u0103rul mare de elevi care au fost \u00eenscri\u0219i \u00een program, precum \u0219i num\u0103rul mare de \u0219coli care \u0219i-au au exprimat disponibilitatea de a organiza activit\u0103\u021bi remediale reflect\u0103 interesul crescut al \u00eentregului sistem de \u00eenv\u0103\u021b\u0103m\u00e2nt preuniversitar ie\u0219ean de a oferi elevilor vulnerabili posibilitatea de a recupera pierderile generate de perioada \u00eendelungat\u0103 \u00een care activit\u0103\u021bile didactice s-au desf\u0103\u0219urat predominant online. \u201e\u00cencep\u00e2nd cu data de 8 martie, \u00een \u0219colile participante la Programul na\u021bional pilot de tip \u201e\u0218coala dup\u0103 \u0219coal\u0103\u201c, grupele alc\u0103tuite din cel pu\u021bin 12 elevi vor participa la 20 de ore de activit\u0103\u021bi pe lun\u0103, proiectate \u0219i sus\u021binute de cadre didactice calificate provenind din \u0219coala care organizeaz\u0103 programul sau din alte unit\u0103\u021bi de \u00eenv\u0103\u021b\u0103m\u00e2nt\u201d, se mai arat\u0103 \u00een \u00eencheierea comunicatului I\u015eJ.<\/p>\n","protected":false},"excerpt":{"rendered":"<p>Inspectoratul \u0218colar Jude\u021bean (I\u015eJ) Ia\u0219i a stabilit unit\u0103\u021bile de \u00eenv\u0103\u021b\u0103m\u00e2nt ie\u0219ene care vor organiza activit\u0103\u021bi&#8230; <a class=\"meta-more\" href=\"http:\/\/infois.ro\/?p=53261\">more <span class=\"meta-nav\">&raquo;<\/span><\/a><\/p>\n","protected":false},"author":2,"featured_media":53262,"comment_status":"closed","ping_status":"closed","sticky":false,"template":"","format":"standard","meta":{"footnotes":""},"categories":[12,41],"tags":[14101,74,89,40,313,128],"aioseo_notices":[],"_links":{"self":[{"href":"http:\/\/infois.ro\/index.php?rest_route=\/wp\/v2\/posts\/53261"}],"collection":[{"href":"http:\/\/infois.ro\/index.php?rest_route=\/wp\/v2\/posts"}],"about":[{"href":"http:\/\/infois.ro\/index.php?rest_route=\/wp\/v2\/types\/post"}],"author":[{"embeddable":true,"href":"http:\/\/infois.ro\/index.php?rest_route=\/wp\/v2\/users\/2"}],"replies":[{"embeddable":true,"href":"http:\/\/infois.ro\/index.php?rest_route=%2Fwp%2Fv2%2Fcomments&post=53261"}],"version-history":[{"count":1,"href":"http:\/\/infois.ro\/index.php?rest_route=\/wp\/v2\/posts\/53261\/revisions"}],"predecessor-version":[{"id":53263,"href":"http:\/\/infois.ro\/index.php?rest_route=\/wp\/v2\/posts\/53261\/revisions\/53263"}],"wp:featuredmedia":[{"embeddable":true,"href":"http:\/\/infois.ro\/index.php?rest_route=\/wp\/v2\/media\/53262"}],"wp:attachment":[{"href":"http:\/\/infois.ro\/index.php?rest_route=%2Fwp%2Fv2%2Fmedia&parent=53261"}],"wp:term":[{"taxonomy":"category","embeddable":true,"href":"http:\/\/infois.ro\/index.php?rest_route=%2Fwp%2Fv2%2Fcategories&post=53261"},{"taxonomy":"post_tag","embeddable":true,"href":"http:\/\/infois.ro\/index.php?rest_route=%2Fwp%2Fv2%2Ftags&post=53261"}],"curies":[{"name":"wp","href":"https:\/\/api.w.org\/{rel}","templated":true}]}}