{"id":53299,"date":"2021-03-09T15:47:15","date_gmt":"2021-03-09T13:47:15","guid":{"rendered":"http:\/\/infois.ro\/?p=53299"},"modified":"2021-03-09T15:47:15","modified_gmt":"2021-03-09T13:47:15","slug":"alti-zece-elevi-depistati-pozitiv-cu-sars-cov-2-in-ultimele-24-de-ore-la-iasi","status":"publish","type":"post","link":"http:\/\/infois.ro\/?p=53299","title":{"rendered":"Al\u0163i zece elevi depista\u0163i pozitiv cu SARS-COV-2, \u00een ultimele 24 de ore, la Ia\u015fi"},"content":{"rendered":"<p><a href=\"http:\/\/infois.ro\/wp-content\/uploads\/2020\/02\/elevi-gripa.jpg\"><img loading=\"lazy\" decoding=\"async\" class=\"alignleft  wp-image-45623\" src=\"http:\/\/infois.ro\/wp-content\/uploads\/2020\/02\/elevi-gripa.jpg\" alt=\"\" width=\"376\" height=\"235\" srcset=\"http:\/\/infois.ro\/wp-content\/uploads\/2020\/02\/elevi-gripa.jpg 640w, http:\/\/infois.ro\/wp-content\/uploads\/2020\/02\/elevi-gripa-300x188.jpg 300w\" sizes=\"(max-width: 376px) 100vw, 376px\" \/><\/a><\/p>\n<p style=\"text-align: justify;\">Direc\u0163ia de S\u0103n\u0103tate Public\u0103 (DSP) Ia\u015fi a prezentat mar\u0163i, 9 martie, situa\u0163ia cazurilor de COVID-19 \u00eenregistrate \u00een cadrul unit\u0103\u0163ilor de \u00eenv\u0103\u0163\u0103m\u00e2nt din jude\u0163 de la reluarea cursurilor din semestrul al doilea, \u00een conformitate cu prevederile Ordinului nr. 3235 din 4 februarie 2021 pentru aprobarea m\u0103surilor de organizare a activit\u0103\u021bii \u00een cadrul unit\u0103\u021bilor\/institu\u021biilor de \u00eenv\u0103\u021b\u0103m\u00e2nt \u00een condi\u021bii de siguran\u021b\u0103 epidemiologic\u0103 pentru prevenirea \u00eemboln\u0103virilor cu virusul SARS-CoV-2.<\/p>\n<ul style=\"text-align: justify;\">\n<li>Num\u0103r pre\u0219colari\/ elevi confirma\u021bi COVID-19 &#8211; 72<\/li>\n<li>10 elevi confirma\u021bi cu noul coronavirus \u00een ultimele 24 de ore<\/li>\n<li>7 elevi au ie\u0219it din perioada de carantin\u0103<\/li>\n<\/ul>\n<p style=\"text-align: justify;\">\n<ul style=\"text-align: justify;\">\n<li>Num\u0103r cadre didactice confirmate COVID-19 &#8211; 46<\/li>\n<li>9 cadre didactice confirmate cu noul coronavirus \u00een ultimele 24 de ore<\/li>\n<li>7 cadre didactice au ie\u0219it din perioada de carantin\u0103<\/li>\n<\/ul>\n<p style=\"text-align: justify;\">\n<ul style=\"text-align: justify;\">\n<li>Num\u0103r personal didactic auxiliar confirmat COVID &#8211; 19 &#8211; 4<\/li>\n<\/ul>\n<p style=\"text-align: justify;\">\u00a0\u00a0\u00a0\u00a0\u00a0\u00a0\u00a0\u00a0\u00a0\u00a0 &#8211;\u00a0\u00a0\u00a0 1 angajat a ie\u0219it din perioada de carantin\u0103<\/p>\n<p style=\"text-align: justify;\">\n<ul style=\"text-align: justify;\">\n<li>Num\u0103r personal nedidactic confirmat COVID &#8211; 19 \u2013 7<\/li>\n<\/ul>\n<p style=\"text-align: justify;\">&#8211;\u00a0\u00a0\u00a0 3 angajati au ie\u0219it din perioada de carantin\u0103<\/p>\n<p style=\"text-align: justify;\">\n<ul style=\"text-align: justify;\">\n<li>Num\u0103r clase de \u00eenv\u0103\u021b\u0103m\u00e2nt gimnazial, liceal, profesional sau postliceal care au cursuri suspendate din cauza confirm\u0103rii unor cazuri de infectare cu noul coronavirus \u2013 8 (\u00eenc\u0103 3 clase la care s-a luat decizia suspend\u0103rii cursurilor \u00een ultimele 24 de ore)<\/li>\n<\/ul>\n<p style=\"text-align: justify;\">Unitati scolare cu grupe de \u00eenv\u0103\u021b\u0103m\u00e2nt gimnazial, liceal, profesional sau postliceal suspendate din cauza confirm\u0103rii unor cazuri de infectare COVID-19 \u00een ultimele 24 de ore:<\/p>\n<ul style=\"text-align: justify;\">\n<li>Colegiul National \u201cMihai Eminescu\u201d Iasi \u2013 1<\/li>\n<li>Liceul cu Program Sportiv Iasi &#8211; 1<\/li>\n<li>Scoala Gimnaziala Internationala \u201cSpectrum\u201d \u2013 1<\/li>\n<\/ul>\n<p style=\"text-align: justify;\">\n<ul style=\"text-align: justify;\">\n<li>Num\u0103r grupe de \u00eenv\u0103\u021b\u0103m\u00e2nt pre\u0219colar \/ clase de \u00eenv\u0103\u021b\u0103m\u00e2nt primar care au cursuri suspendate din cauza confirm\u0103rii unor cazuri de infectare cu noul coronavirus \u2013 27 (\u00eenc\u0103 3 clase la care s-a luat decizia suspend\u0103rii cursurilor \u00een ultimele 24 de ore)<\/li>\n<\/ul>\n<p style=\"text-align: justify;\">Unitati de invatamant cu grupe de \u00eenv\u0103\u021b\u0103m\u00e2nt pre\u0219colar \/ clase de \u00eenv\u0103\u021b\u0103m\u00e2nt primar suspendate din cauza confirm\u0103rii unor cazuri de infectare COVID-19 \u00een ultimele 24 de ore:<\/p>\n<p style=\"text-align: justify;\">\u00a0\u00a0\u00a0\u00a0\u00a0\u00a0\u00a0\u00a0 &#8211; \u0218coala Primar\u0103 \u201cCarol I\u201d Ia\u0219i \u2013 1<\/p>\n<p style=\"text-align: justify;\">\u00a0\u00a0\u00a0\u00a0\u00a0\u00a0\u00a0\u00a0 &#8211; Scoala Profesionala Dumesti \u2013 1<\/p>\n<p style=\"text-align: justify;\">\u00a0\u00a0\u00a0\u00a0\u00a0\u00a0\u00a0\u00a0 &#8211; \u0218coala Primar\u0103 Nr. 1 Roscani \u2013 1<\/p>\n<p style=\"text-align: justify;\">\n<p style=\"text-align: justify;\">\u00a0\u00a0\u00a0\u00a0\u00a0 Au ie\u0219it din perioada de suspendare urm\u0103toarele clase:<\/p>\n<p style=\"text-align: justify;\">\u00a0\u00a0\u00a0\u00a0\u00a0\u00a0\u00a0 &#8211; Gradini\u021ba cu Program Prelungit nr. 26 Iasi\u2013 1<\/p>\n<p style=\"text-align: justify;\">\u00a0\u00a0\u00a0\u00a0\u00a0\u00a0\u00a0 &#8211; \u0218coala Gimnaziala \u201cAlexandru Vlahuta\u201d Ia\u0219i \u2013 1<\/p>\n<p style=\"text-align: justify;\">\u00a0\u00a0\u00a0\u00a0\u00a0\u00a0\u00a0 &#8211; Scoala Gimnaziala Deleni \u2013 1<\/p>\n<p style=\"text-align: justify;\">\n<p style=\"text-align: justify;\">\u00cen unit\u0103\u0163ile \u015fcolare men\u0163ionate, s-au luat urm\u0103toarele m\u0103suri:<\/p>\n<ul style=\"text-align: justify;\">\n<li>izolarea cazurilor confirmate;<\/li>\n<li>igienizarea \u015fi dezinfec\u0163ia spa\u0163iilor unit\u0103\u0163ilor \u015fcolare (clase, holuri, toalete);<\/li>\n<li>reinstruirea personalului privind regulile de igien\u0103 personal\u0103 \u015fi portul m\u0103\u015ftii de protec\u0163ie.<\/li>\n<\/ul>\n<p style=\"text-align: justify;\">\n","protected":false},"excerpt":{"rendered":"<p>Direc\u0163ia de S\u0103n\u0103tate Public\u0103 (DSP) Ia\u015fi a prezentat mar\u0163i, 9 martie, situa\u0163ia cazurilor de COVID-19&#8230; <a class=\"meta-more\" href=\"http:\/\/infois.ro\/?p=53299\">more <span class=\"meta-nav\">&raquo;<\/span><\/a><\/p>\n","protected":false},"author":2,"featured_media":45623,"comment_status":"closed","ping_status":"closed","sticky":false,"template":"","format":"standard","meta":{"footnotes":""},"categories":[12,41],"tags":[74,13025,5906,89,40,11742],"aioseo_notices":[],"_links":{"self":[{"href":"http:\/\/infois.ro\/index.php?rest_route=\/wp\/v2\/posts\/53299"}],"collection":[{"href":"http:\/\/infois.ro\/index.php?rest_route=\/wp\/v2\/posts"}],"about":[{"href":"http:\/\/infois.ro\/index.php?rest_route=\/wp\/v2\/types\/post"}],"author":[{"embeddable":true,"href":"http:\/\/infois.ro\/index.php?rest_route=\/wp\/v2\/users\/2"}],"replies":[{"embeddable":true,"href":"http:\/\/infois.ro\/index.php?rest_route=%2Fwp%2Fv2%2Fcomments&post=53299"}],"version-history":[{"count":1,"href":"http:\/\/infois.ro\/index.php?rest_route=\/wp\/v2\/posts\/53299\/revisions"}],"predecessor-version":[{"id":53300,"href":"http:\/\/infois.ro\/index.php?rest_route=\/wp\/v2\/posts\/53299\/revisions\/53300"}],"wp:featuredmedia":[{"embeddable":true,"href":"http:\/\/infois.ro\/index.php?rest_route=\/wp\/v2\/media\/45623"}],"wp:attachment":[{"href":"http:\/\/infois.ro\/index.php?rest_route=%2Fwp%2Fv2%2Fmedia&parent=53299"}],"wp:term":[{"taxonomy":"category","embeddable":true,"href":"http:\/\/infois.ro\/index.php?rest_route=%2Fwp%2Fv2%2Fcategories&post=53299"},{"taxonomy":"post_tag","embeddable":true,"href":"http:\/\/infois.ro\/index.php?rest_route=%2Fwp%2Fv2%2Ftags&post=53299"}],"curies":[{"name":"wp","href":"https:\/\/api.w.org\/{rel}","templated":true}]}}