{"id":53335,"date":"2021-03-11T15:30:35","date_gmt":"2021-03-11T13:30:35","guid":{"rendered":"http:\/\/infois.ro\/?p=53335"},"modified":"2021-03-11T15:30:46","modified_gmt":"2021-03-11T13:30:46","slug":"inca-cinci-elevi-si-opt-profesori-ieseni-confirmati-pozitiv-cu-sars-cov-2-in-ultimele-24-de-ore","status":"publish","type":"post","link":"http:\/\/infois.ro\/?p=53335","title":{"rendered":"\u00cenc\u0103 cinci elevi \u015fi opt profesori ie\u015feni, confirma\u0163i pozitiv cu SARS-CoV-2 \u00een ultimele 24 de ore"},"content":{"rendered":"<p><a href=\"http:\/\/infois.ro\/wp-content\/uploads\/2020\/06\/coronavirus-5.jpg\"><img loading=\"lazy\" decoding=\"async\" class=\"alignleft wp-image-48134\" src=\"http:\/\/infois.ro\/wp-content\/uploads\/2020\/06\/coronavirus-5.jpg\" alt=\"\" width=\"382\" height=\"199\" srcset=\"http:\/\/infois.ro\/wp-content\/uploads\/2020\/06\/coronavirus-5.jpg 640w, http:\/\/infois.ro\/wp-content\/uploads\/2020\/06\/coronavirus-5-300x156.jpg 300w\" sizes=\"(max-width: 382px) 100vw, 382px\" \/><\/a><\/p>\n<p style=\"text-align: justify;\">Direc\u0163ia de S\u0103n\u0103tate Public\u0103 (DSP) Ia\u015fi a anun\u0163at joi, 11 martie, situa\u0163ia cazurilor de COVID-19 \u00eenregistrate \u00een cadrul unit\u0103\u0163ilor de \u00eenv\u0103\u0163\u0103m\u00e2nt din jude\u0163 de la reluarea cursurilor din semestrul al doilea, \u00een conformitate cu prevederile Ordinului nr. 3235 din 4 februarie 2021 pentru aprobarea m\u0103surilor de organizare a activit\u0103\u021bii \u00een cadrul unit\u0103\u021bilor\/institu\u021biilor de \u00eenv\u0103\u021b\u0103m\u00e2nt \u00een condi\u021bii de siguran\u021b\u0103 epidemiologic\u0103 pentru prevenirea \u00eemboln\u0103virilor cu virusul SARS-CoV-2.<\/p>\n<ul style=\"text-align: justify;\">\n<li>Num\u0103r pre\u0219colari\/ elevi confirma\u021bi COVID-19 &#8211; 81<\/li>\n<li>5 elevi confirma\u021bi cu noul coronavirus \u00een ultimele 24 de ore<\/li>\n<li>3 elevi au ie\u0219it din perioada de carantin\u0103<\/li>\n<\/ul>\n<ul style=\"text-align: justify;\">\n<li>Num\u0103r cadre didactice confirmate COVID-19 &#8211; 51<\/li>\n<li>8 cadre didactice confirmate cu noul coronavirus \u00een ultimele 24 de ore<\/li>\n<li>2 cadre didactice au ie\u0219it din perioada de carantin\u0103<\/li>\n<\/ul>\n<ul style=\"text-align: justify;\">\n<li>Num\u0103r personal didactic auxiliar confirmat COVID &#8211; 19 &#8211; 5<\/li>\n<\/ul>\n<p style=\"text-align: justify;\">&#8211;\u00a0\u00a0\u00a0 1 angajat confirmat cu noul coronavirus \u00een ultimele 24 de ore<\/p>\n<ul style=\"text-align: justify;\">\n<li>Num\u0103r personal nedidactic confirmat COVID &#8211; 19 \u2013 9<\/li>\n<\/ul>\n<p style=\"text-align: justify;\">&#8211;\u00a0\u00a0\u00a0 1 angajat confirmat cu noul coronavirus \u00een ultimele 24 de ore<\/p>\n<ul style=\"text-align: justify;\">\n<li>Num\u0103r clase de \u00eenv\u0103\u021b\u0103m\u00e2nt gimnazial, liceal, profesional sau postliceal care au cursuri suspendate din cauza confirm\u0103rii unor cazuri de infectare cu noul coronavirus \u2013 8<\/li>\n<\/ul>\n<p style=\"text-align: justify;\">A ie\u0219it din perioada de suspendare:<\/p>\n<p style=\"text-align: justify;\">&#8211; \u0218coala Gimnazial\u0103 Interna\u021bional\u0103 \u201cSpectrum\u201d Ia\u0219i \u2013 1<\/p>\n<ul style=\"text-align: justify;\">\n<li>Num\u0103r grupe de \u00eenv\u0103\u021b\u0103m\u00e2nt pre\u0219colar \/ clase de \u00eenv\u0103\u021b\u0103m\u00e2nt primar care au cursuri suspendate din cauza confirm\u0103rii unor cazuri de infectare cu noul coronavirus \u2013 26 (\u00eenc\u0103 4 clase la care s-a luat decizia suspend\u0103rii cursurilor \u00een ultimele 24 de ore)<\/li>\n<\/ul>\n<p style=\"text-align: justify;\">Unit\u0103\u021bi de \u00eenv\u0103\u021b\u0103m\u00e2nt cu grupe de \u00eenv\u0103\u021b\u0103m\u00e2nt pre\u0219colar \/ clase de \u00eenv\u0103\u021b\u0103m\u00e2nt primar suspendate din cauza confirm\u0103rii unor cazuri de infectare COVID-19 \u00een ultimele 24 de ore:<\/p>\n<p style=\"text-align: justify;\">&#8211; \u0218coala Gimnazial\u0103 \u201cBogdan Petriceicu Ha\u0219deu\u201d Ia\u0219i \u2013 1<\/p>\n<p style=\"text-align: justify;\">\u00a0\u00a0\u00a0\u00a0\u00a0\u00a0\u00a0\u00a0\u00a0\u00a0 &#8211; Gradini\u021ba cu Program Normal nr. 4 Ia\u0219i \u2013 1<\/p>\n<p style=\"text-align: justify;\">\u00a0\u00a0\u00a0\u00a0\u00a0\u00a0\u00a0\u00a0\u00a0\u00a0 &#8211; \u0218coala Gimnazial\u0103 \u201cOtilia Cazimir\u201d Ia\u0219i \u2013 1<\/p>\n<p style=\"text-align: justify;\">\u00a0\u00a0\u00a0\u00a0\u00a0\u00a0\u00a0\u00a0\u00a0\u00a0 &#8211; \u0218coala Gimnazial\u0103 \u201cD.D. P\u0103tr\u0103\u0219canu\u201d Tome\u0219ti \u2013 1<\/p>\n<p style=\"text-align: justify;\">\u00a0\u00a0\u00a0\u00a0\u00a0 Au ie\u0219it din perioada de suspendare urm\u0103toarele clase:<\/p>\n<p style=\"text-align: justify;\">\u00a0\u00a0\u00a0\u00a0\u00a0\u00a0\u00a0\u00a0\u00a0\u00a0 &#8211; \u0218coala Primar\u0103 \u201cCarol I\u201d Ia\u0219i \u2013 1<\/p>\n<p style=\"text-align: justify;\">\u00a0\u00a0\u00a0\u00a0\u00a0\u00a0 \u00cen unit\u0103\u0163ile \u015fcolare men\u0163ionate, s-au luat urm\u0103toarele m\u0103suri:<\/p>\n<ul style=\"text-align: justify;\">\n<li>izolarea cazurilor confirmate;<\/li>\n<li>igienizarea \u015fi dezinfec\u0163ia spa\u0163iilor unit\u0103\u0163ilor \u015fcolare (clase, holuri, toalete);<\/li>\n<li>reinstruirea personalului privind regulile de igien\u0103 personal\u0103 \u015fi portul m\u0103\u015ftii de protec\u0163ie.<\/li>\n<\/ul>\n<p style=\"text-align: justify;\">\n","protected":false},"excerpt":{"rendered":"<p>Direc\u0163ia de S\u0103n\u0103tate Public\u0103 (DSP) Ia\u015fi a anun\u0163at joi, 11 martie, situa\u0163ia cazurilor de COVID-19&#8230; <a class=\"meta-more\" href=\"http:\/\/infois.ro\/?p=53335\">more <span class=\"meta-nav\">&raquo;<\/span><\/a><\/p>\n","protected":false},"author":2,"featured_media":48134,"comment_status":"closed","ping_status":"closed","sticky":false,"template":"","format":"standard","meta":{"footnotes":""},"categories":[12,41],"tags":[74,5906,89,40,11742],"aioseo_notices":[],"_links":{"self":[{"href":"http:\/\/infois.ro\/index.php?rest_route=\/wp\/v2\/posts\/53335"}],"collection":[{"href":"http:\/\/infois.ro\/index.php?rest_route=\/wp\/v2\/posts"}],"about":[{"href":"http:\/\/infois.ro\/index.php?rest_route=\/wp\/v2\/types\/post"}],"author":[{"embeddable":true,"href":"http:\/\/infois.ro\/index.php?rest_route=\/wp\/v2\/users\/2"}],"replies":[{"embeddable":true,"href":"http:\/\/infois.ro\/index.php?rest_route=%2Fwp%2Fv2%2Fcomments&post=53335"}],"version-history":[{"count":2,"href":"http:\/\/infois.ro\/index.php?rest_route=\/wp\/v2\/posts\/53335\/revisions"}],"predecessor-version":[{"id":53337,"href":"http:\/\/infois.ro\/index.php?rest_route=\/wp\/v2\/posts\/53335\/revisions\/53337"}],"wp:featuredmedia":[{"embeddable":true,"href":"http:\/\/infois.ro\/index.php?rest_route=\/wp\/v2\/media\/48134"}],"wp:attachment":[{"href":"http:\/\/infois.ro\/index.php?rest_route=%2Fwp%2Fv2%2Fmedia&parent=53335"}],"wp:term":[{"taxonomy":"category","embeddable":true,"href":"http:\/\/infois.ro\/index.php?rest_route=%2Fwp%2Fv2%2Fcategories&post=53335"},{"taxonomy":"post_tag","embeddable":true,"href":"http:\/\/infois.ro\/index.php?rest_route=%2Fwp%2Fv2%2Ftags&post=53335"}],"curies":[{"name":"wp","href":"https:\/\/api.w.org\/{rel}","templated":true}]}}