{"id":53431,"date":"2021-03-15T15:40:00","date_gmt":"2021-03-15T13:40:00","guid":{"rendered":"http:\/\/infois.ro\/?p=53431"},"modified":"2021-03-15T15:40:00","modified_gmt":"2021-03-15T13:40:00","slug":"13-elevi-si-13-profesori-depistati-pozitiv-cu-sars-cov-2-in-ultimele-48-de-ore-la-iasi","status":"publish","type":"post","link":"http:\/\/infois.ro\/?p=53431","title":{"rendered":"13 elevi \u015fi 13 profesori, depista\u0163i pozitiv cu SARS-CoV-2 \u00een ultimele 48 de ore la Ia\u015fi"},"content":{"rendered":"<p><a href=\"http:\/\/infois.ro\/wp-content\/uploads\/2021\/02\/elevi-cu-masca.jpg\"><img loading=\"lazy\" decoding=\"async\" class=\"alignleft  wp-image-52866\" src=\"http:\/\/infois.ro\/wp-content\/uploads\/2021\/02\/elevi-cu-masca.jpg\" alt=\"\" width=\"380\" height=\"253\" srcset=\"http:\/\/infois.ro\/wp-content\/uploads\/2021\/02\/elevi-cu-masca.jpg 640w, http:\/\/infois.ro\/wp-content\/uploads\/2021\/02\/elevi-cu-masca-300x200.jpg 300w\" sizes=\"(max-width: 380px) 100vw, 380px\" \/><\/a><\/p>\n<p style=\"text-align: justify;\">Direc\u0163ia de S\u0103n\u0103tate Public\u0103 (DSP) Ia\u015fi a f\u0103cut public\u0103 luni, 15 martie, situa\u0163ia cazurilor de COVID-19 \u00eenregistrate \u00een cadrul unit\u0103\u0163ilor de \u00eenv\u0103\u0163\u0103m\u00e2nt din jude\u0163 de la reluarea cursurilor din semestrul al doilea, \u00een conformitate cu prevederile Ordinului nr. 3235 din 4 februarie 2021 pentru aprobarea m\u0103surilor de organizare a activit\u0103\u021bii \u00een cadrul unit\u0103\u021bilor\/institu\u021biilor de \u00eenv\u0103\u021b\u0103m\u00e2nt \u00een condi\u021bii de siguran\u021b\u0103 epidemiologic\u0103 pentru prevenirea \u00eemboln\u0103virilor cu virusul SARS-CoV-2.<\/p>\n<ul style=\"text-align: justify;\">\n<li>Num\u0103r pre\u0219colari\/ elevi confirma\u021bi COVID-19 &#8211; 81<\/li>\n<li>13 elevi confirma\u021bi cu noul coronavirus \u00een ultimele 48 de ore<\/li>\n<li>15 elevi au ie\u0219it din perioada de carantin\u0103<\/li>\n<\/ul>\n<p style=\"text-align: justify;\">\n<ul style=\"text-align: justify;\">\n<li>Num\u0103r cadre didactice confirmate COVID-19 &#8211; 53<\/li>\n<li>13 cadre didactice confirmate cu noul coronavirus \u00een ultimele 48 de ore<\/li>\n<li>12 cadre didactice au ie\u0219it din perioada de carantin\u0103<\/li>\n<\/ul>\n<p style=\"text-align: justify;\">\n<ul style=\"text-align: justify;\">\n<li>Num\u0103r personal didactic auxiliar confirmat COVID &#8211; 19 \u2013 7 (3 angaja\u021bi confirmat cu noul coronavirus \u00een ultimele 48 de ore)<\/li>\n<\/ul>\n<ul style=\"text-align: justify;\">\n<li>1 angajat a ie\u0219it din perioada de carantin\u0103<\/li>\n<\/ul>\n<p style=\"text-align: justify;\">\n<ul style=\"text-align: justify;\">\n<li>Num\u0103r personal nedidactic confirmat COVID &#8211; 19 \u2013 10 (2 angaja\u021bi confirmati cu noul coronavirus \u00een ultimele 48 de ore)<\/li>\n<\/ul>\n<ul style=\"text-align: justify;\">\n<li>2 angaja\u021bi au ie\u0219it din perioada de carantin\u0103<\/li>\n<\/ul>\n<p style=\"text-align: justify;\">\n<ul style=\"text-align: justify;\">\n<li>Num\u0103r clase de \u00eenv\u0103\u021b\u0103m\u00e2nt gimnazial, liceal, profesional sau postliceal care au cursuri suspendate din cauza confirm\u0103rii unor cazuri de infectare cu noul coronavirus \u2013 4<\/li>\n<\/ul>\n<p style=\"text-align: justify;\">Au ie\u0219it din perioada de suspendare:<\/p>\n<p style=\"text-align: justify;\">&#8211; Colegiul Na\u021bional \u201cCostache Negruzzi\u201d Ia\u0219i &#8211; 1<\/p>\n<p style=\"text-align: justify;\">&#8211; \u0218coala Gimnazial\u0103 \u201cIon Creang\u0103\u201d Ia\u0219i \u2013 1<\/p>\n<p style=\"text-align: justify;\">&#8211; Liceul Teoretic \u201cIon Neculce\u201d Tg. Frumos &#8211; 1<\/p>\n<p style=\"text-align: justify;\">\n<ul style=\"text-align: justify;\">\n<li>Num\u0103r grupe de \u00eenv\u0103\u021b\u0103m\u00e2nt pre\u0219colar \/ clase de \u00eenv\u0103\u021b\u0103m\u00e2nt primar care au cursuri suspendate din cauza confirm\u0103rii unor cazuri de infectare cu noul coronavirus \u2013 31 (\u00eenc\u0103 10 clase la care s-a luat decizia suspend\u0103rii cursurilor \u00een ultimele 48 de ore)<\/li>\n<\/ul>\n<p style=\"text-align: justify;\">Unit\u0103\u021bi de \u00eenv\u0103\u021b\u0103m\u00e2nt cu grupe de \u00eenv\u0103\u021b\u0103m\u00e2nt pre\u0219colar \/ clase de \u00eenv\u0103\u021b\u0103m\u00e2nt primar suspendate din cauza confirm\u0103rii unor cazuri de infectare COVID-19 \u00een ultimele 24 de ore:<\/p>\n<p style=\"text-align: justify;\">&#8211; Gradini\u021ba cu Program Prelungit \u201cSf. Sava\u201d Ia\u0219i \u2013 1<\/p>\n<p style=\"text-align: justify;\">&#8211; Gradini\u021ba cu Program Prelungit Nr.1 Ia\u0219i \u2013 1<\/p>\n<p style=\"text-align: justify;\">&#8211; Gradini\u021ba cu Program Prelungit Nr.22 Ia\u0219i \u2013 1<\/p>\n<p style=\"text-align: justify;\">\u00a0\u00a0\u00a0\u00a0\u00a0\u00a0\u00a0\u00a0\u00a0\u00a0 &#8211; \u0218coala Gimnazial\u0103 \u201cDimitrie A. Sturdza\u201d Ia\u0219i \u2013 1<\/p>\n<p style=\"text-align: justify;\">&#8211; Gradini\u021ba cu Program Prelungit Nr.2 Ia\u0219i \u2013 1<\/p>\n<p style=\"text-align: justify;\">&#8211; Gradini\u021ba cu Program Prelungit Nr.17 Ia\u0219i \u2013 1<\/p>\n<p style=\"text-align: justify;\">&#8211; \u0218coala Gimnazial\u0103 \u201cIon Creang\u0103\u201d Ia\u0219i \u2013 1<\/p>\n<p style=\"text-align: justify;\">&#8211; \u0218coala Gimnazial\u0103 \u201c\u0218tefan B\u00e2rs\u0103nescu\u201d Ia\u0219i \u2013 1<\/p>\n<p style=\"text-align: justify;\">&#8211; \u0218coala Gimnazial\u0103 Popricani \u2013 1<\/p>\n<p style=\"text-align: justify;\">&#8211; Gradini\u021ba cu Program Normal Nr.2 Ro\u0219cani Ia\u0219i \u2013 1<\/p>\n<p style=\"text-align: justify;\">\n<p style=\"text-align: justify;\">\u00a0\u00a0\u00a0\u00a0\u00a0 Au ie\u0219it din perioada de suspendare urm\u0103toarele clase:<\/p>\n<p style=\"text-align: justify;\">\u00a0\u00a0\u00a0\u00a0\u00a0\u00a0\u00a0\u00a0\u00a0\u00a0 &#8211; \u0218coala Gimnazial\u0103 \u201cIon Simionescu\u201d Ia\u0219i \u2013 1<\/p>\n<p style=\"text-align: justify;\">\u00a0\u00a0\u00a0\u00a0\u00a0\u00a0\u00a0\u00a0\u00a0\u00a0 &#8211; \u0218coala Primar\u0103 \u201cGheorghe Ghib\u0103nescu\u201d Ia\u0219i \u2013 1<\/p>\n<p style=\"text-align: justify;\">\u00a0\u00a0\u00a0\u00a0\u00a0\u00a0\u00a0\u00a0\u00a0\u00a0 &#8211; \u0218coala Gimnazial\u0103 \u201cVasile Conta\u201d Ia\u0219i \u2013 1<\/p>\n<p style=\"text-align: justify;\">\u00a0\u00a0\u00a0\u00a0\u00a0\u00a0\u00a0\u00a0\u00a0\u00a0 &#8211; \u0218coala Primar\u0103 Nr. 1 \u201cVasile Conta\u201d Ia\u0219i \u2013 1<\/p>\n<p style=\"text-align: justify;\">\n<p style=\"text-align: justify;\">\u00a0\u00a0\u00a0\u00a0\u00a0\u00a0 \u00cen unit\u0103\u0163ile \u015fcolare men\u0163ionate, s-au luat urm\u0103toarele m\u0103suri:<\/p>\n<ul style=\"text-align: justify;\">\n<li>izolarea cazurilor confirmate;<\/li>\n<li>igienizarea \u015fi dezinfec\u0163ia spa\u0163iilor unit\u0103\u0163ilor \u015fcolare (clase, holuri, toalete);<\/li>\n<li>reinstruirea personalului privind regulile de igien\u0103 personal\u0103 \u015fi portul m\u0103\u015ftii de protec\u0163ie.<\/li>\n<\/ul>\n<p style=\"text-align: justify;\">\n<p style=\"text-align: justify;\">\n<p style=\"text-align: justify;\">\n","protected":false},"excerpt":{"rendered":"<p>Direc\u0163ia de S\u0103n\u0103tate Public\u0103 (DSP) Ia\u015fi a f\u0103cut public\u0103 luni, 15 martie, situa\u0163ia cazurilor de&#8230; <a class=\"meta-more\" href=\"http:\/\/infois.ro\/?p=53431\">more <span class=\"meta-nav\">&raquo;<\/span><\/a><\/p>\n","protected":false},"author":2,"featured_media":52866,"comment_status":"closed","ping_status":"closed","sticky":false,"template":"","format":"standard","meta":{"footnotes":""},"categories":[12,41],"tags":[74,13025,5906,89,40,13153],"aioseo_notices":[],"_links":{"self":[{"href":"http:\/\/infois.ro\/index.php?rest_route=\/wp\/v2\/posts\/53431"}],"collection":[{"href":"http:\/\/infois.ro\/index.php?rest_route=\/wp\/v2\/posts"}],"about":[{"href":"http:\/\/infois.ro\/index.php?rest_route=\/wp\/v2\/types\/post"}],"author":[{"embeddable":true,"href":"http:\/\/infois.ro\/index.php?rest_route=\/wp\/v2\/users\/2"}],"replies":[{"embeddable":true,"href":"http:\/\/infois.ro\/index.php?rest_route=%2Fwp%2Fv2%2Fcomments&post=53431"}],"version-history":[{"count":1,"href":"http:\/\/infois.ro\/index.php?rest_route=\/wp\/v2\/posts\/53431\/revisions"}],"predecessor-version":[{"id":53432,"href":"http:\/\/infois.ro\/index.php?rest_route=\/wp\/v2\/posts\/53431\/revisions\/53432"}],"wp:featuredmedia":[{"embeddable":true,"href":"http:\/\/infois.ro\/index.php?rest_route=\/wp\/v2\/media\/52866"}],"wp:attachment":[{"href":"http:\/\/infois.ro\/index.php?rest_route=%2Fwp%2Fv2%2Fmedia&parent=53431"}],"wp:term":[{"taxonomy":"category","embeddable":true,"href":"http:\/\/infois.ro\/index.php?rest_route=%2Fwp%2Fv2%2Fcategories&post=53431"},{"taxonomy":"post_tag","embeddable":true,"href":"http:\/\/infois.ro\/index.php?rest_route=%2Fwp%2Fv2%2Ftags&post=53431"}],"curies":[{"name":"wp","href":"https:\/\/api.w.org\/{rel}","templated":true}]}}