{"id":53875,"date":"2021-04-01T15:02:38","date_gmt":"2021-04-01T12:02:38","guid":{"rendered":"http:\/\/infois.ro\/?p=53875"},"modified":"2021-04-01T18:04:25","modified_gmt":"2021-04-01T15:04:25","slug":"sapte-elevi-si-trei-profesori-depistati-pozitiv-cu-coronavirus-de-ieri-si-pana-azi","status":"publish","type":"post","link":"http:\/\/infois.ro\/?p=53875","title":{"rendered":"\u015eapte elevi \u015fi trei profesori, depista\u0163i pozitiv cu coronavirus de ieri \u015fi p\u00e2n\u0103 azi"},"content":{"rendered":"<p><a href=\"http:\/\/infois.ro\/wp-content\/uploads\/2021\/02\/elevi-cu-masca.jpg\"><img loading=\"lazy\" decoding=\"async\" class=\"alignleft  wp-image-52866\" src=\"http:\/\/infois.ro\/wp-content\/uploads\/2021\/02\/elevi-cu-masca.jpg\" alt=\"\" width=\"322\" height=\"214\" srcset=\"http:\/\/infois.ro\/wp-content\/uploads\/2021\/02\/elevi-cu-masca.jpg 640w, http:\/\/infois.ro\/wp-content\/uploads\/2021\/02\/elevi-cu-masca-300x200.jpg 300w\" sizes=\"(max-width: 322px) 100vw, 322px\" \/><\/a><\/p>\n<p style=\"text-align: justify;\">Direc\u0163ia de S\u0103n\u0103tate Public\u0103 (DSP) Ia\u015fi a prezentat joi, 1 aprilie, situa\u0163ia cazurilor de COVID-19 \u00eenregistrate \u00een cadrul unit\u0103\u0163ilor de \u00eenv\u0103\u0163\u0103m\u00e2nt din jude\u0163, de la reluarea cursurilor din semestrul al doilea, \u00een conformitate cu prevederile Ordinului nr. 3235 din 4 februarie 2021 pentru aprobarea m\u0103surilor de organizare a activit\u0103\u021bii \u00een cadrul unit\u0103\u021bilor\/institu\u021biilor de \u00eenv\u0103\u021b\u0103m\u00e2nt \u00een condi\u021bii de siguran\u021b\u0103 epidemiologic\u0103 pentru prevenirea \u00eemboln\u0103virilor cu virusul SARS-CoV-2.<\/p>\n<ul style=\"text-align: justify;\">\n<li>Num\u0103r pre\u0219colari\/ elevi confirma\u021bi COVID-19 &#8211; 83<\/li>\n<li>7 elevi confirma\u021bi cu noul coronavirus \u00een ultimele 24 de ore<\/li>\n<li>5 elevi au ie\u0219it din perioada de carantin\u0103<\/li>\n<\/ul>\n<p style=\"text-align: justify;\">\n<ul style=\"text-align: justify;\">\n<li>Num\u0103r cadre didactice confirmate COVID-19 &#8211; 57<\/li>\n<li>3 cadre didactice confirmate cu noul coronavirus \u00een ultimele 24 de ore<\/li>\n<li>7 cadre didactice au ie\u0219it din perioada de carantin\u0103<\/li>\n<\/ul>\n<p style=\"text-align: justify;\">\n<ul style=\"text-align: justify;\">\n<li>Num\u0103r personal didactic auxiliar confirmat COVID &#8211; 19 \u2013 7<\/li>\n<\/ul>\n<p style=\"text-align: justify;\">\u00a0\u00a0\u00a0\u00a0 &#8211;\u00a0\u00a0\u00a0 1 angajat confirmat cu noul coronavirus \u00een ultimele 24 de ore<\/p>\n<p style=\"text-align: justify;\">\n<ul style=\"text-align: justify;\">\n<li>Num\u0103r personal nedidactic confirmat COVID &#8211; 19 \u2013 17<\/li>\n<\/ul>\n<p style=\"text-align: justify;\">&#8211;\u00a0\u00a0\u00a0 2 angajati confirmati cu noul coronavirus \u00een ultimele 24 de ore<\/p>\n<p style=\"text-align: justify;\">\n<ul style=\"text-align: justify;\">\n<li>Num\u0103r clase de \u00eenv\u0103\u021b\u0103m\u00e2nt gimnazial, liceal, profesional sau postliceal care au cursuri suspendate din cauza confirm\u0103rii unor cazuri de infectare cu noul coronavirus \u2013 0<\/li>\n<\/ul>\n<p style=\"text-align: justify;\">\n<ul style=\"text-align: justify;\">\n<li>Num\u0103r grupe de \u00eenv\u0103\u021b\u0103m\u00e2nt pre\u0219colar \/ clase de \u00eenv\u0103\u021b\u0103m\u00e2nt primar care au cursuri suspendate din cauza confirm\u0103rii unor cazuri de infectare cu noul coronavirus \u2013 27 (\u00eenc\u0103 5 clase la care s-a luat decizia suspend\u0103rii cursurilor \u00een ultimele 24 de ore)<\/li>\n<\/ul>\n<p style=\"text-align: justify;\">Unit\u0103\u021bi de \u00eenv\u0103\u021b\u0103m\u00e2nt cu grupe de \u00eenv\u0103\u021b\u0103m\u00e2nt pre\u0219colar \/ clase de \u00eenv\u0103\u021b\u0103m\u00e2nt primar suspendate din cauza confirm\u0103rii unor cazuri de infectare COVID-19 \u00een ultimele 24 de ore:<\/p>\n<p style=\"text-align: justify;\">&#8211; Gr\u0103dini\u021ba cu Program Prelungit \u201cSf. Sava\u201d Ia\u0219i \u2013 1<\/p>\n<p style=\"text-align: justify;\">&#8211; Gr\u0103dini\u021ba cu Program Prelungit Nr. 1 Ia\u0219i \u2013 1<\/p>\n<p style=\"text-align: justify;\">&#8211; Gr\u0103dini\u021ba cu Program Prelungit Nr. 4 Ia\u0219i \u2013 1<\/p>\n<p style=\"text-align: justify;\">&#8211; Gr\u0103dini\u021ba cu Program Prelungit Nr. 4 Pa\u0219cani \u2013 2<\/p>\n<p style=\"text-align: justify;\">\n<p style=\"text-align: justify;\">\u00a0Confirm\u0103ri COVID-19 \u00een perioada 08 februarie \u2013 01 aprilie 2021:<\/p>\n<ul style=\"text-align: justify;\">\n<li>Elevi &#8211; 256<\/li>\n<li>Cadre didactice \u2013 187<\/li>\n<li>Personal didactic auxiliar \u2013 23<\/li>\n<li>Personal nedidactic &#8211; 38<\/li>\n<\/ul>\n<p style=\"text-align: justify;\">\n<p style=\"text-align: justify;\">\u00a0\u00cen unit\u0103\u0163ile \u015fcolare men\u0163ionate, s-au luat urm\u0103toarele m\u0103suri:<\/p>\n<ul style=\"text-align: justify;\">\n<li>izolarea cazurilor confirmate;<\/li>\n<li>igienizarea \u015fi dezinfec\u0163ia spa\u0163iilor unit\u0103\u0163ilor \u015fcolare (clase, holuri, toalete);<\/li>\n<li>reinstruirea personalului privind regulile de igien\u0103 personal\u0103 \u015fi portul m\u0103\u015ftii de protec\u0163ie.<\/li>\n<\/ul>\n<p style=\"text-align: justify;\">\n","protected":false},"excerpt":{"rendered":"<p>Direc\u0163ia de S\u0103n\u0103tate Public\u0103 (DSP) Ia\u015fi a prezentat joi, 1 aprilie, situa\u0163ia cazurilor de COVID-19&#8230; <a class=\"meta-more\" href=\"http:\/\/infois.ro\/?p=53875\">more <span class=\"meta-nav\">&raquo;<\/span><\/a><\/p>\n","protected":false},"author":2,"featured_media":52866,"comment_status":"closed","ping_status":"closed","sticky":false,"template":"","format":"standard","meta":{"footnotes":""},"categories":[12,41],"tags":[74,13025,5906,89,40,4622],"aioseo_notices":[],"_links":{"self":[{"href":"http:\/\/infois.ro\/index.php?rest_route=\/wp\/v2\/posts\/53875"}],"collection":[{"href":"http:\/\/infois.ro\/index.php?rest_route=\/wp\/v2\/posts"}],"about":[{"href":"http:\/\/infois.ro\/index.php?rest_route=\/wp\/v2\/types\/post"}],"author":[{"embeddable":true,"href":"http:\/\/infois.ro\/index.php?rest_route=\/wp\/v2\/users\/2"}],"replies":[{"embeddable":true,"href":"http:\/\/infois.ro\/index.php?rest_route=%2Fwp%2Fv2%2Fcomments&post=53875"}],"version-history":[{"count":1,"href":"http:\/\/infois.ro\/index.php?rest_route=\/wp\/v2\/posts\/53875\/revisions"}],"predecessor-version":[{"id":53876,"href":"http:\/\/infois.ro\/index.php?rest_route=\/wp\/v2\/posts\/53875\/revisions\/53876"}],"wp:featuredmedia":[{"embeddable":true,"href":"http:\/\/infois.ro\/index.php?rest_route=\/wp\/v2\/media\/52866"}],"wp:attachment":[{"href":"http:\/\/infois.ro\/index.php?rest_route=%2Fwp%2Fv2%2Fmedia&parent=53875"}],"wp:term":[{"taxonomy":"category","embeddable":true,"href":"http:\/\/infois.ro\/index.php?rest_route=%2Fwp%2Fv2%2Fcategories&post=53875"},{"taxonomy":"post_tag","embeddable":true,"href":"http:\/\/infois.ro\/index.php?rest_route=%2Fwp%2Fv2%2Ftags&post=53875"}],"curies":[{"name":"wp","href":"https:\/\/api.w.org\/{rel}","templated":true}]}}