{"id":54311,"date":"2021-04-26T15:52:16","date_gmt":"2021-04-26T12:52:16","guid":{"rendered":"http:\/\/infois.ro\/?p=54311"},"modified":"2021-04-26T15:52:16","modified_gmt":"2021-04-26T12:52:16","slug":"conferinta-privind-necesitatea-testarii-si-vaccinarii-impotriva-covid-19-a-elevilor","status":"publish","type":"post","link":"http:\/\/infois.ro\/?p=54311","title":{"rendered":"Conferin\u021b\u0103 privind necesitatea test\u0103rii \u015fi vaccin\u0103rii \u00eempotriva COVID-19 a elevilor"},"content":{"rendered":"<p><a href=\"http:\/\/infois.ro\/wp-content\/uploads\/2021\/02\/elevi-cu-masca.jpg\"><img loading=\"lazy\" decoding=\"async\" class=\"alignleft  wp-image-52866\" src=\"http:\/\/infois.ro\/wp-content\/uploads\/2021\/02\/elevi-cu-masca.jpg\" alt=\"\" width=\"383\" height=\"255\" srcset=\"http:\/\/infois.ro\/wp-content\/uploads\/2021\/02\/elevi-cu-masca.jpg 640w, http:\/\/infois.ro\/wp-content\/uploads\/2021\/02\/elevi-cu-masca-300x200.jpg 300w\" sizes=\"(max-width: 383px) 100vw, 383px\" \/><\/a><\/p>\n<p style=\"text-align: justify;\">Contextul pandemic actual impune ac\u021biuni care s\u0103 r\u0103spund\u0103 nevoii de informare a tuturor angaja\u021bilor din sistemul de educa\u021bie pentru a opta pentru vaccinarea voluntar\u0103, dar \u0219i nevoii de informare complet\u0103 \u0219i corect\u0103 a p\u0103rin\u021bilor pentru a con\u0219tientiza necesitatea test\u0103rii copiilor din perspectiva reducerii riscului de \u00eemboln\u0103vire \u0219i pentru facilitarea re\u00eenceperii activit\u0103\u021bilor cu prezen\u021b\u0103 fizic\u0103 pentru to\u021bi elevii. \u00cen acest sens, Ministerul Educa\u021biei a ini\u021biat Campania Na\u021bional\u0103 \u201eVaccinare \u0219i testare pentru \u00eenv\u0103\u021bare!\u201d, derulat\u0103 \u00een toate jude\u021bele \u021b\u0103rii. \u00cen cadrul acestei campanii, Inspectoratul \u0218colar Jude\u021bean Ia\u0219i \u0219i Universitatea de Medicin\u0103 \u0219i Farmacie \u201eGrigore T. Popa\u201d din Ia\u0219i, organizeaz\u0103, mar\u021bi 27 aprilie, ora 8.30, Conferin\u021ba \u201eVaccinare \u0219i testare pentru \u00eenv\u0103\u021bare!\u201d, care se va desf\u0103\u0219ura \u00een Aula \u201eGeorge Emil Palade\u201d a Universit\u0103\u021bii de Medicin\u0103 \u0219i Farmacie \u201eGrigore T. Popa\u201d din Ia\u0219i, \u00een format mixt, cu participare fizic\u0103 \u0219i online, \u0219i va reuni reprezenta\u021bii tuturor unit\u0103\u021bilor \u0219i institu\u021biilor de \u00eenv\u0103\u021b\u0103m\u00e2nt din jude\u021b. Obiectivul principal al acestui important eveniment este promovarea m\u0103surilor care sus\u021bin siguran\u021ba sanitar\u0103 \u00een \u0219coli, gr\u0103dini\u021be \u0219i universit\u0103\u021bi prin informare corect\u0103, con\u0219tientizare \u0219i asumarea responsabilit\u0103\u021bii individuale. Autorit\u0103\u0163ile centrale vor fi reprezentate de Zoltan Kallos, secretar de Stat \u00een cadrul Ministerului Educa\u021biei, la eveniment fiind posibil\u0103 \u015fi interven\u021bia online a prof. univ. dr. Sorin-Mihai C\u00eempeanu, ministrul Educa\u021biei Na\u0163ionale. \u201cCoordonatorii evenimentului, prof. dr. Genoveva Aurelia Farca\u0219, Inspector \u015ecolar General al I.\u015e.J. Ia\u015fi, \u0219i prof. univ. dr. Viorel Scripcariu, rectorul U.M.F. Ia\u0219i, \u0219i-au propus s\u0103 ofere un cadru \u00een care autorit\u0103\u021bi, beneficiari \u0219i parteneri ai educa\u021biei s\u0103 poat\u0103 dialoga direct cu speciali\u0219ti \u00een educa\u021bie \u0219i medicin\u0103. Prezent\u0103rile sus\u021binute de doamna prof. univ. dr. Doina Azoic\u0103i, pre\u0219edintele Societ\u0103\u021bii Rom\u00e2ne de Epidemiologie, doamna prof. univ. dr. Lumini\u021ba Smaranda Iancu, prorector al U.M.F. Ia\u0219i, doamna prof. univ. dr. C\u0103t\u0103lina Mihaela Luca, medic primar boli infec\u021bioase, doamna Anca Hardulea, coordonator al C.J.R.A.E. Ia\u015fi, precum \u0219i de doamna Ioana Monica Ciolan, psiholog \u00een cadrul S.O.C.P. al U.M.F. Ia\u0219i, vor eviden\u021bia importan\u021ba vaccin\u0103rii \u0219i a test\u0103rii ca modalit\u0103\u021bi de \u00eentoarcere la normalitate, efectele \u00eemboln\u0103virii cu SARS-CoV2 la copil \u0219i la adult, impactul socio-emo\u021bional al pandemiei \u00een via\u021ba elevilor \u0219i studen\u021bilor. \u00centr-un context vulnerabil din punct de vedere epidemiologic, aceast\u0103 conferin\u021b\u0103 va avea ca rezultat informarea elevilor, cadrelor didactice \u0219i a p\u0103rin\u021bilor, cu privire la importan\u021ba \u0219i necesitatea diminu\u0103rii efectelor pandemiei prin vaccinare \u0219i testare\u201d, se arat\u0103 \u00eentr-un comunicat al organizatorilor. \u201cPersonalul din \u00eenv\u0103\u021b\u0103m\u00e2ntul ie\u0219ean a ar\u0103tat un interes constant fa\u021b\u0103 de vaccinare, aspect sus\u021binut de cre\u0219terea permanent\u0103 a num\u0103rului celor care s-au programat \u0219i s-au imunizat cu unul dintre tipurile de vaccin disponibile. Apreciez c\u0103 aceast\u0103 campanie, prin calitatea informa\u021biei oferite de epidemiologi, medici infec\u021bioni\u0219ti \u0219i psihologi, va contribui la exprimarea unor op\u021biuni prin care procentul angaja\u021bilor vaccina\u021bi, din sistemul de \u00eenv\u0103\u021b\u0103m\u00e2nt preuniversitar, se va putea dubla. \u00cemi exprim convingerea c\u0103 speciali\u0219tii prezen\u021bi vor oferi acea informare avizat\u0103 \u0219i complet\u0103 de care p\u0103rin\u021bii au nevoie \u0219i astfel, odat\u0103 cu reluarea cursurilor, ace\u0219tia \u00ee\u0219i vor exprima acordul pentru testarea copiilor atunci c\u00e2nd va fi necesar\u201d, a declarat prof. dr. Genoveva Aurelia Farca\u0219, inspector \u015fcolar general al I.\u0162.J. Ia\u015fi. \u201eCu to\u021bii vrem s\u0103 ne \u00eentoarcem la o via\u021b\u0103 normal\u0103, care s\u0103 ne permit\u0103 s\u0103 petrecem mai mult timp \u00eempreun\u0103. \u0218coala nu este doar locul unde se desf\u0103\u0219oar\u0103 procesul educa\u021bional, ci este \u0219i un loc al \u00eent\u00e2lnirii, iar studiul este o etap\u0103 de via\u0163\u0103 \u00een colectiv, \u00een care se leag\u0103 prietenii \u015fi se alc\u0103tuiesc re\u0163ele de cuno\u015ftin\u0163e.\u00a0Iar pentru a reveni la normalitate, cea mai bun\u0103 solu\u021bie de moment este vaccinarea. Salut\u0103m \u0219i sus\u021binem aceast\u0103 campanie a Ministerului Educa\u021biei, al c\u0103rei scop este s\u0103 convingem elevii, studen\u021bii, p\u0103rin\u021bii, \u0219i cadrele didactice c\u0103 testarea \u0219i vaccinarea sunt cei mai importan\u021bi pa\u0219i pentru a ne putea desf\u0103\u0219ura activitatea de predare\/\u00eenv\u0103\u021bare \u00een condi\u021bii optime\u201d, a afirmat, la r\u00e2ndul s\u0103u, prof. univ. dr. Viorel Scripcariu, rectorul UMF Ia\u0219i.\u00a0\u00a0Evenimentul va fi transmis live pe YouTube: <a href=\"https:\/\/youtu.be\/JDAftaxxqhw?fbclid=IwAR1czUYcOjbkXWFDhHJFYqpGMudgDNWiEXfNOdngb3nEXpl30yf3vlti1ao\">https:\/\/youtu.be\/JDAftaxxqhw<\/a> \u0219i Facebook:<a href=\"https:\/\/www.facebook.com\/UMFGrigoreTPopaIasi%20.\"> https:\/\/www.facebook.com\/UMFGrigoreTPopaIasi .<\/a><\/p>\n","protected":false},"excerpt":{"rendered":"<p>Contextul pandemic actual impune ac\u021biuni care s\u0103 r\u0103spund\u0103 nevoii de informare a tuturor angaja\u021bilor din&#8230; <a class=\"meta-more\" href=\"http:\/\/infois.ro\/?p=54311\">more <span class=\"meta-nav\">&raquo;<\/span><\/a><\/p>\n","protected":false},"author":2,"featured_media":52866,"comment_status":"closed","ping_status":"closed","sticky":false,"template":"","format":"standard","meta":{"footnotes":""},"categories":[12,41],"tags":[74,13025,89,40,6133,1109],"aioseo_notices":[],"_links":{"self":[{"href":"http:\/\/infois.ro\/index.php?rest_route=\/wp\/v2\/posts\/54311"}],"collection":[{"href":"http:\/\/infois.ro\/index.php?rest_route=\/wp\/v2\/posts"}],"about":[{"href":"http:\/\/infois.ro\/index.php?rest_route=\/wp\/v2\/types\/post"}],"author":[{"embeddable":true,"href":"http:\/\/infois.ro\/index.php?rest_route=\/wp\/v2\/users\/2"}],"replies":[{"embeddable":true,"href":"http:\/\/infois.ro\/index.php?rest_route=%2Fwp%2Fv2%2Fcomments&post=54311"}],"version-history":[{"count":1,"href":"http:\/\/infois.ro\/index.php?rest_route=\/wp\/v2\/posts\/54311\/revisions"}],"predecessor-version":[{"id":54312,"href":"http:\/\/infois.ro\/index.php?rest_route=\/wp\/v2\/posts\/54311\/revisions\/54312"}],"wp:featuredmedia":[{"embeddable":true,"href":"http:\/\/infois.ro\/index.php?rest_route=\/wp\/v2\/media\/52866"}],"wp:attachment":[{"href":"http:\/\/infois.ro\/index.php?rest_route=%2Fwp%2Fv2%2Fmedia&parent=54311"}],"wp:term":[{"taxonomy":"category","embeddable":true,"href":"http:\/\/infois.ro\/index.php?rest_route=%2Fwp%2Fv2%2Fcategories&post=54311"},{"taxonomy":"post_tag","embeddable":true,"href":"http:\/\/infois.ro\/index.php?rest_route=%2Fwp%2Fv2%2Ftags&post=54311"}],"curies":[{"name":"wp","href":"https:\/\/api.w.org\/{rel}","templated":true}]}}