{"id":54706,"date":"2021-05-12T15:12:08","date_gmt":"2021-05-12T12:12:08","guid":{"rendered":"http:\/\/infois.ro\/?p=54706"},"modified":"2021-05-12T15:12:08","modified_gmt":"2021-05-12T12:12:08","slug":"o-noua-conducere-pentru-proiectul-invest-in-iasi","status":"publish","type":"post","link":"http:\/\/infois.ro\/?p=54706","title":{"rendered":"O nou\u0103 conducere pentru proiectul \u201dInvest \u00een Ia\u0219i\u201d"},"content":{"rendered":"<p><a href=\"http:\/\/infois.ro\/wp-content\/uploads\/2019\/04\/invest-in-iasi.jpg\"><img loading=\"lazy\" decoding=\"async\" class=\"alignleft  wp-image-40433\" src=\"http:\/\/infois.ro\/wp-content\/uploads\/2019\/04\/invest-in-iasi.jpg\" alt=\"\" width=\"361\" height=\"271\" srcset=\"http:\/\/infois.ro\/wp-content\/uploads\/2019\/04\/invest-in-iasi.jpg 640w, http:\/\/infois.ro\/wp-content\/uploads\/2019\/04\/invest-in-iasi-300x225.jpg 300w\" sizes=\"(max-width: 361px) 100vw, 361px\" \/><\/a><\/p>\n<p style=\"text-align: justify;\"><strong>\u2022 Dorel Codin\u0103, cel care a condus \u00een ultimii cinci ani Parcul Industrial Miroslava este, \u00eencep\u00e2nd de ast\u0103zi (12 mai 2021), noul director al proiectului Invest \u00een Ia\u0219i<br \/>\n\u2022 Al\u0103turi de el, conducerea acestei campanii publice derulat\u0103 de societatea civil\u0103 va mai fi format\u0103 din membri ai mediului de afaceri, ai mediului academic, fiind lansat\u0103 o invita\u021bie \u0219i pentru autorit\u0103\u021bile locale<br \/>\n\u2022 Dorel Codin\u0103:\u00a0<em>\u201dIa\u0219ul se afl\u0103 \u00een competi\u021bie cu regiuni din \u021bar\u0103 \u0219i str\u0103in\u0103tate pentru atragerea marilor investi\u021bii \u0219i nu este timp de pierdut\u201d<\/em><\/strong><\/p>\n<p>Investiniasi.ro, proiect demarat \u00een urm\u0103 cu aproape 14 ani de c\u0103tre antreprenorul Marius Alexa, are un nou board de conducere. Dorel Codin\u0103, cel care a condus \u00een ultimii cinci ani Parcul Industrial Miroslava, a fost propus s\u0103 preia conducerea acestui proiect de atragere de investi\u021bii pentru a valoriza \u0219i a aduce un suflu nou poten\u021bialului investi\u021bional din Ia\u0219i. Scopul principal al proiectului Invest \u00een Ia\u0219i a fost \u00eenc\u0103 de la \u00eenceput atragerea de investi\u021bii \u0219i investitori \u00een Jude\u021bul Ia\u0219i, promovarea jude\u021bului \u0219i a municipiului Ia\u0219i ca destina\u021bie investi\u021bional\u0103 \u0219i, de asemenea, misiunea proiectului a fost \u0219i aceea de a facilita interac\u021biunea dintre investitorii rom\u00e2ni \u0219i cei din str\u0103in\u0103tate.<\/p>\n<p><strong>Consiliu director format din oameni de afaceri \u0219i universitari ie\u0219eni<\/strong><\/p>\n<p>Al\u0103turi de noul director al programului Invest \u00een Ia\u0219i, proiectul beneficiaz\u0103 \u0219i de un consiliul consultativ reprezentativ, format din personalit\u0103\u021bi ale mediului de business, ale mediului academic \u0219i administrativ. Astfel, din Consiliul Consultativ Invest \u00een Ia\u0219i vor face parte Paul Butnariu, pre\u0219edintele Camerei de Comer\u021b \u0219i Industrie Ia\u0219i, Gheorghe Ple\u0219u, pre\u0219edintele Asocia\u021biei Oamenilor de Afaceri Ia\u0219i, Marius Alexa, antreprenor, fondatorul Invest \u00een Ia\u0219i \u0219i profesor asociat la Facultatea de Economie \u0219i Administrarea Afacerilor (FEAA) Ia\u0219i precum \u0219i profesorul Andrei Ne\u0219tian, conferen\u021biar dr. la FEAA.<\/p>\n<p>Noul board director al proiectului se va \u00eentruni periodic pentru a se consulta \u0219i a stabili cele mai bune strategii pentru atragerea de investitori strategici \u00een jude\u021bul Ia\u0219i. De asemenea, se vor adopta ac\u021biuni concrete de promovare a Ia\u0219ului ca beneficiar al investi\u021biilor str\u0103ine directe.<\/p>\n<p>De asemenea, \u00een proiectul Invest \u00een Ia\u0219i sunt implica\u021bi \u0219i studen\u021bi ai Universit\u0103\u021bii Alexandru Ioan Cuza din Ia\u0219i, din cadrul Facult\u0103\u021bii de Economie \u0219i Administrarea Afacerilor \u0219i Facult\u0103\u021bii de Filosofie \u0219i \u0218tiin\u021be Social Politice.<\/p>\n<p><strong>Invita\u021bie pentru mediul de afaceri \u0219i autorit\u0103\u021bile locale<\/strong><\/p>\n<p>Noua conducere Invest \u00een Ia\u0219i a\u0219teapt\u0103 o implicare activ\u0103 a mediului de afaceri ie\u0219ean \u0219i autorit\u0103\u021bilor locale \u00een acest proiect al societ\u0103\u021bii civile.<em>\u00a0\u201dAm spus \u00abDa\u00bb f\u0103r\u0103 s\u0103 ezit invita\u021biei de a conduce acest proiect de promovare a Ia\u0219ului investi\u021bional, invita\u021bie pe care mi-a f\u0103cut-o Marius Alexa. Este o continuare fireasc\u0103 a muncii depuse \u00een ultimii cinci ani la conducerea Parcului Industrial Miroslava unde, al\u0103turi de Prim\u0103ria Miroslava, am reu\u0219it s\u0103 atragem zeci de investi\u021bii importante care vor genera mii de locuri de munc\u0103. Tocmai de aceea, din postura de coordonator al acestui proiect, consider c\u0103 cea mai bun\u0103 modalitate de a avea succes \u00een atragerea de noi investi\u021bii de anvergur\u0103 \u00een Ia\u0219i este o bun\u0103 conlucrare a societ\u0103\u021bii civile, mediului de afaceri \u0219i administra\u021biilor locale. Conducerea jude\u021bului a anun\u021bat deja inten\u021bia de a dezvolta mai multe parcuri industriale, municipiul Ia\u0219i are \u00een vedere dezvoltarea unui alt parc industrial pe platforma Fortus iar mai multe prim\u0103rii din jude\u021b au, de asemenea, poten\u021bial investi\u021bional pentru diverse industrii. Noi vom \u00eencerca s\u0103 fim un liant \u00eentre tot acest poten\u021bial al jude\u021bului Ia\u0219i \u0219i eventualii investitori \u0219i ar fi excelent ca tot efortul acesta s\u0103 fie f\u0103cut \u00eentr-o viziune integrat\u0103 la nivelul jude\u021bului. Dac\u0103 reu\u0219im un parteneriat \u00eentre cele trei p\u0103r\u021bi: societate civil\u0103, mediul de afaceri \u0219i administra\u021bie, Ia\u0219ul va fi c\u00e2\u0219tig\u0103tor. Trebuie s\u0103 fim pragmatici, agili \u0219i proactivi\u201d<\/em>, a declarat Dorel Codin\u0103, directorul Invest \u00een Ia\u0219i.<\/p>\n<p>Acesta a mai ad\u0103ugat c\u0103, \u00een prezent, se duce o \u201dlupt\u0103\u201d at\u00e2t \u00eentre Rom\u00e2nia \u0219i \u021b\u0103rile vecine, c\u00e2t \u0219i \u00eentre regiunile din \u021bar\u0103 pentru atragerea investi\u021biilor importante care ar putea veni \u00een urm\u0103toarea perioad\u0103 \u0219i c\u0103 Ia\u0219ul nu are timp de pierdut \u00een aceast\u0103 competi\u021bie.<\/p>\n<p><strong>Planuri mari pentru Invest \u00een Ia\u0219i<\/strong><\/p>\n<p>Printre ac\u021biunile concrete care urmeaz\u0103 s\u0103 fie puse \u00een practic\u0103 \u00een cadrul proiectului Invest \u00een Ia\u0219i se num\u0103r\u0103 refacerea portalului investiniasi.ro, un catalog cu oportunit\u0103\u021bile de business ale Ia\u0219ului care s\u0103 fie apoi promovate la nivel na\u021bional \u0219i interna\u021bional, participarea la marile t\u00e2rguri de business interna\u021bionale, continuarea misiunilor economice interna\u021bionale precum \u0219i ac\u021biuni de consultan\u021b\u0103 pentru cre\u0219terea mediului de business local sau consultan\u021b\u0103 pentru administra\u021biile locale \u00een vederea stabilirii de politici publice de succes \u00een atragerea investitorilor.<\/p>\n<p><em>Mul\u021bumiri partenerilor implica\u021bi \u00een realizarea, promovarea \u0219i sus\u021binerea proiectului!<\/em><\/p>\n<p><strong>Despre Invest \u00een Ia\u0219i<\/strong><\/p>\n<p><strong>Invest \u00een Ia\u0219i\u00a0<\/strong>este o campanie public\u0103 gestionat\u0103 de Asocia\u021bia Pentru Economia Cunoa\u0219terii care promoveaz\u0103 oportunit\u0103\u021bile de investi\u021bie existente \u00een Ia\u0219i.<\/p>\n<p>Prin intermediul acestei campanii, ne propunem s\u0103 facilit\u0103m interac\u021biunea dintre oamenii de afaceri din Rom\u00e2nia \u0219i cei din str\u0103in\u0103tate pentru a le uni for\u021bele, rezultatele fiind crearea de noi afaceri \u0219i implementarea unor proiecte cu impact semnificativ asupra mediului local.<\/p>\n","protected":false},"excerpt":{"rendered":"<p>\u2022 Dorel Codin\u0103, cel care a condus \u00een ultimii cinci ani Parcul Industrial Miroslava este,&#8230; <a class=\"meta-more\" href=\"http:\/\/infois.ro\/?p=54706\">more <span class=\"meta-nav\">&raquo;<\/span><\/a><\/p>\n","protected":false},"author":2,"featured_media":40433,"comment_status":"closed","ping_status":"closed","sticky":false,"template":"","format":"standard","meta":{"footnotes":""},"categories":[6,41],"tags":[74,14285,40,5115,1583,3662],"aioseo_notices":[],"_links":{"self":[{"href":"http:\/\/infois.ro\/index.php?rest_route=\/wp\/v2\/posts\/54706"}],"collection":[{"href":"http:\/\/infois.ro\/index.php?rest_route=\/wp\/v2\/posts"}],"about":[{"href":"http:\/\/infois.ro\/index.php?rest_route=\/wp\/v2\/types\/post"}],"author":[{"embeddable":true,"href":"http:\/\/infois.ro\/index.php?rest_route=\/wp\/v2\/users\/2"}],"replies":[{"embeddable":true,"href":"http:\/\/infois.ro\/index.php?rest_route=%2Fwp%2Fv2%2Fcomments&post=54706"}],"version-history":[{"count":1,"href":"http:\/\/infois.ro\/index.php?rest_route=\/wp\/v2\/posts\/54706\/revisions"}],"predecessor-version":[{"id":54707,"href":"http:\/\/infois.ro\/index.php?rest_route=\/wp\/v2\/posts\/54706\/revisions\/54707"}],"wp:featuredmedia":[{"embeddable":true,"href":"http:\/\/infois.ro\/index.php?rest_route=\/wp\/v2\/media\/40433"}],"wp:attachment":[{"href":"http:\/\/infois.ro\/index.php?rest_route=%2Fwp%2Fv2%2Fmedia&parent=54706"}],"wp:term":[{"taxonomy":"category","embeddable":true,"href":"http:\/\/infois.ro\/index.php?rest_route=%2Fwp%2Fv2%2Fcategories&post=54706"},{"taxonomy":"post_tag","embeddable":true,"href":"http:\/\/infois.ro\/index.php?rest_route=%2Fwp%2Fv2%2Ftags&post=54706"}],"curies":[{"name":"wp","href":"https:\/\/api.w.org\/{rel}","templated":true}]}}