{"id":54792,"date":"2021-05-14T16:24:03","date_gmt":"2021-05-14T13:24:03","guid":{"rendered":"http:\/\/infois.ro\/?p=54792"},"modified":"2021-05-17T08:30:58","modified_gmt":"2021-05-17T05:30:58","slug":"sase-elevi-si-un-profesor-confirmati-pozitiv-cu-sars-cov-2-la-iasi","status":"publish","type":"post","link":"http:\/\/infois.ro\/?p=54792","title":{"rendered":"\u015ease elevi \u015fi un profesor, confirma\u0163i pozitiv cu SARS-CoV-2 la Ia\u015fi"},"content":{"rendered":"<p><a href=\"http:\/\/infois.ro\/wp-content\/uploads\/2020\/08\/coronavirus.jpg\"><img loading=\"lazy\" decoding=\"async\" class=\"alignleft  wp-image-49081\" src=\"http:\/\/infois.ro\/wp-content\/uploads\/2020\/08\/coronavirus.jpg\" alt=\"\" width=\"394\" height=\"222\" srcset=\"http:\/\/infois.ro\/wp-content\/uploads\/2020\/08\/coronavirus.jpg 640w, http:\/\/infois.ro\/wp-content\/uploads\/2020\/08\/coronavirus-300x169.jpg 300w, http:\/\/infois.ro\/wp-content\/uploads\/2020\/08\/coronavirus-140x80.jpg 140w\" sizes=\"(max-width: 394px) 100vw, 394px\" \/><\/a><\/p>\n<p style=\"text-align: justify;\">Direc\u0163ia de S\u0103n\u0103tate Public\u0103 (DSP) a dat publicit\u0103\u0163ii situa\u0163ia cazurilor de COVID-19 confirmate \u00een unit\u0103\u021bile de \u00eenv\u0103\u021b\u0103m\u00e2nt preuniversitar de pe raza jude\u021bului Ia\u0219i \u00eencep\u00e2nd din data de 05 mai 2021, respectiv de la reluarea cursurilor:<\/p>\n<p style=\"text-align: justify;\">\n<ul style=\"text-align: justify;\">\n<li>Num\u0103r pre\u0219colari\/ elevi confirma\u021bi COVID-19 &#8211; 6<\/li>\n<\/ul>\n<p style=\"text-align: justify;\">\n<ul style=\"text-align: justify;\">\n<li>Num\u0103r cadre didactice confirmate COVID-19 &#8211; 1<\/li>\n<\/ul>\n<p style=\"text-align: justify;\">\n<ul style=\"text-align: justify;\">\n<li>Num\u0103r personal didactic auxiliar confirmat COVID &#8211; 19 \u2013 1<\/li>\n<\/ul>\n<p style=\"text-align: justify;\">\n<ul style=\"text-align: justify;\">\n<li>Num\u0103r personal nedidactic confirmat COVID &#8211; 19 \u2013 1<\/li>\n<\/ul>\n<p style=\"text-align: justify;\">\n<ul style=\"text-align: justify;\">\n<li>Num\u0103r clase de \u00eenv\u0103\u021b\u0103m\u00e2nt gimnazial, liceal, profesional sau postliceal care au cursuri suspendate din cauza confirm\u0103rii unor cazuri de infectare cu noul coronavirus \u2013 0<\/li>\n<\/ul>\n<p style=\"text-align: justify;\">\n<ul style=\"text-align: justify;\">\n<li>Num\u0103r grupe de \u00eenv\u0103\u021b\u0103m\u00e2nt pre\u0219colar \/ clase de \u00eenv\u0103\u021b\u0103m\u00e2nt primar care au cursuri suspendate din cauza confirm\u0103rii unor cazuri de infectare cu noul coronavirus \u2013 2<\/li>\n<\/ul>\n<p style=\"text-align: justify;\">\n<p style=\"text-align: justify;\">\n<p style=\"text-align: justify;\">Unit\u0103\u021bi de \u00eenv\u0103\u021b\u0103m\u00e2nt cu grupe de \u00eenv\u0103\u021b\u0103m\u00e2nt pre\u0219colar \/ clase de \u00eenv\u0103\u021b\u0103m\u00e2nt primar suspendate din cauza confirm\u0103rii unor cazuri de infectare COVID-19:<\/p>\n<p style=\"text-align: justify;\">\n<p style=\"text-align: justify;\">&#8211; \u0218coala Gimnazial\u0103 \u201cAlexandru cel Bun\u201d Ia\u0219i \u2013 1<\/p>\n<p style=\"text-align: justify;\">&#8211; \u0218coala Gimnazial\u0103 \u201c\u0218tefan B\u00e2rsanescu\u201d Ia\u0219i \u2013 1<\/p>\n<p style=\"text-align: justify;\">\n<p style=\"text-align: justify;\">\u00a0\u00a0\u00a0\u00a0\u00a0\u00a0 \u00cen unit\u0103\u0163ile \u015fcolare men\u0163ionate s-au luat urm\u0103toarele m\u0103suri:<\/p>\n<ul style=\"text-align: justify;\">\n<li>izolarea cazurilor confirmate;<\/li>\n<li>igienizarea \u015fi dezinfec\u0163ia spa\u0163iilor unit\u0103\u0163ilor \u015fcolare (clase, holuri, toalete);<\/li>\n<li>reinstruirea personalului privind regulile de igien\u0103 personal\u0103 \u015fi portul m\u0103\u015ftii de protec\u0163ie.<\/li>\n<\/ul>\n<p style=\"text-align: justify;\">\n<p style=\"text-align: justify;\">\n<p style=\"text-align: justify;\">\n","protected":false},"excerpt":{"rendered":"<p>Direc\u0163ia de S\u0103n\u0103tate Public\u0103 (DSP) a dat publicit\u0103\u0163ii situa\u0163ia cazurilor de COVID-19 confirmate \u00een unit\u0103\u021bile&#8230; <a class=\"meta-more\" href=\"http:\/\/infois.ro\/?p=54792\">more <span class=\"meta-nav\">&raquo;<\/span><\/a><\/p>\n","protected":false},"author":2,"featured_media":49081,"comment_status":"closed","ping_status":"closed","sticky":false,"template":"","format":"standard","meta":{"footnotes":""},"categories":[12,41],"tags":[74,13025,13084,89,40],"aioseo_notices":[],"_links":{"self":[{"href":"http:\/\/infois.ro\/index.php?rest_route=\/wp\/v2\/posts\/54792"}],"collection":[{"href":"http:\/\/infois.ro\/index.php?rest_route=\/wp\/v2\/posts"}],"about":[{"href":"http:\/\/infois.ro\/index.php?rest_route=\/wp\/v2\/types\/post"}],"author":[{"embeddable":true,"href":"http:\/\/infois.ro\/index.php?rest_route=\/wp\/v2\/users\/2"}],"replies":[{"embeddable":true,"href":"http:\/\/infois.ro\/index.php?rest_route=%2Fwp%2Fv2%2Fcomments&post=54792"}],"version-history":[{"count":1,"href":"http:\/\/infois.ro\/index.php?rest_route=\/wp\/v2\/posts\/54792\/revisions"}],"predecessor-version":[{"id":54793,"href":"http:\/\/infois.ro\/index.php?rest_route=\/wp\/v2\/posts\/54792\/revisions\/54793"}],"wp:featuredmedia":[{"embeddable":true,"href":"http:\/\/infois.ro\/index.php?rest_route=\/wp\/v2\/media\/49081"}],"wp:attachment":[{"href":"http:\/\/infois.ro\/index.php?rest_route=%2Fwp%2Fv2%2Fmedia&parent=54792"}],"wp:term":[{"taxonomy":"category","embeddable":true,"href":"http:\/\/infois.ro\/index.php?rest_route=%2Fwp%2Fv2%2Fcategories&post=54792"},{"taxonomy":"post_tag","embeddable":true,"href":"http:\/\/infois.ro\/index.php?rest_route=%2Fwp%2Fv2%2Ftags&post=54792"}],"curies":[{"name":"wp","href":"https:\/\/api.w.org\/{rel}","templated":true}]}}