{"id":54814,"date":"2021-05-18T08:56:36","date_gmt":"2021-05-18T05:56:36","guid":{"rendered":"http:\/\/infois.ro\/?p=54814"},"modified":"2021-05-18T08:56:36","modified_gmt":"2021-05-18T05:56:36","slug":"universitatea-alexandru-ioan-cuza-organizeaza-11-scoli-de-vara-rose-pentru-liceeni","status":"publish","type":"post","link":"http:\/\/infois.ro\/?p=54814","title":{"rendered":"Universitatea \u201eAlexandru Ioan Cuza\u201e organizeaz\u0103 11 \u0219coli de var\u0103 ROSE pentru liceeni"},"content":{"rendered":"<p><a href=\"http:\/\/infois.ro\/wp-content\/uploads\/2020\/10\/aniversare-cuza.jpg\"><img loading=\"lazy\" decoding=\"async\" class=\"alignleft  wp-image-50679\" src=\"http:\/\/infois.ro\/wp-content\/uploads\/2020\/10\/aniversare-cuza.jpg\" alt=\"\" width=\"409\" height=\"265\" srcset=\"http:\/\/infois.ro\/wp-content\/uploads\/2020\/10\/aniversare-cuza.jpg 640w, http:\/\/infois.ro\/wp-content\/uploads\/2020\/10\/aniversare-cuza-300x195.jpg 300w\" sizes=\"(max-width: 409px) 100vw, 409px\" \/><\/a><\/p>\n<p style=\"text-align: justify;\">Universitatea \u201eAlexandru Ioan Cuza\u201d din Ia\u0219i (UAIC) va desf\u0103\u0219ura, \u00een perioada iulie-septembrie, 11 \u0219coli de var\u0103 gratuite dedicate elevilor de liceu, finan\u021bate din Proiectul privind \u00cenv\u0103\u021b\u0103m\u00e2ntul Secundar (ROSE) de c\u0103tre Banca Interna\u021bional\u0103 de Reconstruc\u021bie \u0219i Dezvoltare (Banca Mondial\u0103). \u0218colile de var\u0103 au ca scop organizarea de cursuri \u0219i alte activit\u0103\u021bi relevante destinate elevilor de liceu, cu prec\u0103dere celor dezavantaja\u021bi social, pentru \u00eencurajarea finaliz\u0103rii de c\u0103tre ace\u0219tia a studiilor liceale \u0219i facilitarea continu\u0103rii educa\u021biei la nivel ter\u021biar.<\/p>\n<p style=\"text-align: justify;\">\u0218colile de var\u0103, cu o durat\u0103 de dou\u0103 s\u0103pt\u0103m\u00e2ni, se vor desf\u0103\u0219ura \u00een campusul Universit\u0103\u021bii \u201eAlexandru Ioan Cuza\u201d din Ia\u015fi. Elevii participan\u021bi vor beneficia de cazare \u0219i mas\u0103 pe toat\u0103 perioada programului, iar facult\u0103\u021bile implicate vor asigura toate resursele necesare realiz\u0103rii activit\u0103\u021bilor. Pe parcursul \u0219colilor de var\u0103, elevii vor fi monitoriza\u021bi \u00een permanen\u021b\u0103 de cadre didactice \u0219i studen\u021bi supraveghetori. Toate activit\u0103\u021bile \u0219colilor de var\u0103 se vor desf\u0103\u0219ura respect\u00e2nd normele \u00een vigoare cu privire la prevenirea r\u0103sp\u00e2ndirii virusului SAR-CoV-2 \u0219i participan\u021bilor li se vor pune la dispozi\u021bie solu\u021bii de dezinfectare \u0219i m\u0103\u0219ti de protec\u021bie.<\/p>\n<p style=\"text-align: justify;\">\u00cen cazul \u00een care ora\u0219ul Ia\u0219i va intra \u00een scenariul ro\u0219u sau se va institui carantin\u0103 la nivel zonal, regional sau na\u021bional, activit\u0103\u021bile \u0219colilor de var\u0103 se vor desf\u0103\u0219ura \u00een mediul on-line.<\/p>\n<p style=\"text-align: justify;\">Elevii care studiaz\u0103 la unul dintre liceele eligibile \u00een cadrul Proiectului ROSE (<a href=\"https:\/\/www.edu.ro\/proiectul-rose-list%C4%83-licee-eligibile\">https:\/\/www.edu.ro\/proiectul-rose-list%C4%83-licee-eligibile<\/a>) se pot \u00eenscrie, \u00eencep\u00e2nd cu data de 17 mai, la una dintre urm\u0103toarele \u0219coli de var\u0103:<\/p>\n<ol style=\"text-align: justify;\">\n<li>\u201eVreau s\u0103 fiu student la Litere! \u2013 LiteratIS\u201d (Facultatea de Litere), 11-24 iulie 2021;<\/li>\n<li>\u201eVacan\u021b\u0103 juridic\u0103 DREPT \u00een Ia\u0219i \u2013 Drept \u00een Ia\u0219i!\u201d (Facultatea de Drept), 11-24 iulie 2021;<\/li>\n<li>\u201e\u015ecoal\u0103 de var\u0103 pentru Economi\u0219ti \u2013 EconomIS\u201d (Facultatea de Economie \u0219i Administrarea Afacerilor), 5-18 iulie 2021;<\/li>\n<li>\u201eDescoperim P\u0103m\u00e2ntul spre culmile cunoa\u015fterii! GEO-GEO\u201d (Facultatea de Geografie \u0219i Geologie), 5-18 iulie 2021;<\/li>\n<li>\u201eExperien\u021b\u0103 universitar\u0103 timpurie pentru elevii afla\u021bi \u00een situa\u021bii de risc: program-punte \u00een domeniile Educa\u021bie Fizic\u0103 \u015fi Sport \u015fi Teologie Romano Catolic\u0103 \u2013 TEOSPOR\u201d (Facultatea de Educa\u021bie Fizic\u0103 \u0219i Sport \u0219i Facultatea de Teologie Romano-Catolic\u0103), 11-24 iulie 2021;<\/li>\n<li>\u201e\u015ecoal\u0103 de var\u0103 pentru \u015etiin\u021be: program punte pentru tranzi\u021bia de la liceu la universitate \u2013 Vara \u015etiin\u021belor\u201d (Facultatea de Biologie \u0219i Facultatea de Chimie), 18-31 iulie 2021;<\/li>\n<li>\u201e\u015ecoala de var\u0103 \u00een domeniul Teologiei Ortodoxe \u015fi Istoriei pentru \u00eembun\u0103t\u0103\u021birea oportunit\u0103\u021bilor de participare la \u00eenv\u0103\u021b\u0103m\u00e2ntul universitar a elevilor cu risc de abandon \u2013 TEOIST\u201d (Facultatea de Teologie Ortodox\u0103 \u0219i Facultatea de Istorie), 18-31 iulie 2021;<\/li>\n<li>\u201eDe-ale viitorului: informatic\u0103 \u0219i matematic\u0103 \u2013 INFORMAT (Facultatea de Informatic\u0103 \u0219i Facultatea de Matematic\u0103), 30 august \u2013 12 septembrie;<\/li>\n<li>\u201eDescoper\u0103-\u0163i voca\u0163ia prin educa\u0163ie! \u015ecoala de var\u0103 &#8211; Psihologie \u015fi \u015etiin\u0163e ale Educa\u0163iei &#8211; DEVO\u201d (Facultatea de Psihologie \u015fi \u015etiin\u0163e ale Educa\u0163iei), 5-18 iulie 2021;<\/li>\n<li>\u201eVino la Facultatea VERDE\u201d (Facultatea de Biologie), 18-31 iulie 2021;<\/li>\n<li>\u201eCum ajung profesor\/antrenor?\u201d \u015ecoala de var\u0103 \u2013 CAPA (Facultatea de Educa\u021bie Fizic\u0103 \u015fi Sport), 22 august \u2013 4 septembrie 2021.<\/li>\n<\/ol>\n<p style=\"text-align: justify;\">\n","protected":false},"excerpt":{"rendered":"<p>Universitatea \u201eAlexandru Ioan Cuza\u201d din Ia\u0219i (UAIC) va desf\u0103\u0219ura, \u00een perioada iulie-septembrie, 11 \u0219coli de&#8230; <a class=\"meta-more\" href=\"http:\/\/infois.ro\/?p=54814\">more <span class=\"meta-nav\">&raquo;<\/span><\/a><\/p>\n","protected":false},"author":2,"featured_media":50679,"comment_status":"closed","ping_status":"closed","sticky":false,"template":"","format":"standard","meta":{"footnotes":""},"categories":[12,41],"tags":[74,89,40,2810,6648],"aioseo_notices":[],"_links":{"self":[{"href":"http:\/\/infois.ro\/index.php?rest_route=\/wp\/v2\/posts\/54814"}],"collection":[{"href":"http:\/\/infois.ro\/index.php?rest_route=\/wp\/v2\/posts"}],"about":[{"href":"http:\/\/infois.ro\/index.php?rest_route=\/wp\/v2\/types\/post"}],"author":[{"embeddable":true,"href":"http:\/\/infois.ro\/index.php?rest_route=\/wp\/v2\/users\/2"}],"replies":[{"embeddable":true,"href":"http:\/\/infois.ro\/index.php?rest_route=%2Fwp%2Fv2%2Fcomments&post=54814"}],"version-history":[{"count":1,"href":"http:\/\/infois.ro\/index.php?rest_route=\/wp\/v2\/posts\/54814\/revisions"}],"predecessor-version":[{"id":54815,"href":"http:\/\/infois.ro\/index.php?rest_route=\/wp\/v2\/posts\/54814\/revisions\/54815"}],"wp:featuredmedia":[{"embeddable":true,"href":"http:\/\/infois.ro\/index.php?rest_route=\/wp\/v2\/media\/50679"}],"wp:attachment":[{"href":"http:\/\/infois.ro\/index.php?rest_route=%2Fwp%2Fv2%2Fmedia&parent=54814"}],"wp:term":[{"taxonomy":"category","embeddable":true,"href":"http:\/\/infois.ro\/index.php?rest_route=%2Fwp%2Fv2%2Fcategories&post=54814"},{"taxonomy":"post_tag","embeddable":true,"href":"http:\/\/infois.ro\/index.php?rest_route=%2Fwp%2Fv2%2Ftags&post=54814"}],"curies":[{"name":"wp","href":"https:\/\/api.w.org\/{rel}","templated":true}]}}