{"id":54970,"date":"2021-05-24T14:09:05","date_gmt":"2021-05-24T11:09:05","guid":{"rendered":"http:\/\/infois.ro\/?p=54970"},"modified":"2021-05-25T06:10:43","modified_gmt":"2021-05-25T03:10:43","slug":"sapte-elevi-si-patru-profesori-confirmati-pozitiv-cu-sars-cov-2-la-iasi","status":"publish","type":"post","link":"http:\/\/infois.ro\/?p=54970","title":{"rendered":"\u015eapte elevi \u015fi patru profesori, confirma\u0163i pozitiv cu SARS-CoV-2 la Ia\u015fi"},"content":{"rendered":"<p><a href=\"http:\/\/infois.ro\/wp-content\/uploads\/2020\/01\/masti-pentru-elevi.jpg\"><img loading=\"lazy\" decoding=\"async\" class=\"alignleft wp-image-45464\" src=\"http:\/\/infois.ro\/wp-content\/uploads\/2020\/01\/masti-pentru-elevi.jpg\" alt=\"\" width=\"351\" height=\"233\" srcset=\"http:\/\/infois.ro\/wp-content\/uploads\/2020\/01\/masti-pentru-elevi.jpg 640w, http:\/\/infois.ro\/wp-content\/uploads\/2020\/01\/masti-pentru-elevi-300x200.jpg 300w\" sizes=\"(max-width: 351px) 100vw, 351px\" \/><\/a><\/p>\n<p style=\"text-align: justify;\">Av\u00e2nd \u00een vedere prevederile Ordinului nr. 3235 din 4 februarie 2021, pentru aprobarea m\u0103surilor de organizare a activit\u0103\u021bii \u00een cadrul unit\u0103\u021bilor\/institu\u021biilor de \u00eenv\u0103\u021b\u0103m\u00e2nt \u00een condi\u021bii de siguran\u021b\u0103 epidemiologic\u0103 pentru prevenirea \u00eemboln\u0103virilor cu virusul Sars-CoV-2, Direc\u0163ia de S\u0103n\u0103tate Public\u0103 (DSP) a dat publicit\u0103\u0163ii situa\u0163ia cazurilor de COVID-19 confirmate luni, 24 mai, \u00een unit\u0103\u021bile de \u00eenv\u0103\u021b\u0103m\u00e2nt de pe raza jude\u021bului Ia\u0219i:<\/p>\n<ul style=\"text-align: justify;\">\n<li>Num\u0103r pre\u0219colari\/ elevi confirma\u021bi COVID-19 &#8211; 7<\/li>\n<\/ul>\n<ul style=\"text-align: justify;\">\n<li>Num\u0103r cadre didactice confirmate COVID-19 &#8211; 4<\/li>\n<\/ul>\n<ul style=\"text-align: justify;\">\n<li>Num\u0103r personal didactic auxiliar confirmat COVID &#8211; 19 \u2013 1<\/li>\n<\/ul>\n<ul style=\"text-align: justify;\">\n<li>Num\u0103r personal nedidactic confirmat COVID &#8211; 19 \u2013 0<\/li>\n<\/ul>\n<ul style=\"text-align: justify;\">\n<li>Num\u0103r clase de \u00eenv\u0103\u021b\u0103m\u00e2nt gimnazial, liceal, profesional sau postliceal care au cursuri suspendate din cauza confirm\u0103rii unor cazuri de infectare cu noul coronavirus \u2013 0<\/li>\n<\/ul>\n<ul style=\"text-align: justify;\">\n<li>Num\u0103r grupe de \u00eenv\u0103\u021b\u0103m\u00e2nt pre\u0219colar \/ clase de \u00eenv\u0103\u021b\u0103m\u00e2nt primar care au cursuri suspendate din cauza confirm\u0103rii unor cazuri de infectare cu noul coronavirus \u2013 1<\/li>\n<\/ul>\n<p style=\"text-align: justify;\">Unit\u0103\u021bi de \u00eenv\u0103\u021b\u0103m\u00e2nt cu grupe de \u00eenv\u0103\u021b\u0103m\u00e2nt pre\u0219colar \/ clase de \u00eenv\u0103\u021b\u0103m\u00e2nt primar suspendate din cauza confirm\u0103rii unor cazuri de infectare COVID-19:<\/p>\n<p style=\"text-align: justify;\">&#8211; \u0218coala Gimnazial\u0103 \u201cAlexandru cel Bun\u201d Ia\u0219i \u2013 1<\/p>\n<p style=\"text-align: justify;\">\u00a0\u00a0\u00a0\u00a0\u00a0\u00a0 \u00cen unit\u0103\u0163ile \u015fcolare men\u0163ionate, s-au luat urm\u0103toarele m\u0103suri:<\/p>\n<ul style=\"text-align: justify;\">\n<li>izolarea cazurilor confirmate;<\/li>\n<li>igienizarea \u015fi dezinfec\u0163ia spa\u0163iilor unit\u0103\u0163ilor \u015fcolare (clase, holuri, toalete);<\/li>\n<li>reinstruirea personalului privind regulile de igien\u0103 personal\u0103 \u015fi portul m\u0103\u015ftii de protec\u0163ie.<\/li>\n<\/ul>\n<p style=\"text-align: justify;\">\n","protected":false},"excerpt":{"rendered":"<p>Av\u00e2nd \u00een vedere prevederile Ordinului nr. 3235 din 4 februarie 2021, pentru aprobarea m\u0103surilor de&#8230; <a class=\"meta-more\" href=\"http:\/\/infois.ro\/?p=54970\">more <span class=\"meta-nav\">&raquo;<\/span><\/a><\/p>\n","protected":false},"author":2,"featured_media":45464,"comment_status":"closed","ping_status":"closed","sticky":false,"template":"","format":"standard","meta":{"footnotes":""},"categories":[12,41],"tags":[74,13025,89,40,13153],"aioseo_notices":[],"_links":{"self":[{"href":"http:\/\/infois.ro\/index.php?rest_route=\/wp\/v2\/posts\/54970"}],"collection":[{"href":"http:\/\/infois.ro\/index.php?rest_route=\/wp\/v2\/posts"}],"about":[{"href":"http:\/\/infois.ro\/index.php?rest_route=\/wp\/v2\/types\/post"}],"author":[{"embeddable":true,"href":"http:\/\/infois.ro\/index.php?rest_route=\/wp\/v2\/users\/2"}],"replies":[{"embeddable":true,"href":"http:\/\/infois.ro\/index.php?rest_route=%2Fwp%2Fv2%2Fcomments&post=54970"}],"version-history":[{"count":2,"href":"http:\/\/infois.ro\/index.php?rest_route=\/wp\/v2\/posts\/54970\/revisions"}],"predecessor-version":[{"id":54972,"href":"http:\/\/infois.ro\/index.php?rest_route=\/wp\/v2\/posts\/54970\/revisions\/54972"}],"wp:featuredmedia":[{"embeddable":true,"href":"http:\/\/infois.ro\/index.php?rest_route=\/wp\/v2\/media\/45464"}],"wp:attachment":[{"href":"http:\/\/infois.ro\/index.php?rest_route=%2Fwp%2Fv2%2Fmedia&parent=54970"}],"wp:term":[{"taxonomy":"category","embeddable":true,"href":"http:\/\/infois.ro\/index.php?rest_route=%2Fwp%2Fv2%2Fcategories&post=54970"},{"taxonomy":"post_tag","embeddable":true,"href":"http:\/\/infois.ro\/index.php?rest_route=%2Fwp%2Fv2%2Ftags&post=54970"}],"curies":[{"name":"wp","href":"https:\/\/api.w.org\/{rel}","templated":true}]}}