{"id":55047,"date":"2021-05-27T15:36:34","date_gmt":"2021-05-27T12:36:34","guid":{"rendered":"http:\/\/infois.ro\/?p=55047"},"modified":"2021-05-28T08:37:55","modified_gmt":"2021-05-28T05:37:55","slug":"opt-elevi-si-doi-profesori-confirmati-pozitiv-cu-sars-cov-2-la-iasi","status":"publish","type":"post","link":"http:\/\/infois.ro\/?p=55047","title":{"rendered":"Opt elevi \u015fi doi profesori, confirma\u0163i pozitiv cu SARS-CoV-2 la Ia\u015fi"},"content":{"rendered":"<p><a href=\"http:\/\/infois.ro\/wp-content\/uploads\/2021\/02\/elevi-cu-masca.jpg\"><img loading=\"lazy\" decoding=\"async\" class=\"alignleft  wp-image-52866\" src=\"http:\/\/infois.ro\/wp-content\/uploads\/2021\/02\/elevi-cu-masca.jpg\" alt=\"\" width=\"409\" height=\"272\" srcset=\"http:\/\/infois.ro\/wp-content\/uploads\/2021\/02\/elevi-cu-masca.jpg 640w, http:\/\/infois.ro\/wp-content\/uploads\/2021\/02\/elevi-cu-masca-300x200.jpg 300w\" sizes=\"(max-width: 409px) 100vw, 409px\" \/><\/a><\/p>\n<p style=\"text-align: justify;\">De ieri \u015fi p\u00e2n\u0103 ast\u0103zi, opt elevi \u015fi doi profesori au fost depista\u0163i pozitiv cu virusul SARS-CoV-2 \u00een jude\u0163ul Ia\u015fi, anun\u0163\u0103 Direc\u0163ia de S\u0103n\u0103tate Public\u0103. Potrivit autorit\u0103\u0163ilor sanitare, \u00een acest moment, nicio unitate de \u00eenv\u0103\u0163\u0103m\u00e2nt din jude\u0163 nu este \u00eenchis\u0103 din cauza pandemiei de coronavirus.<\/p>\n<p style=\"text-align: justify;\">\n<p style=\"text-align: justify;\"><strong>Cazuri de COVID-19 confirmate \u00een momentul de fa\u021b\u0103 \u00een jude\u0163ul Ia\u015fi:\u00a0\u00a0\u00a0\u00a0 <\/strong><\/p>\n<p style=\"text-align: justify;\"><strong>\u00a0<\/strong><\/p>\n<ul style=\"text-align: justify;\">\n<li>Num\u0103r pre\u0219colari\/ elevi confirma\u021bi COVID-19 &#8211; 8<\/li>\n<\/ul>\n<p style=\"text-align: justify;\">\n<ul style=\"text-align: justify;\">\n<li>Num\u0103r cadre didactice confirmate COVID-19 &#8211; 2<\/li>\n<\/ul>\n<p style=\"text-align: justify;\">\n<ul style=\"text-align: justify;\">\n<li>Num\u0103r personal didactic auxiliar confirmat COVID &#8211; 19 \u2013 0<\/li>\n<\/ul>\n<p style=\"text-align: justify;\">\n<ul style=\"text-align: justify;\">\n<li>Num\u0103r personal nedidactic confirmat COVID &#8211; 19 \u2013 0<\/li>\n<\/ul>\n<p style=\"text-align: justify;\">\n<ul style=\"text-align: justify;\">\n<li>Num\u0103r clase de \u00eenv\u0103\u021b\u0103m\u00e2nt gimnazial, liceal, profesional sau postliceal care au cursuri suspendate din cauza confirm\u0103rii unor cazuri de infectare cu noul coronavirus \u2013 0<\/li>\n<\/ul>\n<p style=\"text-align: justify;\">\n<ul style=\"text-align: justify;\">\n<li>Num\u0103r grupe de \u00eenv\u0103\u021b\u0103m\u00e2nt pre\u0219colar \/ clase de \u00eenv\u0103\u021b\u0103m\u00e2nt primar care au cursuri suspendate din cauza confirm\u0103rii unor cazuri de infectare cu noul coronavirus \u2013 0<\/li>\n<\/ul>\n<p style=\"text-align: justify;\">\n<p style=\"text-align: justify;\">\u00a0\u00a0\u00a0\u00a0\u00a0\u00a0 \u00cen unit\u0103\u0163ile \u015fcolare men\u0163ionate, s-au luat urm\u0103toarele m\u0103suri:<\/p>\n<ul style=\"text-align: justify;\">\n<li>izolarea cazurilor confirmate;<\/li>\n<li>igienizarea \u015fi dezinfec\u0163ia spa\u0163iilor unit\u0103\u0163ilor \u015fcolare (clase, holuri, toalete);<\/li>\n<li>reinstruirea personalului privind regulile de igien\u0103 personal\u0103 \u015fi portul m\u0103\u015ftii de protec\u0163ie.<\/li>\n<\/ul>\n<p style=\"text-align: justify;\">\n<p style=\"text-align: justify;\">\n","protected":false},"excerpt":{"rendered":"<p>De ieri \u015fi p\u00e2n\u0103 ast\u0103zi, opt elevi \u015fi doi profesori au fost depista\u0163i pozitiv cu&#8230; <a class=\"meta-more\" href=\"http:\/\/infois.ro\/?p=55047\">more <span class=\"meta-nav\">&raquo;<\/span><\/a><\/p>\n","protected":false},"author":2,"featured_media":52866,"comment_status":"closed","ping_status":"closed","sticky":false,"template":"","format":"standard","meta":{"footnotes":""},"categories":[12,41],"tags":[74,13025,89,40,4622,13265],"aioseo_notices":[],"_links":{"self":[{"href":"http:\/\/infois.ro\/index.php?rest_route=\/wp\/v2\/posts\/55047"}],"collection":[{"href":"http:\/\/infois.ro\/index.php?rest_route=\/wp\/v2\/posts"}],"about":[{"href":"http:\/\/infois.ro\/index.php?rest_route=\/wp\/v2\/types\/post"}],"author":[{"embeddable":true,"href":"http:\/\/infois.ro\/index.php?rest_route=\/wp\/v2\/users\/2"}],"replies":[{"embeddable":true,"href":"http:\/\/infois.ro\/index.php?rest_route=%2Fwp%2Fv2%2Fcomments&post=55047"}],"version-history":[{"count":1,"href":"http:\/\/infois.ro\/index.php?rest_route=\/wp\/v2\/posts\/55047\/revisions"}],"predecessor-version":[{"id":55048,"href":"http:\/\/infois.ro\/index.php?rest_route=\/wp\/v2\/posts\/55047\/revisions\/55048"}],"wp:featuredmedia":[{"embeddable":true,"href":"http:\/\/infois.ro\/index.php?rest_route=\/wp\/v2\/media\/52866"}],"wp:attachment":[{"href":"http:\/\/infois.ro\/index.php?rest_route=%2Fwp%2Fv2%2Fmedia&parent=55047"}],"wp:term":[{"taxonomy":"category","embeddable":true,"href":"http:\/\/infois.ro\/index.php?rest_route=%2Fwp%2Fv2%2Fcategories&post=55047"},{"taxonomy":"post_tag","embeddable":true,"href":"http:\/\/infois.ro\/index.php?rest_route=%2Fwp%2Fv2%2Ftags&post=55047"}],"curies":[{"name":"wp","href":"https:\/\/api.w.org\/{rel}","templated":true}]}}