{"id":55167,"date":"2021-06-03T11:58:25","date_gmt":"2021-06-03T08:58:25","guid":{"rendered":"http:\/\/infois.ro\/?p=55167"},"modified":"2021-06-03T12:00:36","modified_gmt":"2021-06-03T09:00:36","slug":"9-ani-de-palas-iasi-o-investitie-de-310-milioane-de-euro-o-contributie-la-bugetul-local-si-de-stat-de-396-milioane-euro-peste-9-000-de-locuri-de-munca-si-un-oras-pus-pe-harta-investitiilor-globale","status":"publish","type":"post","link":"http:\/\/infois.ro\/?p=55167","title":{"rendered":"9 ani de Palas Ia\u0219i: o investi\u021bie de 310 milioane de euro, o contribu\u021bie la bugetul local \u0219i de stat de 39,6 milioane euro, peste 9.000 de locuri de munc\u0103 \u0219i un ora\u0219 pus pe harta investi\u021biilor globale"},"content":{"rendered":"<p><a href=\"http:\/\/infois.ro\/wp-content\/uploads\/2021\/06\/Palas-Iasi-01.jpg\"><img loading=\"lazy\" decoding=\"async\" class=\"alignleft wp-image-55168\" src=\"http:\/\/infois.ro\/wp-content\/uploads\/2021\/06\/Palas-Iasi-01.jpg\" alt=\"\" width=\"304\" height=\"203\" srcset=\"http:\/\/infois.ro\/wp-content\/uploads\/2021\/06\/Palas-Iasi-01.jpg 640w, http:\/\/infois.ro\/wp-content\/uploads\/2021\/06\/Palas-Iasi-01-300x200.jpg 300w\" sizes=\"(max-width: 304px) 100vw, 304px\" \/><\/a><\/p>\n<p style=\"text-align: justify;\"><strong><em>Pe 31 mai, Palas Ia\u0219i a aniversat 9 ani de la inaugurare, materializa\u021bi prin proiecte ambi\u021bioase \u0219i inovatoare, crearea de oportunit\u0103\u021bi economice \u0219i sociale pentru ora\u0219, precum \u0219i printr-o abordare integrat\u0103 a ceea ce \u00eenseamn\u0103 dezvoltare urban\u0103 \u0219i economic\u0103. \u00cen cei 9 ani de existen\u021b\u0103, Palas Ia\u0219i a repus capitala Moldovei pe harta ora\u0219elor europene \u00een care merit\u0103 s\u0103 investe\u0219ti, s\u0103 munce\u0219ti \u0219i s\u0103 tr\u0103ie\u0219ti, Ia\u0219ul fiind \u00een prezent al doilea cel mai bun ora\u0219 din Europa pentru investi\u021biile \u00een new-tech*, prin crearea a 75.600 mp de spa\u021bii office premium. <\/em><\/strong><\/p>\n<p style=\"text-align: justify;\"><strong><em>\u00a0<a href=\"http:\/\/infois.ro\/wp-content\/uploads\/2021\/06\/Palas-Iasi-02.jpg\"><img loading=\"lazy\" decoding=\"async\" class=\"wp-image-55169 alignright\" src=\"http:\/\/infois.ro\/wp-content\/uploads\/2021\/06\/Palas-Iasi-02.jpg\" alt=\"\" width=\"283\" height=\"188\" srcset=\"http:\/\/infois.ro\/wp-content\/uploads\/2021\/06\/Palas-Iasi-02.jpg 640w, http:\/\/infois.ro\/wp-content\/uploads\/2021\/06\/Palas-Iasi-02-300x200.jpg 300w\" sizes=\"(max-width: 283px) 100vw, 283px\" \/><\/a><\/em><\/strong><\/p>\n<p style=\"text-align: justify;\">G\u00e2ndit \u00eenc\u0103 de la \u00eenceput ca un proiect de regenerare urban\u0103, cu multiple func\u021biuni \u2013 office, retail, entertainment \u2013, Palas Ia\u0219i a marcat un pionierat \u00een Rom\u00e2nia \u00een materie de dezvoltare real estate, iar impactul s\u0103u poate fi privit din perspectiv\u0103 economic\u0103, social\u0103 \u0219i urban\u0103.<\/p>\n<p style=\"text-align: justify;\"><strong>Amprenta economic\u0103 a Palas Ia\u0219i \u00een 9 ani de existen\u021b\u0103<\/strong><\/p>\n<p style=\"text-align: justify;\"><strong>\u00a0<a href=\"http:\/\/infois.ro\/wp-content\/uploads\/2021\/06\/Infografic_Orase-Renascute_Palas-Iasi.jpg\"><img loading=\"lazy\" decoding=\"async\" class=\"alignleft wp-image-55171\" src=\"http:\/\/infois.ro\/wp-content\/uploads\/2021\/06\/Infografic_Orase-Renascute_Palas-Iasi.jpg\" alt=\"\" width=\"283\" height=\"413\" srcset=\"http:\/\/infois.ro\/wp-content\/uploads\/2021\/06\/Infografic_Orase-Renascute_Palas-Iasi.jpg 640w, http:\/\/infois.ro\/wp-content\/uploads\/2021\/06\/Infografic_Orase-Renascute_Palas-Iasi-206x300.jpg 206w\" sizes=\"(max-width: 283px) 100vw, 283px\" \/><\/a><\/strong><\/p>\n<p style=\"text-align: justify;\">Cu <strong>o investi\u021bie de 310 milioane de euro,<\/strong> din care aproximativ <strong>85 de milioane euro<\/strong> au fost alocate construc\u021biei <strong>celei mai mari parc\u0103ri subterane din \u021bar\u0103,<\/strong> cu cinci niveluri \u0219i 2.500 de locuri, unei <strong>gr\u0103dini urbane de 5 hectare<\/strong>, moderniz\u0103rii re\u021belei de utilit\u0103\u021bi \u0219i lucr\u0103rilor de consolidare a cl\u0103dirilor istorice din zon\u0103, ansamblul <strong>Palas Ia\u0219i<\/strong> a generat \u00een cei 9 ani <strong>un impact financiar direct<\/strong> care dep\u0103\u0219e\u0219te <strong>39,6 milioane de euro<\/strong>, reprezent\u00e2nd contribu\u021bia la bugetul local \u0219i la cel de stat, inclusiv cota de asociere, la zi, c\u0103tre Prim\u0103ria Municipiului Ia\u0219i.<\/p>\n<p style=\"text-align: justify;\">Ansamblul mixed-use Palas a lansat brandul <strong>United Business Center (UBC)<\/strong>, devenit ulterior re\u021bea na\u021bional\u0103 pe segmentul office, care s-a impus drept centru regional de business \u0219i a contribuit la infrastructura de birouri a ora\u0219ului cu <strong>7 cl\u0103diri certificate dup\u0103 standardele de sustenabilitate LEED<\/strong>, ce \u00eensumeaz\u0103 <strong>75.600 mp \u00eenchiriabili<\/strong>. Este o contribu\u021bie semnificativ\u0103 la atractivitatea investi\u021bional\u0103 a regiunii, care s-a format dintr-o comunitate de peste <strong>50 de companii globale<\/strong>, cu <strong>peste 8.000 de angaja\u021bi<\/strong>. Cifre care s-au tradus \u00eentr-un aport real, constant \u0219i major \u00een cre\u0219terea calit\u0103\u021bii vie\u021bii \u0219i \u00een reten\u021bia talentelor locale.<\/p>\n<p style=\"text-align: justify;\">Proiectul prin care s-a lansat conceptul de lifestyle center \u00een Rom\u00e2nia a adus pentru prima dat\u0103 \u00een inima Moldovei <strong>peste 270 de branduri<\/strong>, iar \u00een componenta de retail lucreaz\u0103 peste <strong>1.000 de persoane<\/strong>. \u00cen total, <strong>9.000 de persoane<\/strong> au ca destina\u021bie zilnic\u0103 de lucru ansamblul din centrul Ia\u0219ului.<\/p>\n<p style=\"text-align: justify;\"><a href=\"http:\/\/infois.ro\/wp-content\/uploads\/2021\/06\/Palas-Campus.jpg\"><img loading=\"lazy\" decoding=\"async\" class=\"wp-image-55172 alignright\" src=\"http:\/\/infois.ro\/wp-content\/uploads\/2021\/06\/Palas-Campus.jpg\" alt=\"\" width=\"354\" height=\"199\" srcset=\"http:\/\/infois.ro\/wp-content\/uploads\/2021\/06\/Palas-Campus.jpg 640w, http:\/\/infois.ro\/wp-content\/uploads\/2021\/06\/Palas-Campus-300x168.jpg 300w, http:\/\/infois.ro\/wp-content\/uploads\/2021\/06\/Palas-Campus-140x80.jpg 140w\" sizes=\"(max-width: 354px) 100vw, 354px\" \/><\/a><\/p>\n<p style=\"text-align: justify;\">\u00cen 2020, IULIUS a lansat lucr\u0103rile la <strong>Palas Campus<\/strong>, <strong>cea mai mare cl\u0103dire office<\/strong> ca suprafa\u021b\u0103 din Rom\u00e2nia \u2013 <strong>54.000 mp office, 6.000 mp retail<\/strong> \u2013, o extindere fireasc\u0103 a Palas Ia\u0219i. Investi\u021bia de peste <strong>120 de milioane de euro, <\/strong>ce va fi<strong> livrat\u0103 \u00een 2022,<\/strong> este g\u00e2ndit\u0103 ca un proiect complex de revitalizare a unei zone centrale insuficient dezvoltate, printr-un concept mixed-use \u00een sine, care s\u0103 o redea comunit\u0103\u021bii. De altfel, Palas Campus este \u0219i <strong>prima investi\u021bie autohton\u0103 care a primit un credit verde acordat de c\u0103tre International Finance Corporation, parte a B\u0103ncii Mondiale,<\/strong> pentru dezvoltare sustenabil\u0103. Peste <strong>5.000 de noi locuri de munc\u0103<\/strong> vor fi create aici, impactul noului proiect fiind \u0219i la nivel de infrastructur\u0103 \u0219i mobilitate urban\u0103, prin <strong>investi\u021bii de 35 milioane de euro. <\/strong><\/p>\n<p style=\"text-align: justify;\"><strong>Palas Ia\u0219i, inima ora\u0219ului \u0219i a comunit\u0103\u021bii<\/strong><\/p>\n<p style=\"text-align: justify;\"><a href=\"http:\/\/infois.ro\/wp-content\/uploads\/2021\/06\/Evenimente-Palas-Iasi.jpg\"><img loading=\"lazy\" decoding=\"async\" class=\"alignleft wp-image-55170\" src=\"http:\/\/infois.ro\/wp-content\/uploads\/2021\/06\/Evenimente-Palas-Iasi.jpg\" alt=\"\" width=\"339\" height=\"226\" srcset=\"http:\/\/infois.ro\/wp-content\/uploads\/2021\/06\/Evenimente-Palas-Iasi.jpg 640w, http:\/\/infois.ro\/wp-content\/uploads\/2021\/06\/Evenimente-Palas-Iasi-300x200.jpg 300w\" sizes=\"(max-width: 339px) 100vw, 339px\" \/><\/a><\/p>\n<p style=\"text-align: justify;\">Cu peste <strong>19 milioane de vizite anual<\/strong>, Palas Ia\u0219i este cel mai vibrant loc al Ia\u0219ului \u0219i punctul de \u00eent\u00e2lnire al comunit\u0103\u021bii, acesta fiind unul dintre principalii generatori de evenimente sociale \u0219i culturale ale ora\u0219ului. Odat\u0103 cu inaugurarea proiectului, ie\u0219enii au primit <strong>o gr\u0103din\u0103 spectaculoas\u0103 de 5 hectare<\/strong>, de inspira\u021bie renascentist\u0103, a\u0219a cum doar \u00een marile metropole ale lumii putem \u00eent\u00e2lni, unde sunt expuse \u0219i vestigiile fostei Cur\u021bi Domne\u0219ti \u0219i unde, anual, se organizeaz\u0103 nenum\u0103rate evenimente, caravane cinematografice, concerte ale Filarmonicii, campionate sportive, festivaluri de food \u0219i de muzic\u0103, proiec\u021bii 3D, spectacole etc.<\/p>\n<p style=\"text-align: justify;\">Tot pentru a veni \u00een \u00eent\u00e2mpinarea nevoii comunit\u0103\u021bii pentru infrastructur\u0103 cultural\u0103 \u0219i de divertisment, \u00een 2017 a fost inaugurat <strong>Amfiteatrul Palas, cu 460 de locuri, o investi\u021bie de 1,2 milioane de euro.<\/strong> De altfel, \u00een pandemie, parcul Palas \u0219i Amfiteatrul au devenit locurile unde au putut fi organizate \u00een siguran\u021b\u0103 evenimente culturale, educa\u021bionale \u0219i artistice.<\/p>\n<p style=\"text-align: justify;\"><a href=\"http:\/\/infois.ro\/wp-content\/uploads\/2021\/06\/Amfiteatrul-Palas-Iasi.jpg\"><img loading=\"lazy\" decoding=\"async\" class=\"wp-image-55173 alignright\" src=\"http:\/\/infois.ro\/wp-content\/uploads\/2021\/06\/Amfiteatrul-Palas-Iasi.jpg\" alt=\"\" width=\"384\" height=\"256\" srcset=\"http:\/\/infois.ro\/wp-content\/uploads\/2021\/06\/Amfiteatrul-Palas-Iasi.jpg 640w, http:\/\/infois.ro\/wp-content\/uploads\/2021\/06\/Amfiteatrul-Palas-Iasi-300x200.jpg 300w\" sizes=\"(max-width: 384px) 100vw, 384px\" \/><\/a><\/p>\n<p style=\"text-align: justify;\">Ca parte a angajamentului pentru comunitate, <strong>Palas Ia\u0219i<\/strong> a lansat <strong>programe \u0219i proiecte de promovare a oportunit\u0103\u021bilor pe care le ofer\u0103 ora\u0219ul pentru tineri<\/strong>: caravane \u00een regiune pentru promovarea Universit\u0103\u021bilor, S\u0103pt\u0103m\u00e2na Por\u021bilor Deschise la UBC, T\u00e2rg de meserii, programe de training, mentorat \u0219i internship pentru elevi \u0219i studen\u021bi \u0219i multe altele.<\/p>\n<p style=\"text-align: justify;\">\u00cen 2019, ca urmare a recenziilor foarte bune din partea turi\u0219tilor, ob\u021binute constant, TripAdvisor a oferit Palas Ia\u0219i distinc\u021bia \u201eHall of Fame\u201d, titlu care se acord\u0103 dup\u0103 ob\u021binerea timp de cinci ani consecutivi a \u201eCertificatului de Excelen\u021b\u0103\u2019\u2019.<\/p>\n<p style=\"text-align: justify;\"><strong>\u00a0<\/strong><\/p>\n<p style=\"text-align: justify;\"><strong>*Sursa: clasamentul Tech Cities of the Future 2020\/2021 &#8211; fDi Intelligence \u0219i TNW<\/strong><\/p>\n<p style=\"text-align: justify;\">\n","protected":false},"excerpt":{"rendered":"<p>Pe 31 mai, Palas Ia\u0219i a aniversat 9 ani de la inaugurare, materializa\u021bi prin proiecte&#8230; <a class=\"meta-more\" href=\"http:\/\/infois.ro\/?p=55167\">more <span class=\"meta-nav\">&raquo;<\/span><\/a><\/p>\n","protected":false},"author":2,"featured_media":55168,"comment_status":"closed","ping_status":"closed","sticky":false,"template":"","format":"standard","meta":{"footnotes":""},"categories":[6,41],"tags":[74,3709,40,1583,541,100],"aioseo_notices":[],"_links":{"self":[{"href":"http:\/\/infois.ro\/index.php?rest_route=\/wp\/v2\/posts\/55167"}],"collection":[{"href":"http:\/\/infois.ro\/index.php?rest_route=\/wp\/v2\/posts"}],"about":[{"href":"http:\/\/infois.ro\/index.php?rest_route=\/wp\/v2\/types\/post"}],"author":[{"embeddable":true,"href":"http:\/\/infois.ro\/index.php?rest_route=\/wp\/v2\/users\/2"}],"replies":[{"embeddable":true,"href":"http:\/\/infois.ro\/index.php?rest_route=%2Fwp%2Fv2%2Fcomments&post=55167"}],"version-history":[{"count":6,"href":"http:\/\/infois.ro\/index.php?rest_route=\/wp\/v2\/posts\/55167\/revisions"}],"predecessor-version":[{"id":55179,"href":"http:\/\/infois.ro\/index.php?rest_route=\/wp\/v2\/posts\/55167\/revisions\/55179"}],"wp:featuredmedia":[{"embeddable":true,"href":"http:\/\/infois.ro\/index.php?rest_route=\/wp\/v2\/media\/55168"}],"wp:attachment":[{"href":"http:\/\/infois.ro\/index.php?rest_route=%2Fwp%2Fv2%2Fmedia&parent=55167"}],"wp:term":[{"taxonomy":"category","embeddable":true,"href":"http:\/\/infois.ro\/index.php?rest_route=%2Fwp%2Fv2%2Fcategories&post=55167"},{"taxonomy":"post_tag","embeddable":true,"href":"http:\/\/infois.ro\/index.php?rest_route=%2Fwp%2Fv2%2Ftags&post=55167"}],"curies":[{"name":"wp","href":"https:\/\/api.w.org\/{rel}","templated":true}]}}