{"id":55396,"date":"2021-06-13T08:53:43","date_gmt":"2021-06-13T05:53:43","guid":{"rendered":"http:\/\/infois.ro\/?p=55396"},"modified":"2021-06-13T18:56:23","modified_gmt":"2021-06-13T15:56:23","slug":"ministrul-educatiei-nationale-sorin-cimpeanu-in-vizita-de-lucru-la-iasi","status":"publish","type":"post","link":"http:\/\/infois.ro\/?p=55396","title":{"rendered":"Ministrul Educa\u0163iei Na\u0163ionale, Sorin C\u00eempeanu, \u00een vizit\u0103 de lucru la Ia\u015fi"},"content":{"rendered":"<p><a href=\"http:\/\/infois.ro\/wp-content\/uploads\/2021\/06\/vizita-cimpeanu.jpg\"><img loading=\"lazy\" decoding=\"async\" class=\"alignleft  wp-image-55397\" src=\"http:\/\/infois.ro\/wp-content\/uploads\/2021\/06\/vizita-cimpeanu.jpg\" alt=\"\" width=\"370\" height=\"245\" srcset=\"http:\/\/infois.ro\/wp-content\/uploads\/2021\/06\/vizita-cimpeanu.jpg 640w, http:\/\/infois.ro\/wp-content\/uploads\/2021\/06\/vizita-cimpeanu-300x199.jpg 300w\" sizes=\"(max-width: 370px) 100vw, 370px\" \/><\/a><\/p>\n<p style=\"text-align: justify;\">Aflat \u00een vizit\u0103 \u00een jude\u0163ul Ia\u015fi, ministrul Educa\u0163iei Na\u0163ionale, Sorin C\u00eempeanu, a participat s\u00e2mb\u0103t\u0103, 12 iunie, la \u00eent\u00e2lnirea de lucru cu inspectorii \u0219colari generali din Regiunea de Nord-Est.<\/p>\n<p style=\"text-align: justify;\">\n<p style=\"text-align: justify;\">La eveniment, care s-a desaf\u0103\u015furat \u00een sala de \u015fedin\u0163e a Inspectoratului \u015ecolar Jude\u0163ean Ia\u015fi,\u00a0 au fost prezen\u0163i, printre al\u0163ii, Liliana Romaniuc, consilier al ministrului Educa\u0163iei \u015fi Cercet\u0103rii, Luciana Antoci, inspector \u015fcolar general al I\u015eJ Ia\u015fi, Florentin-Traian Ciobotaru, Cristian Prav\u0103\u021b &#8211; inspectori \u015fcolari generali adjunc\u021bi ai I\u015eJ Ia\u015fi, precum \u015fi Silviu Iordache, directorul Casei Corpului Didactic (CCD) Ia\u0219i.<\/p>\n<p style=\"text-align: justify;\">\n<p style=\"text-align: justify;\">Vizita de lucru a ministrului Sorin C\u00eempeanu la Ia\u015fi a continuat cu o dezbatere av\u00e2nd ca tem\u0103 metodologia de organizare \u0219i desf\u0103\u0219urare a concursului pentru ocuparea func\u021biilor de director \u0219i director adjunct din unit\u0103\u021bile de \u00eenv\u0103\u021b\u0103m\u00e2nt preuniversitar, la care au luat parte reprezentan\u021bi ai sindicatelor, p\u0103rin\u021bilor, elevilor, ONG-urilor, mediului de afaceri, directorilor din \u00eenv\u0103\u021b\u0103m\u00e2ntul preuniversitar ie\u0219ean, precum \u0219i ai Camerei de Comer\u021b \u0219i Industrie (CCI) Ia\u0219i.<\/p>\n<p style=\"text-align: justify;\">\n<p style=\"text-align: justify;\">Dup\u0103 \u00eent\u00e2lnirea de lucru de la Inspectoratul \u015ecolar Jude\u0163ean, ministrul Educa\u0163iei \u015fi Cercet\u0103rii a participat la \u00eent\u00e2lnirea organizat\u0103 la Universitatea de Arte \u201cGeorge Enescu\u201d privind constituirea Consor\u0163iului Universitar \u201cArte\u201d, care are ca scop dezvoltarea colabor\u0103rii \u00een domeniile \u0219tiin\u021bific \u0219i didactic \u00eentre universit\u0103\u021bile cu prifil voca\u0163ional, prin promovarea valorilor comune \u0219i realizarea proiectelor \u00een parteneriat.<\/p>\n<p style=\"text-align: justify;\">\n","protected":false},"excerpt":{"rendered":"<p>Aflat \u00een vizit\u0103 \u00een jude\u0163ul Ia\u015fi, ministrul Educa\u0163iei Na\u0163ionale, Sorin C\u00eempeanu, a participat s\u00e2mb\u0103t\u0103, 12&#8230; <a class=\"meta-more\" href=\"http:\/\/infois.ro\/?p=55396\">more <span class=\"meta-nav\">&raquo;<\/span><\/a><\/p>\n","protected":false},"author":2,"featured_media":55397,"comment_status":"closed","ping_status":"closed","sticky":false,"template":"","format":"standard","meta":{"footnotes":""},"categories":[12,41],"tags":[74,271,40,7088,14385],"aioseo_notices":[],"_links":{"self":[{"href":"http:\/\/infois.ro\/index.php?rest_route=\/wp\/v2\/posts\/55396"}],"collection":[{"href":"http:\/\/infois.ro\/index.php?rest_route=\/wp\/v2\/posts"}],"about":[{"href":"http:\/\/infois.ro\/index.php?rest_route=\/wp\/v2\/types\/post"}],"author":[{"embeddable":true,"href":"http:\/\/infois.ro\/index.php?rest_route=\/wp\/v2\/users\/2"}],"replies":[{"embeddable":true,"href":"http:\/\/infois.ro\/index.php?rest_route=%2Fwp%2Fv2%2Fcomments&post=55396"}],"version-history":[{"count":1,"href":"http:\/\/infois.ro\/index.php?rest_route=\/wp\/v2\/posts\/55396\/revisions"}],"predecessor-version":[{"id":55398,"href":"http:\/\/infois.ro\/index.php?rest_route=\/wp\/v2\/posts\/55396\/revisions\/55398"}],"wp:featuredmedia":[{"embeddable":true,"href":"http:\/\/infois.ro\/index.php?rest_route=\/wp\/v2\/media\/55397"}],"wp:attachment":[{"href":"http:\/\/infois.ro\/index.php?rest_route=%2Fwp%2Fv2%2Fmedia&parent=55396"}],"wp:term":[{"taxonomy":"category","embeddable":true,"href":"http:\/\/infois.ro\/index.php?rest_route=%2Fwp%2Fv2%2Fcategories&post=55396"},{"taxonomy":"post_tag","embeddable":true,"href":"http:\/\/infois.ro\/index.php?rest_route=%2Fwp%2Fv2%2Ftags&post=55396"}],"curies":[{"name":"wp","href":"https:\/\/api.w.org\/{rel}","templated":true}]}}