{"id":56601,"date":"2021-08-20T16:18:14","date_gmt":"2021-08-20T13:18:14","guid":{"rendered":"http:\/\/infois.ro\/?p=56601"},"modified":"2021-08-22T06:20:31","modified_gmt":"2021-08-22T03:20:31","slug":"importante-investitii-in-domeniul-educatiei-realizate-cu-fonduri-de-la-bugetul-local","status":"publish","type":"post","link":"http:\/\/infois.ro\/?p=56601","title":{"rendered":"Importante investi\u0163ii \u00een domeniul educa\u0163iei, realizate cu fonduri de la bugetul local"},"content":{"rendered":"<p><a href=\"http:\/\/infois.ro\/wp-content\/uploads\/2021\/08\/gradinita-bucium-lucrari.jpg\"><img loading=\"lazy\" decoding=\"async\" class=\"alignleft  wp-image-56602\" src=\"http:\/\/infois.ro\/wp-content\/uploads\/2021\/08\/gradinita-bucium-lucrari.jpg\" alt=\"\" width=\"414\" height=\"233\" srcset=\"http:\/\/infois.ro\/wp-content\/uploads\/2021\/08\/gradinita-bucium-lucrari.jpg 640w, http:\/\/infois.ro\/wp-content\/uploads\/2021\/08\/gradinita-bucium-lucrari-300x169.jpg 300w, http:\/\/infois.ro\/wp-content\/uploads\/2021\/08\/gradinita-bucium-lucrari-140x80.jpg 140w\" sizes=\"(max-width: 414px) 100vw, 414px\" \/><\/a><\/p>\n<p style=\"text-align: justify;\">\u00cen acest an, Prim\u0103ria Municipiului Ia\u015fi a alocat sume importante de la bugetul local pentru investi\u0163ii \u00een educa\u0163ie, respectiv pentru construc\u0163ia de noi unit\u0103\u0163i \u015fi dotarea cu material didactic a acestora.<\/p>\n<p style=\"text-align: justify;\">Astfel, printre obiectivele aflate pe lista de investi\u0163ii a municipalit\u0103\u0163ii se num\u0103r\u0103 construc\u0163ia Gr\u0103dini\u021bei cu program prelungit din cartierul Bucium, \u00een zona \u0218colii \u201eVeronica Micle\u201d, proiect \u00een valoare total\u0103 de 5.963.205,99 lei, cu termen de finalizare 36 de luni, care va asigura, \u00een final, 180 de locuri noi pentru pre\u015fcolari,\u00a0 la care se adaug\u0103 construirea \u015fi amenajarea locului de joac\u0103 pentru copii aferent acestei unit\u0103\u0163i de \u00eenv\u0103\u0163\u0103m\u00e2nt pre\u0219colar, modernizarea campusului \u0219colar tehnic de la \u00a0Colegiul Tehnic \u201eGheorghe Asachi\u201d, \u00een valoare total\u0103 de 7.392.942,93 lei, care constau \u00een modernizarea a dou\u0103 cl\u0103diri de ateliere scoase \u00een prezent din uz din cauza st\u0103rii tehnice improprii \u015fi care, prin consolidare, reabilitare, modernizare \u0219i dotare, vor asigura spa\u021biile necesare pentru laboratoare \/ ateliere, dar \u0219i pentru s\u0103li de curs, precum \u015fi construirea unei s\u0103li de sport cu o suprafa\u0163\u0103 de 1.508 metri p\u0103tra\u0163i de la \u0218coala Gimnazial\u0103 \u201eTitu Maiorescu\u201d, proiect cu o valoare total\u0103 de 6.370.000 lei.<\/p>\n<p style=\"text-align: justify;\">\n<p style=\"text-align: justify;\">Alte investi\u0163ii se refer\u0103 la construirea unei s\u0103li de sport la \u0218coala Gimnazial\u0103 \u201eIon Creang\u0103\u201d (2.277.640,37 lei), extinderea \u0219i modernizarea Cre\u0219ei nr. 1 \u201eUniversul copiilor\u201d, cu o valoare de circa 2,15 milioane de lei, precum \u015fi consolidarea \u0219i reabilitarea Liceul Teoretic \u201eDimitrie Cantemir\u201d, proiect \u00een valoare de 6.544.240,89 lei.<\/p>\n<p style=\"text-align: justify;\">\n<p style=\"text-align: justify;\">Un alt proiect important aflat pe lista de investi\u0163ii a Prim\u0103riei \u00eel constituie construirea \u0219i echiparea unei gr\u0103dini\u021be \u00een zona Dacia, \u00een valoare total\u0103 de 6.952.864,61 lei (circa 1,65 milioane euro), cea mai mare parte a sumei fiind finan\u021bat\u0103 prin Programul Opera\u021bional Regional 2014 \u2013 2020 \u2013 Axa 4.4, contractul de finan\u021bare european\u0103 fiind semnat de primarul Mihai Chirica pe 27 februarie 2020. Durata de implementarea a proiectului este de 36 de luni, din care 30 de luni reprezint\u0103 durata de execu\u0163ie a lucr\u0103rilor. Construc\u021bia gr\u0103dini\u021bei este realizat\u0103 de Stasform Consult SRL Vaslui \u00een cadrul unui contract \u00een valoare de 5.259.838,51 lei, f\u0103r\u0103 TVA (6.259.207,82 lei, cu TVA).<\/p>\n<p style=\"text-align: justify;\">Investi\u0163ia const\u0103 \u00een ridicarea unui corp de cl\u0103dire P+E cu o suprafa\u0163\u0103 construit\u0103 de 1.166,6 metri p\u0103tra\u021bi, o suprafa\u0163\u0103 construit\u0103 desf\u0103\u015furat\u0103 de 2.375 metri p\u0103tra\u021bi \u015fi care va cuprinde 14 s\u0103li de grup\u0103. Construirea acestei gr\u0103dini\u0163e va duce la crearea a 280 de locuri pentru \u00eenv\u0103\u0163\u0103m\u00e2ntul pre\u015fcolar. De asemenea, proiectul include echiparea func\u0163ionalului \u015fcolar \u015fi amenajarea unui spa\u0163iu de joac\u0103 pentru copii. Terenul amenajat prin proiect are o suprafa\u021b\u0103 de 4.420 metri p\u0103tra\u021bi \u0219i se afl\u0103 \u00een zona str\u0103zilor Tabacului \u0219i Prof. I. Simionescu, l\u00e2ng\u0103 Sec\u021bia 1 Poli\u021bie.<\/p>\n","protected":false},"excerpt":{"rendered":"<p>\u00cen acest an, Prim\u0103ria Municipiului Ia\u015fi a alocat sume importante de la bugetul local pentru&#8230; <a class=\"meta-more\" href=\"http:\/\/infois.ro\/?p=56601\">more <span class=\"meta-nav\">&raquo;<\/span><\/a><\/p>\n","protected":false},"author":2,"featured_media":56602,"comment_status":"closed","ping_status":"closed","sticky":false,"template":"","format":"standard","meta":{"footnotes":""},"categories":[12,41],"tags":[74,5153,271,395,40,1583],"aioseo_notices":[],"_links":{"self":[{"href":"http:\/\/infois.ro\/index.php?rest_route=\/wp\/v2\/posts\/56601"}],"collection":[{"href":"http:\/\/infois.ro\/index.php?rest_route=\/wp\/v2\/posts"}],"about":[{"href":"http:\/\/infois.ro\/index.php?rest_route=\/wp\/v2\/types\/post"}],"author":[{"embeddable":true,"href":"http:\/\/infois.ro\/index.php?rest_route=\/wp\/v2\/users\/2"}],"replies":[{"embeddable":true,"href":"http:\/\/infois.ro\/index.php?rest_route=%2Fwp%2Fv2%2Fcomments&post=56601"}],"version-history":[{"count":1,"href":"http:\/\/infois.ro\/index.php?rest_route=\/wp\/v2\/posts\/56601\/revisions"}],"predecessor-version":[{"id":56603,"href":"http:\/\/infois.ro\/index.php?rest_route=\/wp\/v2\/posts\/56601\/revisions\/56603"}],"wp:featuredmedia":[{"embeddable":true,"href":"http:\/\/infois.ro\/index.php?rest_route=\/wp\/v2\/media\/56602"}],"wp:attachment":[{"href":"http:\/\/infois.ro\/index.php?rest_route=%2Fwp%2Fv2%2Fmedia&parent=56601"}],"wp:term":[{"taxonomy":"category","embeddable":true,"href":"http:\/\/infois.ro\/index.php?rest_route=%2Fwp%2Fv2%2Fcategories&post=56601"},{"taxonomy":"post_tag","embeddable":true,"href":"http:\/\/infois.ro\/index.php?rest_route=%2Fwp%2Fv2%2Ftags&post=56601"}],"curies":[{"name":"wp","href":"https:\/\/api.w.org\/{rel}","templated":true}]}}