{"id":56778,"date":"2021-08-30T12:54:43","date_gmt":"2021-08-30T09:54:43","guid":{"rendered":"http:\/\/infois.ro\/?p=56778"},"modified":"2021-08-30T12:54:43","modified_gmt":"2021-08-30T09:54:43","slug":"55-dintre-angajatii-din-invatamantul-preuniversitar-iesean-s-au-vaccinat-impotriva-covid-19","status":"publish","type":"post","link":"http:\/\/infois.ro\/?p=56778","title":{"rendered":"55% dintre angaja\u0163ii din \u00eenv\u0103\u0163\u0103m\u00e2ntul preuniversitar ie\u015fean s-au vaccinat \u00eempotriva COVID-19"},"content":{"rendered":"<p><a href=\"http:\/\/infois.ro\/wp-content\/uploads\/2021\/04\/vaccin.jpg\"><img loading=\"lazy\" decoding=\"async\" class=\"alignleft  wp-image-54324\" src=\"http:\/\/infois.ro\/wp-content\/uploads\/2021\/04\/vaccin.jpg\" alt=\"\" width=\"371\" height=\"247\" srcset=\"http:\/\/infois.ro\/wp-content\/uploads\/2021\/04\/vaccin.jpg 640w, http:\/\/infois.ro\/wp-content\/uploads\/2021\/04\/vaccin-300x200.jpg 300w\" sizes=\"(max-width: 371px) 100vw, 371px\" \/><\/a><\/p>\n<p style=\"text-align: justify;\">P\u00e2n\u0103 \u00een acest moment, \u00een jude\u021bul Ia\u0219i s-au vaccinat \u00eempotriva virusului SARS-CoV-2 un num\u0103r de 6.613 de angaja\u021bi din \u00eenv\u0103\u0163\u0103m\u00e2ntul preuniversitar (cadre didactice, personal didactic auxiliar \u0219i nedidactic), respectiv 55% din \u00eentreg personalul din \u00eenv\u0103\u021b\u0103m\u00e2nt. Pentru intensificarea procesului de vaccinare, at\u00e2t \u00een r\u00e2ndul angaja\u021bilor, c\u00e2t \u0219i al elevilor cu v\u00e2rsta peste 12 ani, conducerea Inspectoratului \u015ecolar Jude\u0163ean, \u00een parteneriat cu Direc\u021bia de S\u0103n\u0103tate Public\u0103, va derula, imediat dup\u0103 \u00eenceperea cursurilor, o campanie de vaccinare, prin deplasarea \u00een \u0219coli a unor echipe mobile, \u00een baza unui calendar prestabilit.<\/p>\n<p style=\"text-align: justify;\">\n","protected":false},"excerpt":{"rendered":"<p>P\u00e2n\u0103 \u00een acest moment, \u00een jude\u021bul Ia\u0219i s-au vaccinat \u00eempotriva virusului SARS-CoV-2 un num\u0103r de&#8230; <a class=\"meta-more\" href=\"http:\/\/infois.ro\/?p=56778\">more <span class=\"meta-nav\">&raquo;<\/span><\/a><\/p>\n","protected":false},"author":2,"featured_media":54324,"comment_status":"closed","ping_status":"closed","sticky":false,"template":"","format":"standard","meta":{"footnotes":""},"categories":[12,41],"tags":[74,13025,89,40,4622,1317],"aioseo_notices":[],"_links":{"self":[{"href":"http:\/\/infois.ro\/index.php?rest_route=\/wp\/v2\/posts\/56778"}],"collection":[{"href":"http:\/\/infois.ro\/index.php?rest_route=\/wp\/v2\/posts"}],"about":[{"href":"http:\/\/infois.ro\/index.php?rest_route=\/wp\/v2\/types\/post"}],"author":[{"embeddable":true,"href":"http:\/\/infois.ro\/index.php?rest_route=\/wp\/v2\/users\/2"}],"replies":[{"embeddable":true,"href":"http:\/\/infois.ro\/index.php?rest_route=%2Fwp%2Fv2%2Fcomments&post=56778"}],"version-history":[{"count":1,"href":"http:\/\/infois.ro\/index.php?rest_route=\/wp\/v2\/posts\/56778\/revisions"}],"predecessor-version":[{"id":56779,"href":"http:\/\/infois.ro\/index.php?rest_route=\/wp\/v2\/posts\/56778\/revisions\/56779"}],"wp:featuredmedia":[{"embeddable":true,"href":"http:\/\/infois.ro\/index.php?rest_route=\/wp\/v2\/media\/54324"}],"wp:attachment":[{"href":"http:\/\/infois.ro\/index.php?rest_route=%2Fwp%2Fv2%2Fmedia&parent=56778"}],"wp:term":[{"taxonomy":"category","embeddable":true,"href":"http:\/\/infois.ro\/index.php?rest_route=%2Fwp%2Fv2%2Fcategories&post=56778"},{"taxonomy":"post_tag","embeddable":true,"href":"http:\/\/infois.ro\/index.php?rest_route=%2Fwp%2Fv2%2Ftags&post=56778"}],"curies":[{"name":"wp","href":"https:\/\/api.w.org\/{rel}","templated":true}]}}