{"id":57978,"date":"2021-10-14T16:38:55","date_gmt":"2021-10-14T13:38:55","guid":{"rendered":"http:\/\/infois.ro\/?p=57978"},"modified":"2021-10-15T09:40:36","modified_gmt":"2021-10-15T06:40:36","slug":"doua-unitati-de-invatamant-din-municipiul-iasi-isi-suspenda-cursurile-in-format-fizic","status":"publish","type":"post","link":"http:\/\/infois.ro\/?p=57978","title":{"rendered":"Dou\u0103 unit\u0103\u021bi de \u00eenv\u0103\u021b\u0103m\u00e2nt din municipiul Ia\u0219i \u00ee\u015fi suspend\u0103 cursurile \u00een format fizic"},"content":{"rendered":"<p><a href=\"http:\/\/infois.ro\/wp-content\/uploads\/2021\/09\/cursuri-suspendate.jpg\"><img loading=\"lazy\" decoding=\"async\" class=\"alignleft  wp-image-57483\" src=\"http:\/\/infois.ro\/wp-content\/uploads\/2021\/09\/cursuri-suspendate.jpg\" alt=\"\" width=\"352\" height=\"220\" srcset=\"http:\/\/infois.ro\/wp-content\/uploads\/2021\/09\/cursuri-suspendate.jpg 640w, http:\/\/infois.ro\/wp-content\/uploads\/2021\/09\/cursuri-suspendate-300x188.jpg 300w\" sizes=\"(max-width: 352px) 100vw, 352px\" \/><\/a><\/p>\n<p style=\"text-align: justify;\">Conform Ordinului nr. 5.338 al ministrului educa\u021biei \u0219i al ministrului s\u0103n\u0103t\u0103\u021bii pentru aprobarea m\u0103surilor de organizare a activit\u0103\u021bii \u00een cadrul unit\u0103\u021bilor de \u00eenv\u0103\u021b\u0103m\u00e2nt \u00een condi\u021bii de siguran\u021b\u0103 epidemiologic\u0103 pentru prevenirea \u00eemboln\u0103virilor cu virusul SARS-CoV-2, Comitetul Jude\u021bean Pentru Situa\u021bii de Urgen\u021b\u0103 (CJSU) Ia\u0219i a adoptat o hot\u0103r\u00e2re prin care se suspend\u0103 cursurile \u201efa\u021b\u0103 \u00een fa\u021b\u0103\u201d la dou\u0103 unit\u0103\u021bi de \u00eenv\u0103\u021b\u0103m\u00e2nt din municipiul Ia\u0219i pentru o perioad\u0103 de 14 zile. \u00cen acela\u0219i timp, dou\u0103 licee \u00ee\u0219i vor relua de luni activitatea cu ore \u201efa\u021b\u0103 \u00een fa\u021b\u0103\u201d.<\/p>\n<p style=\"text-align: justify;\">\n<p style=\"text-align: justify;\">Cele dou\u0103 unit\u0103\u021bi de \u00eenv\u0103\u021b\u0103m\u00e2nt pentru care s-a luat hot\u0103r\u00e2rea de a trece la ore online sunt Colegiul Na\u021bional \u201eVasile Alecsandri\u201d Ia\u0219i (\u00eencep\u00e2nd cu data de 14 octombrie) \u0219i \u0218coala Postliceal\u0103 Sanitar\u0103 \u201eAprendis\u201d Ia\u0219i (\u00eencep\u00e2nd cu 15 octombrie).<\/p>\n<p style=\"text-align: justify;\">\n<p style=\"text-align: justify;\">Cele dou\u0103 licee care revin de luni, 18 octombrie, la formatul de ore \u201efa\u021b\u0103 \u00een fa\u021b\u0103\u201d sunt\u00a0 Liceul Teoretic de Informatic\u0103 \u201eGrigore Moisil\u201d \u0219i Liceul teoretic \u201eDimitrie Cantemir\u201d.<\/p>\n<p style=\"text-align: justify;\">\n<p style=\"text-align: justify;\">Hot\u0103r\u00e2rea CJSU Ia\u0219i a fost luat\u0103 \u00een baza avizelor transmise de Inspectoratul \u0218colar Jude\u021bean \u0219i al Direc\u021biei de S\u0103n\u0103tate Public\u0103 Ia\u0219i, avize care au fost eliberate ca urmare a solicit\u0103rilor f\u0103cute de c\u0103tre consiliile de administra\u021bie ale celor dou\u0103 licee.<\/p>\n<p style=\"text-align: justify;\">\n<p style=\"text-align: justify;\">\u201eFunc\u021bionarea normal\u0103 a unit\u0103\u021bilor de \u00eenv\u0103\u021b\u0103m\u00e2nt, cu participarea elevilor \u00een s\u0103lile de clas\u0103, nu poate s\u0103 nu fie influen\u021bat\u0103 de evolu\u021bia pandemic\u0103. Acolo unde apar cazuri pozitive \u00een r\u00e2ndul elevilor sau a profesorilor, consiliile de administra\u021bie ale \u0219colilor decid dac\u0103 se trece la cursurile online sau nu, iar aceste decizii au \u00een spate \u0219i avize de la Inspectoratul \u0218colar Jude\u021bean \u0219i Direc\u021bia de S\u0103n\u0103tate Public\u0103.<\/p>\n<p style=\"text-align: justify;\">\n<p style=\"text-align: justify;\">Fiind o perioad\u0103 \u00een care num\u0103rul de cazuri pozitive este foarte mare, recomand p\u0103rin\u021bilor s\u0103 fie precau\u021bi, s\u0103 nu trimit\u0103 copiii la ore dac\u0103 prezint\u0103 simptome ale bolii. Acolo unde se poate, vaccinarea este solu\u021bia cea mai potrivit\u0103 \u0219i \u00eencurajez popula\u021bia s\u0103 se imunizeze\u201d, a declarat Marian Grigora\u015f, prefectul jude\u0163ului Ia\u015fi.<\/p>\n","protected":false},"excerpt":{"rendered":"<p>Conform Ordinului nr. 5.338 al ministrului educa\u021biei \u0219i al ministrului s\u0103n\u0103t\u0103\u021bii pentru aprobarea m\u0103surilor de&#8230; <a class=\"meta-more\" href=\"http:\/\/infois.ro\/?p=57978\">more <span class=\"meta-nav\">&raquo;<\/span><\/a><\/p>\n","protected":false},"author":2,"featured_media":57483,"comment_status":"closed","ping_status":"closed","sticky":false,"template":"","format":"standard","meta":{"footnotes":""},"categories":[12,41],"tags":[74,13025,5906,89,40,4622],"aioseo_notices":[],"_links":{"self":[{"href":"http:\/\/infois.ro\/index.php?rest_route=\/wp\/v2\/posts\/57978"}],"collection":[{"href":"http:\/\/infois.ro\/index.php?rest_route=\/wp\/v2\/posts"}],"about":[{"href":"http:\/\/infois.ro\/index.php?rest_route=\/wp\/v2\/types\/post"}],"author":[{"embeddable":true,"href":"http:\/\/infois.ro\/index.php?rest_route=\/wp\/v2\/users\/2"}],"replies":[{"embeddable":true,"href":"http:\/\/infois.ro\/index.php?rest_route=%2Fwp%2Fv2%2Fcomments&post=57978"}],"version-history":[{"count":1,"href":"http:\/\/infois.ro\/index.php?rest_route=\/wp\/v2\/posts\/57978\/revisions"}],"predecessor-version":[{"id":57979,"href":"http:\/\/infois.ro\/index.php?rest_route=\/wp\/v2\/posts\/57978\/revisions\/57979"}],"wp:featuredmedia":[{"embeddable":true,"href":"http:\/\/infois.ro\/index.php?rest_route=\/wp\/v2\/media\/57483"}],"wp:attachment":[{"href":"http:\/\/infois.ro\/index.php?rest_route=%2Fwp%2Fv2%2Fmedia&parent=57978"}],"wp:term":[{"taxonomy":"category","embeddable":true,"href":"http:\/\/infois.ro\/index.php?rest_route=%2Fwp%2Fv2%2Fcategories&post=57978"},{"taxonomy":"post_tag","embeddable":true,"href":"http:\/\/infois.ro\/index.php?rest_route=%2Fwp%2Fv2%2Ftags&post=57978"}],"curies":[{"name":"wp","href":"https:\/\/api.w.org\/{rel}","templated":true}]}}